{"id":15300,"date":"2025-03-26T13:49:41","date_gmt":"2025-03-26T16:49:41","guid":{"rendered":"https:\/\/13.com.ar\/index.php\/pampita-ardohain-se-cayo-repetidas-veces-en-pleno-desfile-y-asi-reacciono-el-publico\/"},"modified":"2025-03-26T13:49:41","modified_gmt":"2025-03-26T16:49:41","slug":"pampita-ardohain-se-cayo-repetidas-veces-en-pleno-desfile-y-asi-reacciono-el-publico","status":"publish","type":"post","link":"https:\/\/13.com.ar\/index.php\/pampita-ardohain-se-cayo-repetidas-veces-en-pleno-desfile-y-asi-reacciono-el-publico\/","title":{"rendered":"Pampita Ardohain se cay\u00f3 repetidas veces en pleno desfile y as\u00ed reaccion\u00f3 el p\u00fablico"},"content":{"rendered":"<p> <br \/>\n<br \/><img decoding=\"async\" src=\"https:\/\/13.com.ar\/wp-content\/uploads\/2025\/03\/Pampita-Ardohain-se-cayo-repetidas-veces-en-pleno-desfile-y.jpg\" \/><\/p>\n<div id=\"element-body-0\">\n<p><strong>Carolina &#8220;Pampita&#8221; Ardohain<\/strong> protagoniz\u00f3 un inc\u00f3modo momento durante un desfile en C\u00f3rdoba al <strong>tropezar varias veces<\/strong> durante la misma pasada. Sin embargo, la modelo logr\u00f3 reponerse r\u00e1pidamente y el <strong>p\u00fablico la ovacion\u00f3.<\/strong><\/p>\n<\/div>\n<div id=\"element-body-1\">\n<p>Pampita visit\u00f3 la provincia de C\u00f3rdoba para participar de un evento para dar consejos a los asistentes sobre vestimenta, moda, tendencias en maquillaje y cambios de imagen, pero no contaba con que<strong> sufrir\u00eda un percance<\/strong>.<\/p>\n<\/div>\n<div id=\"element-body-2\">\n<p>Cuando lleg\u00f3 el momento de realizar una pasada por la pasarela, la modelo que tiene <strong>m\u00e1s de 30 a\u00f1os de experiencia<\/strong>, tuvo un <strong>problema en uno de sus zapatos<\/strong> lo que la hizo caer al suelo.<\/p>\n<\/div>\n<div id=\"element-body-3\">\n<p>As\u00ed se pudo ver en un video que<strong> ella misma comparti\u00f3 en sus historias<\/strong> de Instagram, donde la siguen m\u00e1s de ocho millones de personas. <\/p>\n<\/div>\n<div id=\"element-body-4\">\n<p>En este contenido, se la puede apreciar a Carolina luciendo un pantal\u00f3n marr\u00f3n estilo <em>oxford<\/em> con una sencilla musculosa negra de sat\u00e9n, mientras desfilaba por la pasarela con la enorme sonrisa que la caracteriza.<\/p>\n<\/div>\n<div id=\"element-body-5\">\n<p>Hasta que en un momento, <strong>su pie derecho se dobla, lo que la hace caer al piso <\/strong>ante la mirada de todos los presentes que la estaban grabando con sus tel\u00e9fonos celulares.<\/p>\n<\/div>\n<div id=\"element-body-6\">\n<p><strong>Sin perder la sonrisa<\/strong>, la pampeana volvi\u00f3 a levantarse con la ayuda de una mujer y sigui\u00f3 desfilando como si nada hubiera pasado, aunque <strong>volvi\u00f3 a tropezarse, metros m\u00e1s adelante.<\/strong><\/p>\n<\/div>\n<div id=\"element-body-8\">\n<p>A pesar de esto, <strong>el p\u00fablico la ovacion\u00f3 con gritos y aplausos<\/strong> para evitar que decayera el \u00e1nimo de la famosa modelo.<\/p>\n<\/div>\n<div id=\"element-body-9\">\n<p>Al volver hacia la parte de atr\u00e1s del escenario, <strong>Carolina trastabill\u00f3 una vez m\u00e1s<\/strong> dejando en evidencia que el problema estaba en una de sus sandalias de taco alto que ten\u00eda puestas. <\/p>\n<\/div>\n<div id=\"element-body-11\">\n<p><strong>Lejos de avergonzarse <\/strong>por lo ocurrido en un desfile de C\u00f3rdoba, en el que se tropez\u00f3 varias veces, la modelo <strong>comparti\u00f3 el video<\/strong> y lo acompa\u00f1\u00f3 con una <strong>frase que refleja la ense\u00f1anza<\/strong> que le dej\u00f3 este amargo episodio.<\/p>\n<\/div>\n<div id=\"element-body-12\">\n<p>En su perfil de Instagram, Carolina public\u00f3 a trav\u00e9s de una historia el video de su ca\u00edda y lo acompa\u00f1\u00f3 con una frase <strong>a modo de reflexi\u00f3n.<\/strong><\/p>\n<\/div>\n<div id=\"element-body-14\">\n<p>&#8220;<strong>La vida te pone de rodillas y a veces la ca\u00edda es m\u00e1s dura de lo que te imaginas, pero t\u00fa te pones de pie, sigues adelante<\/strong> y vas s\u00f3lo un poco m\u00e1s all\u00e1&#8221;, escribi\u00f3 la conductora. <\/p>\n<\/div>\n<p><br \/>\n<br \/><a href=\"https:\/\/www.clarin.com\/fama\/pampita-ardohain-cayo-repetidas-veces-pleno-desfile-reacciono-publico_0_UtlroCjLhY.html\">Fuente Clarin.com <\/a><\/p>\n","protected":false},"excerpt":{"rendered":"<p>Carolina &#8220;Pampita&#8221; Ardohain protagoniz\u00f3 un inc\u00f3modo momento durante un desfile en C\u00f3rdoba al tropezar varias veces durante la misma pasada. Sin embargo, la modelo logr\u00f3 reponerse r\u00e1pidamente y el p\u00fablico la ovacion\u00f3. Pampita visit\u00f3 la provincia de C\u00f3rdoba para participar de un evento para dar consejos a los asistentes sobre vestimenta, moda, tendencias en maquillaje [&hellip;]<\/p>\n","protected":false},"author":1,"featured_media":15301,"comment_status":"open","ping_status":"open","sticky":false,"template":"","format":"standard","meta":{"footnotes":""},"categories":[2],"tags":[12378,789,1269,7937,7536,2247,641,8610,13778,834],"class_list":["post-15300","post","type-post","status-publish","format-standard","has-post-thumbnail","hentry","category-ultimas-noticias","tag-ardohain","tag-asi","tag-cayo","tag-desfile","tag-pampita","tag-pleno","tag-publico","tag-reacciono","tag-repetidas","tag-veces"],"_links":{"self":[{"href":"https:\/\/13.com.ar\/index.php\/wp-json\/wp\/v2\/posts\/15300","targetHints":{"allow":["GET"]}}],"collection":[{"href":"https:\/\/13.com.ar\/index.php\/wp-json\/wp\/v2\/posts"}],"about":[{"href":"https:\/\/13.com.ar\/index.php\/wp-json\/wp\/v2\/types\/post"}],"author":[{"embeddable":true,"href":"https:\/\/13.com.ar\/index.php\/wp-json\/wp\/v2\/users\/1"}],"replies":[{"embeddable":true,"href":"https:\/\/13.com.ar\/index.php\/wp-json\/wp\/v2\/comments?post=15300"}],"version-history":[{"count":0,"href":"https:\/\/13.com.ar\/index.php\/wp-json\/wp\/v2\/posts\/15300\/revisions"}],"wp:featuredmedia":[{"embeddable":true,"href":"https:\/\/13.com.ar\/index.php\/wp-json\/wp\/v2\/media\/15301"}],"wp:attachment":[{"href":"https:\/\/13.com.ar\/index.php\/wp-json\/wp\/v2\/media?parent=15300"}],"wp:term":[{"taxonomy":"category","embeddable":true,"href":"https:\/\/13.com.ar\/index.php\/wp-json\/wp\/v2\/categories?post=15300"},{"taxonomy":"post_tag","embeddable":true,"href":"https:\/\/13.com.ar\/index.php\/wp-json\/wp\/v2\/tags?post=15300"}],"curies":[{"name":"wp","href":"https:\/\/api.w.org\/{rel}","templated":true}]}}