{"id":15291,"date":"2025-03-26T13:22:31","date_gmt":"2025-03-26T16:22:31","guid":{"rendered":"https:\/\/13.com.ar\/index.php\/reclamos-por-presupuesto-y-perdida-de-poder-de-los-jueces-que-mira-la-politica\/"},"modified":"2025-03-26T13:22:31","modified_gmt":"2025-03-26T16:22:31","slug":"reclamos-por-presupuesto-y-perdida-de-poder-de-los-jueces-que-mira-la-politica","status":"publish","type":"post","link":"https:\/\/13.com.ar\/index.php\/reclamos-por-presupuesto-y-perdida-de-poder-de-los-jueces-que-mira-la-politica\/","title":{"rendered":"reclamos por presupuesto y p\u00e9rdida de poder de los jueces que mira la pol\u00edtica"},"content":{"rendered":"<p> <br \/>\n<br \/><img decoding=\"async\" src=\"https:\/\/13.com.ar\/wp-content\/uploads\/2025\/03\/reclamos-por-presupuesto-y-perdida-de-poder-de-los-jueces.jpg\" \/><\/p>\n<div id=\"element-body-0\">\n<p>El sistema procesal acusatorio, que <strong>otorga el m\u00e1ximo poder sobre las investigaciones a los fiscales<\/strong>, llegar\u00e1 a Comodoro Py, donde funcionan los tribunales federales que la pol\u00edtica mir\u00e1 con particular atenci\u00f3n. El 11 de agosto es la fecha que el ministerio de Justicia que dirige Mariano C\u00faneo Libarona inform\u00f3 para la implementaci\u00f3n de esta modalidad, que transformar\u00e1 el rol de los hasta ahora poderosos jueces de instrucci\u00f3n.\u201cPasar\u00e1n a ser jueces de garant\u00edas, que <strong>garantizar\u00e1n la legalidad del proceso pero ya no conducir\u00e1n<\/strong>\u201d, se\u00f1alaron fuentes judiciales a <strong>Clar\u00edn.<\/strong><\/p>\n<\/div>\n<div id=\"element-body-1\">\n<p>El sistema acusatorio reemplaza al adversarial, que todav\u00eda rige en la mayor\u00eda de las jurisdicciones de nuestro pa\u00eds. Pone al frente del procesos de investigaci\u00f3n a los fiscales. Ahora, los jueces dirigen el proceso y toman las decisiones. Otra de las particularidades del nuevo sistema es<strong> la oralidad en todo el transcurso del caso<\/strong>, lo que le dar\u00eda mayor celeridad a los expedientes.<\/p>\n<\/div>\n<div id=\"element-body-2\">\n<p>Este sistema rige en Salta y Jujuy desde la gesti\u00f3n del ex presidente Mauricio Macri. El gobierno de La Libertad Avanza lo implement\u00f3 en otros distritos, llegando ahora a doce provincias.<\/p>\n<\/div>\n<div id=\"element-body-3\">\n<p>El Ministerio de Justicia inform\u00f3 esta semana al presidente de la C\u00e1mara Federal de Apelaciones -Mariano Llorens-, que el 11 de agosto se implementar\u00e1 el sistema acusatorio en los tribunales de Retiro.<\/p>\n<\/div>\n<div id=\"element-body-5\">\n<p>Respecto de esa decisi\u00f3n, fuentes de la Procuraci\u00f3n General de la Naci\u00f3n -que conduce a todos los fiscales cuyo rol cambiar\u00e1 dram\u00e1ticamente- expresaron: \u201cLa implementaci\u00f3n del sistema acusatorio en Comodoro Py <strong>plantea todo un desaf\u00edo desde lo cultural, hist\u00f3rico y en cuanto a recursos<\/strong>\u201d.<\/p>\n<\/div>\n<div id=\"element-body-6\">\n<p>Sin dejar de lado los reclamos formulados por el procurador Eduardo Casal, desde esa oficina a\u00f1adieron: \u201cNo se trata del mismo proceso que empez\u00f3 all\u00e1 en el 2019 y que exitosamente viene llevando adelante el sistema de justicia, con una Corte con cimbronazos y cambios de integraci\u00f3n, con un Consejo de la Magistratura que tambi\u00e9n ha sufrido cambios y, sobre todo, con un Procurador interino que ha sabido llevar adelante ese proceso que afecta principalmente a su organismo, <strong>sin los recursos suficientes y sin el respaldo pol\u00edtico que debiera tener<\/strong>, ya que todos los gobiernos tuvieron y tienen otros candidatos pero cargan las responsabilidades de ese cambio estructural en sus espaldas\u201d.<\/p>\n<\/div>\n<div id=\"element-body-7\">\n<p>La Procuraci\u00f3n ya manifest\u00f3 en reiteradas notas la preocupaci\u00f3n frente a los anuncios del Gobierno sobre una implementaci\u00f3n simult\u00e1nea del sistema acusatorio. \u201cEstamos hablando de un sistema que modifica la actual forma de llevar adelante los procesos y que <strong>requiere de mayores instalaciones para las permanentes audiencias, y de los recursos humanos necesarios para esa tarea<\/strong>\u201d, se\u00f1alaron fuentes judiciales, sin ocultar la inquietud. La mirada sigue pos\u00e1ndose sobre la inversi\u00f3n que este sistema requiere para cumplir con los objetivos trazados.<\/p>\n<\/div>\n<div id=\"element-body-8\">\n<p>La falta de recursos tecnol\u00f3gicos -hab\u00eda escrito Casal- \u201climita significativamente el potencial de la herramienta y <strong>afecta la calidad y celeridad<\/strong> que le podr\u00eda aportar a las investigaciones penales\u201d.<\/p>\n<\/div>\n<div id=\"element-body-9\">\n<p>El mismo funcionario judicial de la Procuraci\u00f3n que habl\u00f3 con <strong>Clar\u00edn <\/strong>enfatiz\u00f3 que \u201ccon <strong>una desproporci\u00f3n gigantesca entre los recursos humanos<\/strong> que tiene el Poder Judicial frente a los fiscales que ahora tienen que asumir el desaf\u00edo de llevar adelante las investigaciones m\u00e1s complejas y cr\u00edticas de la Argentina,<strong> sin tiempo<\/strong>, sin certezas, con <strong>m\u00faltiples vacantes que cubrir<\/strong> y con grandes juicios que est\u00e1n en curso, va a ser muy dif\u00edcil\u201d.<\/p>\n<\/div>\n<div id=\"element-body-10\">\n<p>El cambio de paradigma impacta de lleno en los doce juzgados de instrucci\u00f3n, que es donde inician las investigaciones penales por corrupci\u00f3n de los funcionarios nacionales. Aunque a la fecha, cuatro de ellos se encuentran vacantes.<\/p>\n<\/div>\n<div id=\"element-body-11\">\n<p>\u201cHay un p\u00e9rdida de poder real de los jueces de instrucci\u00f3n y de los jueces de juicio, de los Tribunales Orales Federales\u201d, explic\u00f3 a <strong>Clar\u00edn<\/strong> un funcionario judicial que sigue de cerca la implementaci\u00f3n del sistema acusatorio.<\/p>\n<\/div>\n<div id=\"element-body-13\">\n<p>Con el nuevo sistema procesal, los fiscales ser\u00e1n los responsables de colectar las pruebas para formular las acusaciones pertinentes y<strong> llevar a los imputados a la instancia del juicio oral y p\u00fablico<\/strong> para concluir all\u00ed, el proceso penal.<\/p>\n<\/div>\n<div id=\"element-body-14\">\n<p>A la fecha existe una Oficina judicial que maneja y distribuye todos los casos que ingresan a Comodoro Py, pero desde agosto <strong>todo ingresar\u00e1 a trav\u00e9s del Ministerio P\u00fablico Fiscal, \u201clo que demandar\u00e1 un mayor coordinaci\u00f3n con los fiscales\u201d<\/strong>, se\u00f1al\u00f3 una fuente judicial.<\/p>\n<\/div>\n<div id=\"element-body-15\">\n<p>\u201cS\u00f3lo se sortear\u00e1n los jueces de revisi\u00f3n, que lo har\u00e1n los jueces de garant\u00edas cuando eleven las apelaciones, lo que implica que <strong>los jueces dejan de dictar \u201cprocesamientos\u201d, ser\u00e1n garantes del proceso que lleva la fiscal\u00eda adelante<\/strong>\u201d, dijo una fuente oficial que interviene en la implementaci\u00f3n del sistema acusatorio.<\/p>\n<\/div>\n<div id=\"element-body-16\">\n<p><strong>Los cambios tambi\u00e9n llegan a los Tribunales Orales de Juicio<\/strong>. Seg\u00fan las explicaciones brindadas por quienes llevan adelante el proceso de implementaci\u00f3n, <strong>los jueces de esta instancia \u201cvan a tener menos intervenci\u00f3n,<\/strong> porque s\u00f3lo lo har\u00e1n cuando hay contradicci\u00f3n en lis planteos\u201d.<\/p>\n<\/div>\n<div id=\"element-body-17\">\n<p>Ser\u00e1 la actual C\u00e1mara Federal de Apelaciones porte\u00f1a la que- en una ampliaci\u00f3n de sus funciones- decidir\u00e1 aquello que ir\u00e1 a juicio y lo que no. \u201cEso incluye determinar <strong>con qu\u00e9 medidas de prueba de va al debate oral<\/strong>\u201d, explic\u00f3 un juez de C\u00e1mara a <strong>Clar\u00edn<\/strong>.<\/p>\n<\/div>\n<div id=\"element-body-18\">\n<p>Fuentes judiciales plantearon su nivel de <strong>preocupaci\u00f3n<\/strong> por el anuncio del gobierno, que sorprendi\u00f3 a m\u00e1s de uno. Desde Comodoro Py hablaron de \u201cdiversos motivos para <strong>la implementaci\u00f3n apresurada<\/strong> del sistema acusatorio en los Tribunales de Retiro\u201d. Mencionaron desde \u201cla campa\u00f1a electoral&#8221; hasta &#8220;mandar un mensaje a la justicia&#8221; o forzar &#8220;un cambio de ministro&#8221;.<\/p>\n<\/div>\n<p><br \/>\n<br \/><a href=\"https:\/\/www.clarin.com\/politica\/conmocion-comodoro-py-cambios-anuncio-gobierno-reclamos-presupuesto-perdida-poder-jueces-mira-politica_0_6h7OrOup02.html\">Fuente Clarin.com <\/a><\/p>\n","protected":false},"excerpt":{"rendered":"<p>El sistema procesal acusatorio, que otorga el m\u00e1ximo poder sobre las investigaciones a los fiscales, llegar\u00e1 a Comodoro Py, donde funcionan los tribunales federales que la pol\u00edtica mir\u00e1 con particular atenci\u00f3n. El 11 de agosto es la fecha que el ministerio de Justicia que dirige Mariano C\u00faneo Libarona inform\u00f3 para la implementaci\u00f3n de esta modalidad, [&hellip;]<\/p>\n","protected":false},"author":1,"featured_media":15292,"comment_status":"open","ping_status":"open","sticky":false,"template":"","format":"standard","meta":{"footnotes":""},"categories":[2],"tags":[6557,28,951,3216,2140,208,142,1619,3241],"class_list":["post-15291","post","type-post","status-publish","format-standard","has-post-thumbnail","hentry","category-ultimas-noticias","tag-jueces","tag-los","tag-mira","tag-perdida","tag-poder","tag-politica","tag-por","tag-presupuesto","tag-reclamos"],"_links":{"self":[{"href":"https:\/\/13.com.ar\/index.php\/wp-json\/wp\/v2\/posts\/15291","targetHints":{"allow":["GET"]}}],"collection":[{"href":"https:\/\/13.com.ar\/index.php\/wp-json\/wp\/v2\/posts"}],"about":[{"href":"https:\/\/13.com.ar\/index.php\/wp-json\/wp\/v2\/types\/post"}],"author":[{"embeddable":true,"href":"https:\/\/13.com.ar\/index.php\/wp-json\/wp\/v2\/users\/1"}],"replies":[{"embeddable":true,"href":"https:\/\/13.com.ar\/index.php\/wp-json\/wp\/v2\/comments?post=15291"}],"version-history":[{"count":0,"href":"https:\/\/13.com.ar\/index.php\/wp-json\/wp\/v2\/posts\/15291\/revisions"}],"wp:featuredmedia":[{"embeddable":true,"href":"https:\/\/13.com.ar\/index.php\/wp-json\/wp\/v2\/media\/15292"}],"wp:attachment":[{"href":"https:\/\/13.com.ar\/index.php\/wp-json\/wp\/v2\/media?parent=15291"}],"wp:term":[{"taxonomy":"category","embeddable":true,"href":"https:\/\/13.com.ar\/index.php\/wp-json\/wp\/v2\/categories?post=15291"},{"taxonomy":"post_tag","embeddable":true,"href":"https:\/\/13.com.ar\/index.php\/wp-json\/wp\/v2\/tags?post=15291"}],"curies":[{"name":"wp","href":"https:\/\/api.w.org\/{rel}","templated":true}]}}