{"id":1525,"date":"2025-02-03T06:45:04","date_gmt":"2025-02-03T09:45:04","guid":{"rendered":"https:\/\/13.com.ar\/index.php\/cuales-son-los-recorridos-las-etapas-y-cuando-es-la-carrera-mas-importante-de-ciclismo-mundial\/"},"modified":"2025-02-03T06:45:04","modified_gmt":"2025-02-03T09:45:04","slug":"cuales-son-los-recorridos-las-etapas-y-cuando-es-la-carrera-mas-importante-de-ciclismo-mundial","status":"publish","type":"post","link":"https:\/\/13.com.ar\/index.php\/cuales-son-los-recorridos-las-etapas-y-cuando-es-la-carrera-mas-importante-de-ciclismo-mundial\/","title":{"rendered":"cu\u00e1les son los recorridos, las etapas y cu\u00e1ndo es la carrera m\u00e1s importante de ciclismo mundial"},"content":{"rendered":"<p> <br \/>\n<\/p>\n<div id=\"cuerpo\">\n<div class=\"sc-80531b6b-0 chRIGJ container-text text-embed\">\n<p>La cita del ciclismo m\u00e1s famosa del mundo tuvo como origen una original campa\u00f1a publicitaria de un peri\u00f3dico deportivo llamado <em>L\u00b4Auto<\/em>, antecesor de la famosa <em>L\u00b4Equipe<\/em>, en <strong>1903<\/strong>. Entonces, sus due\u00f1os pensaron en promocionarlo mediante una carrera que recorriera gran parte de Francia.<\/p>\n<\/div>\n<div class=\"sc-80531b6b-0 chRIGJ container-text text-embed\">\n<p>Es primer a\u00f1o el <strong>Tour de Francia<\/strong> abarcaba seis etapas a lo largo de 2.428 km y de carreteras escabrosas, sin asfaltar. La competencia era individual y el primer ganador fue Maurice Garin, un deshollinador que obtuvo un premio equivalente a 12.000 \u20ac.<\/p>\n<\/div>\n<div class=\"sc-4306f4f9-0 bAPCpp\">\n<div class=\"inner-card-m\">\n<div class=\"related-content\">\n<p><span class=\"body-title\">Mir\u00e1 tambi\u00e9n<\/span><\/p>\n<h3>Todo lo que hay que saber del calendario deportivo 2025: del Mundial de Clubes con Boca y River al Maligno Torres en Arabia Saudita<\/h3>\n<source media=\"(min-width: 975px)\" width=\"340\" height=\"340\" \/><img alt=\"Todo lo que hay que saber del calendario deportivo 2025: del Mundial de Clubes con Boca y River al Maligno Torres en Arabia Saudita\" loading=\"lazy\" width=\"340\" height=\"340\" decoding=\"async\" data-nimg=\"1\" style=\"color:transparent\" src=\"https:\/\/13.com.ar\/wp-content\/uploads\/2025\/02\/cuales-son-los-recorridos-las-etapas-y-cuando-es-la.jpg\"\/><\/div>\n<\/div>\n<\/div>\n<div class=\"sc-80531b6b-0 chRIGJ container-text text-embed\">\n<p>En m\u00e1s de un siglo, las cosas han cambiado bastante. El a\u00f1o pasado, los equipos de ciclistas recorrieron <strong>3.492 km en 21 etapas<\/strong>, entre Florencia (Italia) y Niza. El l\u00edder general del Tour recibi\u00f3 medio mill\u00f3n de euros.<\/p>\n<\/div>\n<div class=\"sc-80531b6b-0 chRIGJ container-text text-embed\">\n<p>La convocatoria es enorme: entre 10 y 12 millones de personas lo ven en vivo y en directo <strong>apostados a los lados de las carreteras<\/strong> que atraviesan los ciclistas y m\u00e1s de 2.000 millones los siguen por televisi\u00f3n.<\/p>\n<\/div>\n<div class=\"sc-80531b6b-0 chRIGJ container-text text-embed\">\n<p>En <strong>julio de 2025<\/strong>, los ciclistas volver\u00e1n a competir para superar 21 etapas que culminar\u00e1n en los Campos El\u00edseos, en Par\u00eds.<\/p>\n<\/div>\n<p><h2>Tour de Francia 2025: todo lo que ten\u00e9s que saber<\/h2>\n<\/p>\n<div class=\"sc-198be8ec-0 cynXbu image-embed  image-embed \"><picture class=\"sc-198be8ec-1 kOjRiQ\"><source media=\"(min-width: 975px)\" width=\"2000\" height=\"1500\" \/><img alt=\"Matin fue el primer punto del Tour de Francia que se inicio en 1903. Foto: AFP\/Jean Pierre Muller.\" loading=\"lazy\" width=\"2000\" height=\"1500\" decoding=\"async\" data-nimg=\"1\" style=\"color:transparent\" src=\"https:\/\/13.com.ar\/wp-content\/uploads\/2025\/02\/1738575904_19_cuales-son-los-recorridos-las-etapas-y-cuando-es-la.jpg\"\/><span class=\"epigraphe\">Matin fue el primer punto del Tour de Francia que se inicio en 1903. Foto: AFP\/Jean Pierre Muller.<\/span><span class=\"bkg\"\/><span class=\"picture-open\"><button class=\"open-image\" aria-label=\"Open Image\"\/><\/span><\/picture><\/div>\n<div class=\"sc-80531b6b-0 chRIGJ container-text text-embed\">\n<p>Volviendo a la historia, cabe destacar que <strong>Henri Desgrange, flamante editor de L\u00b4Auto<\/strong>, era promotor de ciclismo y dirigi\u00f3 un vel\u00f3dromo. En enero de 1903 anunci\u00f3 la carrera donde los participantes no ten\u00edan ning\u00fan tipo de asistencia. Solo hubo 15 inscritos en la primera convocatoria, pero Desgrange aument\u00f3 el premio y logr\u00f3 que, al final, participaran 60.<\/p>\n<\/div>\n<div class=\"sc-80531b6b-0 chRIGJ container-text text-embed\">\n<p>Solo <strong>21 de los 60 eran ciclistas profesionales<\/strong>, la mayor\u00eda era desempleados y aventureros, \u00e1vidos por ganar el premio. La carrera fue un \u00e9xito porque cientos de miles de aficionados salieron a la calle para animar a los competidores. La revista vendi\u00f3 much\u00edsimos ejemplares y, al final, hizo quebrar a su competencia, <em>Le V\u00e9lo<\/em>.<\/p>\n<\/div>\n<div class=\"sc-4306f4f9-0 bAPCpp\">\n<div class=\"inner-card-m\">\n<div class=\"related-content\">\n<p><span class=\"body-title\">Mir\u00e1 tambi\u00e9n<\/span><\/p>\n<h3>Tour de Francia: Tadej Pogacar y su fastuosa bicicleta de 23 mil euros con la que busca acabar con el reinado de Jonas Vingegaard<\/h3>\n<source media=\"(min-width: 975px)\" width=\"340\" height=\"340\" \/><img alt=\"Tour de Francia: Tadej Pogacar y su fastuosa bicicleta de 23 mil euros con la que busca acabar con el reinado de Jonas Vingegaard\" loading=\"lazy\" width=\"340\" height=\"340\" decoding=\"async\" data-nimg=\"1\" style=\"color:transparent\" src=\"https:\/\/13.com.ar\/wp-content\/uploads\/2025\/02\/1738575904_881_cuales-son-los-recorridos-las-etapas-y-cuando-es-la.jpg\"\/><\/div>\n<\/div>\n<\/div>\n<div class=\"sc-80531b6b-0 chRIGJ container-text text-embed\">\n<p>Ahora, la competencia es <strong>por equipos<\/strong> y el recorrido abarca sectores llanos, de media monta\u00f1a y de monta\u00f1a. Tambi\u00e9n lugares donde pueden lucirse los sprinters, eficaces a alta velocidad.<\/p>\n<\/div>\n<p><h2>Cu\u00e1ndo es el Tour de Francia 2025<\/h2>\n<\/p>\n<div class=\"sc-80531b6b-0 chRIGJ container-text text-embed\">\n<p>Este a\u00f1o, el Tour <strong>comenzar\u00e1 en Lille, el 5 de julio, y terminar\u00e1 en los Campos El\u00edseos, de Par\u00eds, el 16 de julio.<\/strong> A diferencia del a\u00f1o anterior solo abarcar\u00e1 territorio franc\u00e9s. Aqu\u00ed, el detalle de sus 21 etapas.<\/p>\n<\/div>\n<p><h2>Cu\u00e1les son las 21 etapas del Tour de Francia 2025<\/h2>\n<\/p>\n<div class=\"sc-80531b6b-0 chRIGJ container-text text-embed\">\n<ul>\n<li><strong>Etapa 1<\/strong> <strong>(185 km).<\/strong> Lille M\u00e9tropole-Lille M\u00e9tropole<\/li>\n<li><strong>Etapa 2 (212 km).<\/strong> Lauwin-Planque-Boulogne-sur-Mer<\/li>\n<li><strong>Etapa 3 (178 km).<\/strong> Valenciennes-Dunkerque<\/li>\n<li><strong>Etapa 4 (173 km).<\/strong> Amiens M\u00e9tropole-Rouen<\/li>\n<li><strong>Etapa 5 (33 km). <\/strong>Caen-Caen<\/li>\n<li><strong>Etapa 6 (201 km). <\/strong>Bayeux-Vire Normandie<\/li>\n<li><strong>Etapa 7 (194 km).<\/strong> Saint-Malo-M\u00fbr-de-Bretagne Guerl\u00e9dan<\/li>\n<\/ul>\n<\/div>\n<div class=\"sc-198be8ec-0 cynXbu image-embed  image-embed \"><picture class=\"sc-198be8ec-1 kOjRiQ\"><source media=\"(min-width: 975px)\" width=\"2000\" height=\"1500\" \/><img alt=\"Son 21 etapas. En 2025 comienza en Lille y finaliza en Champs-\u00c9lys\u00e9es, Par\u00eds. Foto: AFP\/Alain Jocard.\" loading=\"lazy\" width=\"2000\" height=\"1500\" decoding=\"async\" data-nimg=\"1\" style=\"color:transparent\" src=\"https:\/\/13.com.ar\/wp-content\/uploads\/2025\/02\/1738575904_447_cuales-son-los-recorridos-las-etapas-y-cuando-es-la.jpg\"\/><span class=\"epigraphe\">Son 21 etapas. En 2025 comienza en Lille y finaliza en Champs-\u00c9lys\u00e9es, Par\u00eds. Foto: AFP\/Alain Jocard.<\/span><span class=\"bkg\"\/><span class=\"picture-open\"><button class=\"open-image\" aria-label=\"Open Image\"\/><\/span><\/picture><\/div>\n<div class=\"sc-80531b6b-0 chRIGJ container-text text-embed\">\n<ul>\n<li><strong>Etapa 8 (174 km). <\/strong>Saint-M\u00e9en-le-Grand-Laval Espace Mayenne<\/li>\n<li><strong>Etapa 9 (170 km). <\/strong>Chinon-Ch\u00e2teauroux<\/li>\n<li><strong>Etapa 10 (163 km). <\/strong>Ennezat-Le Mont-Dore Puy de Sancy<\/li>\n<li><strong>Descanso:<\/strong> Toulouse<\/li>\n<li><strong>Etapa 11 (154 km). <\/strong>Toulouse-Toulouse<\/li>\n<li><strong>Etapa 12 (181 km). <\/strong>Auch-Hautacam<\/li>\n<li><strong>Etapa 13 (11 km).<\/strong> Loudenvielle-Peyragudes<\/li>\n<li><strong>Etapa 14 (183 km).<\/strong> Pau-Luchon-Superbagn\u00e8res<\/li>\n<\/ul>\n<\/div>\n<div class=\"sc-198be8ec-0 cynXbu image-embed  image-embed \"><picture class=\"sc-198be8ec-1 kOjRiQ\"><source media=\"(min-width: 975px)\" width=\"2000\" height=\"1500\" \/><img alt=\"Programaci\u00f3n, calendario y etapas del Tour de Francia 2025. EFE\" loading=\"lazy\" width=\"2000\" height=\"1500\" decoding=\"async\" data-nimg=\"1\" style=\"color:transparent\" src=\"https:\/\/13.com.ar\/wp-content\/uploads\/2025\/02\/1738575904_967_cuales-son-los-recorridos-las-etapas-y-cuando-es-la.jpg\"\/><span class=\"epigraphe\">Programaci\u00f3n, calendario y etapas del Tour de Francia 2025. EFE<\/span><span class=\"bkg\"\/><span class=\"picture-open\"><button class=\"open-image\" aria-label=\"Open Image\"\/><\/span><\/picture><\/div>\n<div class=\"sc-80531b6b-0 chRIGJ container-text text-embed\">\n<ul>\n<li><strong>Etapa 15 (169 km).<\/strong> Muret-Carcassonne<\/li>\n<li><strong>Descanso:<\/strong> Montpellier<\/li>\n<li><strong>Etapa 16 (172 km). <\/strong>Montpellier-Mont Ventoux<\/li>\n<li><strong>Etapa 17 (161 km).<\/strong> Boll\u00e8ne-Valence<\/li>\n<li><strong>Etapa 18 (171 km). <\/strong>Vif-Courchevel Col de la Loze<\/li>\n<li><strong>Etapa 19 (130 km).<\/strong> Albertville-La Plagne<\/li>\n<li><strong>Etapa 20 (185 km). <\/strong>Nantua-Pontarlier<\/li>\n<li><strong>Etapa 21 (120 km). <\/strong>Mantes-la-VilleParis Champs-\u00c9lys\u00e9es<\/li>\n<\/ul>\n<\/div>\n<\/div>\n<p><br \/>\n<br \/><a href=\"https:\/\/www.clarin.com\/deportes\/tour-francia-2025-recorridos-etapas-carrera-importante-ciclismo-mundial_0_G2ZwttBwem.html\">Fuente Clarin.com <\/a><\/p>\n","protected":false},"excerpt":{"rendered":"<p>La cita del ciclismo m\u00e1s famosa del mundo tuvo como origen una original campa\u00f1a publicitaria de un peri\u00f3dico deportivo llamado L\u00b4Auto, antecesor de la famosa L\u00b4Equipe, en 1903. Entonces, sus due\u00f1os pensaron en promocionarlo mediante una carrera que recorriera gran parte de Francia. Es primer a\u00f1o el Tour de Francia abarcaba seis etapas a lo [&hellip;]<\/p>\n","protected":false},"author":1,"featured_media":1526,"comment_status":"open","ping_status":"open","sticky":false,"template":"","format":"standard","meta":{"footnotes":""},"categories":[2],"tags":[604,3188,224,677,3187,658,48,28,155,1612,3186,406],"class_list":["post-1525","post","type-post","status-publish","format-standard","has-post-thumbnail","hentry","category-ultimas-noticias","tag-carrera","tag-ciclismo","tag-cuales","tag-cuando","tag-etapas","tag-importante","tag-las","tag-los","tag-mas","tag-mundial","tag-recorridos","tag-son"],"_links":{"self":[{"href":"https:\/\/13.com.ar\/index.php\/wp-json\/wp\/v2\/posts\/1525","targetHints":{"allow":["GET"]}}],"collection":[{"href":"https:\/\/13.com.ar\/index.php\/wp-json\/wp\/v2\/posts"}],"about":[{"href":"https:\/\/13.com.ar\/index.php\/wp-json\/wp\/v2\/types\/post"}],"author":[{"embeddable":true,"href":"https:\/\/13.com.ar\/index.php\/wp-json\/wp\/v2\/users\/1"}],"replies":[{"embeddable":true,"href":"https:\/\/13.com.ar\/index.php\/wp-json\/wp\/v2\/comments?post=1525"}],"version-history":[{"count":0,"href":"https:\/\/13.com.ar\/index.php\/wp-json\/wp\/v2\/posts\/1525\/revisions"}],"wp:featuredmedia":[{"embeddable":true,"href":"https:\/\/13.com.ar\/index.php\/wp-json\/wp\/v2\/media\/1526"}],"wp:attachment":[{"href":"https:\/\/13.com.ar\/index.php\/wp-json\/wp\/v2\/media?parent=1525"}],"wp:term":[{"taxonomy":"category","embeddable":true,"href":"https:\/\/13.com.ar\/index.php\/wp-json\/wp\/v2\/categories?post=1525"},{"taxonomy":"post_tag","embeddable":true,"href":"https:\/\/13.com.ar\/index.php\/wp-json\/wp\/v2\/tags?post=1525"}],"curies":[{"name":"wp","href":"https:\/\/api.w.org\/{rel}","templated":true}]}}