{"id":15244,"date":"2025-03-26T11:45:39","date_gmt":"2025-03-26T14:45:39","guid":{"rendered":"https:\/\/13.com.ar\/index.php\/estan-liquidados-y-hacen-ruido-para-mostrar-que-estan-vivos\/"},"modified":"2025-03-26T11:45:39","modified_gmt":"2025-03-26T14:45:39","slug":"estan-liquidados-y-hacen-ruido-para-mostrar-que-estan-vivos","status":"publish","type":"post","link":"https:\/\/13.com.ar\/index.php\/estan-liquidados-y-hacen-ruido-para-mostrar-que-estan-vivos\/","title":{"rendered":"Est\u00e1n liquidados y hacen ruido para mostrar que est\u00e1n vivos"},"content":{"rendered":"<p> <br \/>\n<br \/><img decoding=\"async\" src=\"https:\/\/13.com.ar\/wp-content\/uploads\/2025\/03\/Estan-liquidados-y-hacen-ruido-para-mostrar-que-estan-vivos.jpg\" \/><\/p>\n<div id=\"element-body-0\">\n<p>Al d\u00eda siguiente de que barras de las hinchadas de Estudiantes y Gimnasia se enfrentaron en la puerta del Hospital San Roque de Gonnet, el l\u00edder de la Uocra en La Plata, <strong>Iv\u00e1n Tobar<\/strong>, intent\u00f3 desligarse de lo sucedido, dijo no haber reconocido a los agresores porque estaban &#8220;todos tapados&#8221; y pidi\u00f3 que &#8220;pague el que tenga que pagar&#8221;. Adem\u00e1s apunt\u00f3 al clan Medina, con el que est\u00e1 enfrentado.<\/p>\n<\/div>\n<div id=\"element-body-1\">\n<p>&#8220;<strong>No vi a nadie, estaban todos tapados <\/strong>y no s\u00e9 si eran de este lado o del otro con el quilombo que se arm\u00f3&#8221;, respondi\u00f3 al ser consultado acerca de si logr\u00f3 identificar alg\u00fan barrabrava de Estudiantes en el enfrentamiento. Tobar es asociado al grupo que maneja la tribuna del &#8220;Pincha&#8221;, aunque \u00e9l insisti\u00f3 en que s\u00f3lo hincha del club.<\/p>\n<\/div>\n<div id=\"element-body-2\">\n<p>En esa l\u00ednea, el l\u00edder de la Uocra platense destac\u00f3: &#8220;Hay un video en el que se tiran palos de un lado y el otro. Se pelearon, no est\u00e1 bueno. Por eso <strong>que lo investigue la Justicia y pague el que tenga que pagar&#8221;.<\/strong><\/p>\n<\/div>\n<div id=\"element-body-3\">\n<p>&#8220;No los vi. Tampoco me interesa lo que haga Estudiantes y Gimnasia. Me interesa lo que le corresponde a cada compa\u00f1ero trabajador&#8221;, argument\u00f3 el referente de la barra de Estudiantes.<\/p>\n<\/div>\n<div id=\"element-body-4\">\n<p>En declaraciones a LN+, Tobar dispar\u00f3 contra el clan que encabeza el ex l\u00edder de la Uocra Juan Pablo &#8220;Pata&#8221; Medina: &#8220;<strong>Los Medina est\u00e1n afuera del sistema y aparecieron ahora<\/strong> despu\u00e9s de 8 meses de que le dan un tiro en la cara al hijo de una compa\u00f1era. Ah\u00ed desaparecieron, se metieron en el freezer, fueron en cana 10 o 15 d\u00edas. Que la Justicia estudie eso porque no podes pegarle un tiro a una persona y estar como si nada en tu casa&#8221;.<\/p>\n<\/div>\n<div id=\"element-body-5\">\n<p>&#8220;Al que le sirve todo este quilombo&#8230;Nosotros estamos lejos. No nos interesa la pelea, nos interesa el plato de comida de cada compa\u00f1ero, las desocupaciones, el hambre que se est\u00e1 viviendo a nivel pa\u00eds. <strong>Esta gente necesita el ruido para decir estamos vivos y ver qu\u00e9 pueden sacar. As\u00ed opera el clan Medina<\/strong>, est\u00e1 en todas las causas&#8221;, arremeti\u00f3.<\/p>\n<\/div>\n<p><br \/>\n<br \/><a href=\"https:\/\/www.clarin.com\/politica\/lider-uocra-plata-intento-desligarse-batalla-barras-apunto-clan-medina-liquidados-hacen-ruido-mostrar-vivos_0_UUJnknJHUk.html\">Fuente Clarin.com <\/a><\/p>\n","protected":false},"excerpt":{"rendered":"<p>Al d\u00eda siguiente de que barras de las hinchadas de Estudiantes y Gimnasia se enfrentaron en la puerta del Hospital San Roque de Gonnet, el l\u00edder de la Uocra en La Plata, Iv\u00e1n Tobar, intent\u00f3 desligarse de lo sucedido, dijo no haber reconocido a los agresores porque estaban &#8220;todos tapados&#8221; y pidi\u00f3 que &#8220;pague el [&hellip;]<\/p>\n","protected":false},"author":1,"featured_media":15245,"comment_status":"open","ping_status":"open","sticky":false,"template":"","format":"standard","meta":{"footnotes":""},"categories":[2],"tags":[2376,913,13754,4839,16,7916,12336],"class_list":["post-15244","post","type-post","status-publish","format-standard","has-post-thumbnail","hentry","category-ultimas-noticias","tag-estan","tag-hacen","tag-liquidados","tag-mostrar","tag-para","tag-ruido","tag-vivos"],"_links":{"self":[{"href":"https:\/\/13.com.ar\/index.php\/wp-json\/wp\/v2\/posts\/15244","targetHints":{"allow":["GET"]}}],"collection":[{"href":"https:\/\/13.com.ar\/index.php\/wp-json\/wp\/v2\/posts"}],"about":[{"href":"https:\/\/13.com.ar\/index.php\/wp-json\/wp\/v2\/types\/post"}],"author":[{"embeddable":true,"href":"https:\/\/13.com.ar\/index.php\/wp-json\/wp\/v2\/users\/1"}],"replies":[{"embeddable":true,"href":"https:\/\/13.com.ar\/index.php\/wp-json\/wp\/v2\/comments?post=15244"}],"version-history":[{"count":0,"href":"https:\/\/13.com.ar\/index.php\/wp-json\/wp\/v2\/posts\/15244\/revisions"}],"wp:featuredmedia":[{"embeddable":true,"href":"https:\/\/13.com.ar\/index.php\/wp-json\/wp\/v2\/media\/15245"}],"wp:attachment":[{"href":"https:\/\/13.com.ar\/index.php\/wp-json\/wp\/v2\/media?parent=15244"}],"wp:term":[{"taxonomy":"category","embeddable":true,"href":"https:\/\/13.com.ar\/index.php\/wp-json\/wp\/v2\/categories?post=15244"},{"taxonomy":"post_tag","embeddable":true,"href":"https:\/\/13.com.ar\/index.php\/wp-json\/wp\/v2\/tags?post=15244"}],"curies":[{"name":"wp","href":"https:\/\/api.w.org\/{rel}","templated":true}]}}