{"id":15242,"date":"2025-03-26T11:42:28","date_gmt":"2025-03-26T14:42:28","guid":{"rendered":"https:\/\/13.com.ar\/index.php\/piden-la-cabeza-de-dorival-junior-y-suenan-con-ancelotti-como-dt-para-recuperar-el-vestuario\/"},"modified":"2025-03-26T11:42:28","modified_gmt":"2025-03-26T14:42:28","slug":"piden-la-cabeza-de-dorival-junior-y-suenan-con-ancelotti-como-dt-para-recuperar-el-vestuario","status":"publish","type":"post","link":"https:\/\/13.com.ar\/index.php\/piden-la-cabeza-de-dorival-junior-y-suenan-con-ancelotti-como-dt-para-recuperar-el-vestuario\/","title":{"rendered":"piden la cabeza de Dorival J\u00fanior y sue\u00f1an con Ancelotti como DT para recuperar el vestuario"},"content":{"rendered":"<p> <br \/>\n<\/p>\n<div id=\"cuerpo\">\n<div class=\"sc-80531b6b-0 chRIGJ container-text text-embed\" id=\"element-body-0\">\n<p>La lapidaria derrota que la selecci\u00f3n de <strong>Brasil <\/strong>sufri\u00f3 el martes ante <strong>Argentina <\/strong>en el Monumental por la 14\u00aa fecha de la clasificaci\u00f3n sudamericana para el <strong>Mundial 2026 <\/strong>provoc\u00f3 dur\u00edsimas cr\u00edticas sobre el equipo y principalmente sobre su entrenador, <strong>Dorival J\u00fanior<\/strong>, cuyo futuro parece poco venturoso, al menos como conductor de combinado nacional.<\/p>\n<\/div>\n<div class=\"sc-80531b6b-0 chRIGJ container-text text-embed\" id=\"element-body-1\">\n<p>\u201cBrasil tuvo otra mala actuaci\u00f3n en las Eliminatorias y sufri\u00f3 una derrota por 4-1 ante Argentina\u201d, titul\u00f3 <em>O Globo<\/em>, que consider\u00f3 que \u201cla <strong>humillaci\u00f3n <\/strong>ante Argentina podr\u00eda llevar al despido inmediato de Dorival, que ha perdido su vestuario y su prestigio de una vez por todas\u201d. Y tambi\u00e9n carg\u00f3 las tintas sobre el delantero <strong>Raphinha<\/strong>: \u201cHab\u00eda prometido que les dar\u00eda una paliza a los argentinos &#8216;dentro o fuera de la cancha&#8217;, tuvo una actuaci\u00f3n floja, no marc\u00f3 el gol que dijo que marcar\u00eda e incluso se vio intimidado por los rivales\u201d.<\/p>\n<\/div>\n<div class=\"sc-80531b6b-0 chRIGJ container-text text-embed\" id=\"element-body-2\">\n<p>\u201c\u00a1Qu\u00e9 verg\u00fcenza!\u201d, titul\u00f3 <em>Lance<\/em>. \u201cLa desesperaci\u00f3n de la selecci\u00f3n fue monumental en Argentina. Hac\u00eda tiempo que Brasil no jugaba un partido tan vergonzoso como el del martes. Recibir un gol en tres minutos a veces ocurre, pero recibir dos en 12 minutos demuestra que<strong> el equipo es muy inferior o que est\u00e1 perdido<\/strong>\u201d, consider\u00f3 el peri\u00f3dico deportivo, que si bien critic\u00f3 intensamente a Dorival, tambi\u00e9n atribuy\u00f3 responsabilidades a la dirigencia de la <strong>Confederaci\u00f3n Brasile\u00f1a de F\u00fatbol (CBF)<\/strong>.<\/p>\n<\/div>\n<div class=\"sc-80531b6b-0 chRIGJ container-text text-embed\" id=\"element-body-3\">\n<p>\u201cLa culpa es \u00fanicamente del entrenador cuando una derrota de esta magnitud es algo at\u00edpico. Pero la derrota sufrida por Argentina es apenas un cap\u00edtulo m\u00e1s en una selecci\u00f3n que, <strong>durante la \u00faltima d\u00e9cada y media, se acostumbr\u00f3 a perder torneos<\/strong>, a caer prematuramente en Mundiales y a restarle importancia al f\u00fatbol feo. Y eso no es culpa de Dorival J\u00fanior. Es culpa de todos aquellos que pasan a\u00f1os quej\u00e1ndose del arbitraje, del calendario, de las canchas y de todo lo que envuelve al f\u00fatbol, pero que en v\u00edsperas del Argentina-Brasil no presentan un solo voto de desacuerdo con el rumbo que ha tomado el f\u00fatbol brasile\u00f1o\u201d, analiz\u00f3 <em>Lance<\/em>.<\/p>\n<\/div>\n<div class=\"sc-80531b6b-0 chRIGJ container-text text-embed\" id=\"element-body-4\">\n<p>\u201cBrasil recibe paliza de Argentina, escucha &#8216;ol\u00e9&#8217; y ve aumentar la presi\u00f3n sobre Dorival\u201d, enumer\u00f3 <em>Folha de S\u00e3o Paul<\/em>o. \u201cEn lugar de responder a la promesa de paliza que les hab\u00eda hecho Raphinha en la v\u00edspera del partido, los argentinos eliminaron al equipo verde y amarillo con un f\u00fatbol atrapante, dominante y un marcador contundente. Hac\u00eda mucho tiempo que Brasil no jugaba un f\u00fatbol capaz de reproducir un resultado similar ante su mayor rival\u201d, a\u00f1adi\u00f3.<\/p>\n<\/div>\n<div class=\"sc-98b114a2-0 bkqiHH image-embed  image-embed \" id=\"element-body-5\"><picture class=\"sc-98b114a2-1 jRUlDm\"><source media=\"(min-width: 975px)\" width=\"720\" height=\"480\" \/><img alt=\"La prensa brasile\u00f1a carg\u00f3 fuerte contra el seleccionado tras la derrota ante Argentina en Buenos Aires. Foto: Gustavo Garello \/ AP.\" loading=\"lazy\" width=\"720\" height=\"480\" decoding=\"async\" data-nimg=\"1\" style=\"color:transparent\" src=\"https:\/\/13.com.ar\/wp-content\/uploads\/2025\/03\/piden-la-cabeza-de-Dorival-Junior-y-suenan-con-Ancelotti.jpg\"\/><span class=\"epigraphe\">La prensa brasile\u00f1a carg\u00f3 fuerte contra el seleccionado tras la derrota ante Argentina en Buenos Aires. Foto: Gustavo Garello \/ AP.<\/span><span class=\"picture-open\"><button class=\"open-image\" aria-label=\"Open Image\"\/><\/span><\/picture><\/div>\n<div class=\"sc-80531b6b-0 chRIGJ container-text text-embed\" id=\"element-body-6\">\n<p>Para <em>O Estado de S\u00e3o Paulo<\/em>, \u201cBrasil se llev\u00f3 un baile de Argentina en el Monumental y la sac\u00f3 barata en la goleada por las Eliminatorias\u201d. \u201cLa derrota 4-1 pudo haber sido por m\u00e1s. El hecho de que la hinchada cantara &#8216;ol\u00e9&#8217; a los siete minutos simboliz\u00f3 la diferencia entre uno y otro equipo\u201d, explic\u00f3.<\/p>\n<\/div>\n<div class=\"sc-80531b6b-0 chRIGJ container-text text-embed\" id=\"element-body-7\">\n<p>Seg\u00fan <em>Jornal do Brasil<\/em>, la del martes fue \u201cuna noche para olvidar\u201d. \u201cLa primera mitad del partido demostr\u00f3 que la selecci\u00f3n brasile\u00f1a a\u00fan tiene un largo camino por recorrer para convertirse en un verdadero candidato al pr\u00f3ximo Mundial. Contra los actuales campeones del mundo, Brasil mostr\u00f3 muy poco, sobre todo por la<strong> falta de combatividad<\/strong> en el mediocampo y la falta de jugadas trabajadas en ataque\u201d, sentenci\u00f3.<\/p>\n<\/div>\n<div class=\"sc-80531b6b-0 chRIGJ container-text text-embed\" id=\"element-body-8\">\n<p>El traspi\u00e9 en el Monumental dej\u00f3 a la <em>Verdeamarela<\/em> en el cuarto lugar de la clasificaci\u00f3n sudamericana (aunque sin riesgo concreto de quedar fuera de la Copa del Mundo) y a su entrenador tambaleante. Dorival J\u00fanior se hizo cargo de la responsabilidad plena por la derrota<strong> y no busc\u00f3 excusas<\/strong> por el floj\u00edsimo rendimiento de su conjunto.<\/p>\n<\/div>\n<div class=\"sc-80531b6b-0 chRIGJ container-text text-embed\" id=\"element-body-9\">\n<p>\u201cLa responsabilidad es toda m\u00eda. Argentina fue superior en todos los sentidos. No conseguimos en ning\u00fan momento imponer lo que quer\u00edamos. Es muy dif\u00edcil y muy complicado intentar explicar una situaci\u00f3n como esta\u201d, sostuvo el DT en la conferencia de prensa posterior al partido. Y reconoci\u00f3: \u201cEs natural que un resultado como este nos lastime mucho, es un sentimiento que todos tenemos. <strong>Es una derrota marcante<\/strong>\u201d.<\/p>\n<\/div>\n<div class=\"sc-80531b6b-0 chRIGJ container-text text-embed\" id=\"element-body-10\">\n<p>Al ser consultado insistentemente sobre <strong>su continuidad<\/strong> al frente del pentacampe\u00f3n del mundo, el veterano entrenador afirm\u00f3: \u201cEste es un proceso complicado, dif\u00edcil, pero no tengo dudas de que encontraremos el camino\u201d. Adem\u00e1s, procur\u00f3 mantener al margen de los cuestionamientos a <strong>Ednaldo Rodr\u00edguez<\/strong>, presidente de CBF. \u201cIndependientemente de la derrota de hoy, ser\u00eda muy desleal si dijera algo sobre el presidente. En ning\u00fan momento dej\u00f3 de estar presente. Se nos han dado todas las condiciones. Ser\u00eda extremadamente deshonesto si se\u00f1alara algo en todo esto\u201d, afirm\u00f3.<\/p>\n<\/div>\n<div class=\"sc-98b114a2-0 bkqiHH image-embed  image-embed \" id=\"element-body-11\"><picture class=\"sc-98b114a2-1 jRUlDm\"><source media=\"(min-width: 975px)\" width=\"720\" height=\"480\" \/><img alt=\"Dorival J\u00fanior hace equilibrio sobre una delgada cuerda tras la derrota de Brasil frente a Argentina. Foto: Rodrigo Valle \/ Reuters.\" loading=\"lazy\" width=\"720\" height=\"480\" decoding=\"async\" data-nimg=\"1\" style=\"color:transparent\" src=\"https:\/\/13.com.ar\/wp-content\/uploads\/2025\/03\/1743000148_651_piden-la-cabeza-de-Dorival-Junior-y-suenan-con-Ancelotti.jpg\"\/><span class=\"epigraphe\">Dorival J\u00fanior hace equilibrio sobre una delgada cuerda tras la derrota de Brasil frente a Argentina. Foto: Rodrigo Valle \/ Reuters.<\/span><span class=\"picture-open\"><button class=\"open-image\" aria-label=\"Open Image\"\/><\/span><\/picture><\/div>\n<div class=\"sc-80531b6b-0 chRIGJ container-text text-embed\" id=\"element-body-12\">\n<p>A principios de marzo, Rodrigues (quien el lunes fue reelecto para presidir la CBF hasta 2030) le hab\u00eda planteado un poco sutil ultim\u00e1tum p\u00fablico a Dorival. \u201cEsperamos dos victorias en los partidos m\u00e1s importantes que tenemos\u201d, hab\u00eda dicho entonces, haciendo referencia a los choques con Colombia y Argentina.<\/p>\n<\/div>\n<div class=\"sc-80531b6b-0 chRIGJ container-text text-embed\" id=\"element-body-13\">\n<p>Aquellas palabras del mandam\u00e1s de la casa madre del balompi\u00e9 brasile\u00f1o y la paliza que el equipo de Dorival sufri\u00f3 el martes en Buenos Aires hacen pensar que el DT no permanecer\u00e1 mucho m\u00e1s en su cargo. De hecho, en la prensa brasile\u00f1a<strong> la inc\u00f3gnita que se plantea es si la destituci\u00f3n se producir\u00e1 en estas horas<\/strong> o si Rodrigues dejar\u00e1 pasar unos d\u00edas para mitigar la situaci\u00f3n.<\/p>\n<\/div>\n<div class=\"sc-80531b6b-0 chRIGJ container-text text-embed\" id=\"element-body-14\">\n<p>M\u00e1s all\u00e1 del tiempo que le reste a Dorival en su asiento, la danza de nombres para reemplazarlo ya se baila en Brasil. Entre los candidatos a reemplazarlo resurgi\u00f3 el nombre de <strong>Carlo Ancelotti<\/strong>. Sin embargo, el italiano tiene contrato hasta junio de 2026 con <strong>Real Madrid<\/strong>, donde se encuentra sumamente c\u00f3modo. Parece dif\u00edcil que interrumpa el v\u00ednculo para aferrarse al hierro candente que hoy es el seleccionado brasile\u00f1o.<\/p>\n<\/div>\n<div class=\"sc-80531b6b-0 chRIGJ container-text text-embed\" id=\"element-body-15\">\n<p>Otros hombres que se mencionan en la prensa de ese pa\u00eds son <strong>Filipe Lu\u00eds<\/strong>, quien est\u00e1 realizando una muy destacada labor en <strong>Flamengo <\/strong>desde septiembre pasado, y los portugueses <strong>Abel Ferreira<\/strong>, exitoso conductor de Palmeiras desde hace m\u00e1s de cuatro a\u00f1os, y <strong>Jorge Jesus<\/strong>, hoy al mando del Al-Hilal saud\u00ed.<\/p>\n<\/div>\n<div class=\"sc-80531b6b-0 chRIGJ container-text text-embed\" id=\"element-body-16\">\n<p>Con o sin Dorival J\u00fanior en el banco, los pr\u00f3ximos compromisos del seleccionado brasile\u00f1o ser\u00e1n a principios de junio, cuando se disputar\u00e1n la 15\u00aa y la 16\u00aa fechas de la clasificaci\u00f3n mundialista: primero visitar\u00e1 a <strong>Ecuador <\/strong>en Quito y luego recibir\u00e1 a <strong>Paraguay<\/strong>.<\/p>\n<\/div>\n<\/div>\n<p><br \/>\n<br \/><a href=\"https:\/\/www.clarin.com\/deportes\/brasil-pego-fuerte-baile-argentina-piden-cabeza-dorival-junior-suenan-ancelotti-dt-recuperar-vestuario_0_HAR1R1pyO9.html\">Fuente Clarin.com <\/a><\/p>\n","protected":false},"excerpt":{"rendered":"<p>La lapidaria derrota que la selecci\u00f3n de Brasil sufri\u00f3 el martes ante Argentina en el Monumental por la 14\u00aa fecha de la clasificaci\u00f3n sudamericana para el Mundial 2026 provoc\u00f3 dur\u00edsimas cr\u00edticas sobre el equipo y principalmente sobre su entrenador, Dorival J\u00fanior, cuyo futuro parece poco venturoso, al menos como conductor de combinado nacional. \u201cBrasil tuvo [&hellip;]<\/p>\n","protected":false},"author":1,"featured_media":15243,"comment_status":"open","ping_status":"open","sticky":false,"template":"","format":"standard","meta":{"footnotes":""},"categories":[2],"tags":[13753,5433,66,18,13369,3564,16,4321,4946,9736,8318],"class_list":["post-15242","post","type-post","status-publish","format-standard","has-post-thumbnail","hentry","category-ultimas-noticias","tag-ancelotti","tag-cabeza","tag-como","tag-con","tag-dorival","tag-junior","tag-para","tag-piden","tag-recuperar","tag-suenan","tag-vestuario"],"_links":{"self":[{"href":"https:\/\/13.com.ar\/index.php\/wp-json\/wp\/v2\/posts\/15242","targetHints":{"allow":["GET"]}}],"collection":[{"href":"https:\/\/13.com.ar\/index.php\/wp-json\/wp\/v2\/posts"}],"about":[{"href":"https:\/\/13.com.ar\/index.php\/wp-json\/wp\/v2\/types\/post"}],"author":[{"embeddable":true,"href":"https:\/\/13.com.ar\/index.php\/wp-json\/wp\/v2\/users\/1"}],"replies":[{"embeddable":true,"href":"https:\/\/13.com.ar\/index.php\/wp-json\/wp\/v2\/comments?post=15242"}],"version-history":[{"count":0,"href":"https:\/\/13.com.ar\/index.php\/wp-json\/wp\/v2\/posts\/15242\/revisions"}],"wp:featuredmedia":[{"embeddable":true,"href":"https:\/\/13.com.ar\/index.php\/wp-json\/wp\/v2\/media\/15243"}],"wp:attachment":[{"href":"https:\/\/13.com.ar\/index.php\/wp-json\/wp\/v2\/media?parent=15242"}],"wp:term":[{"taxonomy":"category","embeddable":true,"href":"https:\/\/13.com.ar\/index.php\/wp-json\/wp\/v2\/categories?post=15242"},{"taxonomy":"post_tag","embeddable":true,"href":"https:\/\/13.com.ar\/index.php\/wp-json\/wp\/v2\/tags?post=15242"}],"curies":[{"name":"wp","href":"https:\/\/api.w.org\/{rel}","templated":true}]}}