{"id":15240,"date":"2025-03-26T11:39:33","date_gmt":"2025-03-26T14:39:33","guid":{"rendered":"https:\/\/13.com.ar\/index.php\/el-peronismo-avanza-con-un-reglamento-interno-para-dirimir-internas-en-provincia-y-se-encamina-a-suspender-las-paso-el-1-de-abril\/"},"modified":"2025-03-26T11:39:33","modified_gmt":"2025-03-26T14:39:33","slug":"el-peronismo-avanza-con-un-reglamento-interno-para-dirimir-internas-en-provincia-y-se-encamina-a-suspender-las-paso-el-1-de-abril","status":"publish","type":"post","link":"https:\/\/13.com.ar\/index.php\/el-peronismo-avanza-con-un-reglamento-interno-para-dirimir-internas-en-provincia-y-se-encamina-a-suspender-las-paso-el-1-de-abril\/","title":{"rendered":"El peronismo avanza con un reglamento interno para dirimir internas en Provincia y se encamina a suspender las PASO el 1 de abril"},"content":{"rendered":"<p> <br \/>\n<br \/><img decoding=\"async\" src=\"https:\/\/13.com.ar\/wp-content\/uploads\/2025\/03\/El-peronismo-avanza-con-un-reglamento-interno-para-dirimir-internas.jpg\" \/><\/p>\n<div id=\"element-body-0\">\n<p><strong>Este martes por la noche, el peronismo bonaerense tuvo una reuni\u00f3n cumbre en la ciudad de La Plata<\/strong>. Los colaboradores m\u00e1s directos del gobernador Axel Kicillof oficiaron de anfitriones de u<strong>na cita donde los tres sectores que dominan y determinan la suerte del peronismo bonaerense<\/strong>, se juntaron largamente para intentar sellar una especie de convivencia.<\/p>\n<\/div>\n<div id=\"element-body-1\">\n<p>El eje central fue definir que se avanzar\u00e1 con la suspensi\u00f3n en la provincia de Buenos Aires de las PASO (Primarias Abiertas, Simult\u00e1neas y Obligatorias), que ya fueron dejadas de lado a nivel nacional y en la mayor\u00eda de las provincias.<\/p>\n<\/div>\n<div id=\"element-body-2\">\n<p>Despu\u00e9s de eso, <strong>se abocaron a discutir los borradores del reglamento interno de el frente peronista, que a\u00fan se llama Uni\u00f3n por la Patria.<\/strong><\/p>\n<\/div>\n<div id=\"element-body-3\">\n<p><strong>Respecto de las PASO, quedaron en avanzar en los dict\u00e1menes parlamentarios necesarios<\/strong> pues el peronismo no llega a los dos tercios con o sin despacho, b\u00e1sicamente porque el PRO ya avis\u00f3 que vota con los libertarios a favor de la eliminaci\u00f3n; mientras que <strong>la UCR avis\u00f3 que si el gobernador anuncia el Desdoblamiento<\/strong>, el bloque de diputados (que conduce Diego Garciarena y que responde a nivel provincial al senador nacional Maximiliano Abad),<strong> los radicales lo acompa\u00f1an y le votan a favor la suspensi\u00f3n de las PASO.<\/strong><\/p>\n<\/div>\n<div id=\"element-body-4\">\n<p>Ya ca\u00edda la posibilidad de sesionar este viernes 27 de marzo,<strong> la fecha que suena como posible es el martes 1 de abril (o en su defecto, el jueves 3) pues el 2 de abril es feriado<\/strong> por el D\u00eda del Veterano y de los Ca\u00eddos en la guerra de Malvinas<\/p>\n<\/div>\n<div id=\"element-body-5\">\n<p>All\u00ed <strong>se dejar\u00eda sin efecto las Primarias y luego de eso, el gobernador Axel Kicillof tendr\u00e1 a tiro de su sola firma la chance de desdoblar las elecciones<\/strong>; esto es, que se vote los legisladores bonaerenses antes del mes de octubre, cuando se votar\u00e1n diputados nacionales (este a\u00f1o, la Provincia no define senadores nacionales).<\/p>\n<\/div>\n<div id=\"element-body-6\">\n<p>De la idea inicial de votar el jueves 27\/3 se pas\u00f3 al martes 1\/4, pues no rige el mismo mecanismo del Senado de la Naci\u00f3n, de que debe transcurrir una semana para un nuevo llamado. En caso de una fuga imprevista de legisladores por el feriado, se pasar\u00eda a sesionar el viernes 3.<\/p>\n<\/div>\n<div id=\"element-body-7\">\n<p>La cumbre peronista reuni\u00f3 a las segundas l\u00edneas de los sectores que orientan Kicillof, Massa y la familia Kirchner: <strong>el jefe de Gabinete Carlos Bianco estuvo acompa\u00f1ado de Agustina Vila<\/strong>, la secretaria General de la gobernaci\u00f3n; son las dos personas con quienes el mandatario provincial toma sus definiciones pol\u00edticas.<\/p>\n<\/div>\n<div id=\"element-body-8\">\n<p><strong>Por el lado del cristinismo estuvieron Facundo Tignanelli (hombre de absoluta confianza de M\u00e1ximo Kirchner) y Lalo R\u00e9vora<\/strong>, oriundo de la ciudad de Mercedes y secretario de Asuntos Municipales de la gobernaci\u00f3n, cargo que ostenta m\u00e1s all\u00e1 de su filiaci\u00f3n camporista.<\/p>\n<\/div>\n<div id=\"element-body-9\">\n<p>Y por el massismo asistieron <strong>Sebasti\u00e1n Galmarini (hermano de Malena Massa y director del Banco Provincia) y Alexis Guerrera<\/strong>, hoy titular de la C\u00e1mara de Diputados de la provincia de Buenos Aires.<\/p>\n<\/div>\n<div id=\"element-body-10\">\n<p>En la reuni\u00f3n se discuti\u00f3 c\u00f3mo dirimir internas en los distritos donde estos tres sectores (m\u00e1s fuerzas silvestres que pululan en el universo peronista) tienen su peso y que las mismas sucedan sin desangrarse, m\u00e1s all\u00e1 de que las cabezas pol\u00edticas de cada sector, se cruzan bastante seguido en p\u00fablico.<\/p>\n<\/div>\n<div id=\"element-body-11\">\n<p>Qued\u00f3 aplazada la discusi\u00f3n del Desdoblamiento, que suena para que suceda en el mes de agosto, no demasiado lejos de la elecci\u00f3n nacional del mes de octubre.<strong> Vale recordar que la elecci\u00f3n nacional ser\u00e1 con boleta \u00fanica y la provincial, con boleta papel tradicional,<\/strong> lo que generar\u00eda que si se realizaran ambas elecciones el mismo d\u00eda, los votantes enfrentar\u00edan un verdadero bochorno al tener urnas separadas y m\u00e9todos distintos de elecci\u00f3n.<\/p>\n<\/div>\n<p><br \/>\n<br \/><a href=\"https:\/\/www.clarin.com\/politica\/peronismo-avanza-reglamento-interno-dirimir-internas-encamina-suspender-paso-1-abril_0_T3IWFVr9uu.html\">Fuente Clarin.com <\/a><\/p>\n","protected":false},"excerpt":{"rendered":"<p>Este martes por la noche, el peronismo bonaerense tuvo una reuni\u00f3n cumbre en la ciudad de La Plata. Los colaboradores m\u00e1s directos del gobernador Axel Kicillof oficiaron de anfitriones de una cita donde los tres sectores que dominan y determinan la suerte del peronismo bonaerense, se juntaron largamente para intentar sellar una especie de convivencia. [&hellip;]<\/p>\n","protected":false},"author":1,"featured_media":15241,"comment_status":"open","ping_status":"open","sticky":false,"template":"","format":"standard","meta":{"footnotes":""},"categories":[2],"tags":[10047,253,18,13752,8442,10057,4898,48,16,158,1455,490,10849,5402],"class_list":["post-15240","post","type-post","status-publish","format-standard","has-post-thumbnail","hentry","category-ultimas-noticias","tag-abril","tag-avanza","tag-con","tag-dirimir","tag-encamina","tag-internas","tag-interno","tag-las","tag-para","tag-paso","tag-peronismo","tag-provincia","tag-reglamento","tag-suspender"],"_links":{"self":[{"href":"https:\/\/13.com.ar\/index.php\/wp-json\/wp\/v2\/posts\/15240","targetHints":{"allow":["GET"]}}],"collection":[{"href":"https:\/\/13.com.ar\/index.php\/wp-json\/wp\/v2\/posts"}],"about":[{"href":"https:\/\/13.com.ar\/index.php\/wp-json\/wp\/v2\/types\/post"}],"author":[{"embeddable":true,"href":"https:\/\/13.com.ar\/index.php\/wp-json\/wp\/v2\/users\/1"}],"replies":[{"embeddable":true,"href":"https:\/\/13.com.ar\/index.php\/wp-json\/wp\/v2\/comments?post=15240"}],"version-history":[{"count":0,"href":"https:\/\/13.com.ar\/index.php\/wp-json\/wp\/v2\/posts\/15240\/revisions"}],"wp:featuredmedia":[{"embeddable":true,"href":"https:\/\/13.com.ar\/index.php\/wp-json\/wp\/v2\/media\/15241"}],"wp:attachment":[{"href":"https:\/\/13.com.ar\/index.php\/wp-json\/wp\/v2\/media?parent=15240"}],"wp:term":[{"taxonomy":"category","embeddable":true,"href":"https:\/\/13.com.ar\/index.php\/wp-json\/wp\/v2\/categories?post=15240"},{"taxonomy":"post_tag","embeddable":true,"href":"https:\/\/13.com.ar\/index.php\/wp-json\/wp\/v2\/tags?post=15240"}],"curies":[{"name":"wp","href":"https:\/\/api.w.org\/{rel}","templated":true}]}}