{"id":1523,"date":"2025-02-03T06:41:29","date_gmt":"2025-02-03T09:41:29","guid":{"rendered":"https:\/\/13.com.ar\/index.php\/como-usarlo-a-27-pero-sentirte-a-22-con-un-truco-de-ahorro-simple\/"},"modified":"2025-02-03T06:41:29","modified_gmt":"2025-02-03T09:41:29","slug":"como-usarlo-a-27-pero-sentirte-a-22-con-un-truco-de-ahorro-simple","status":"publish","type":"post","link":"https:\/\/13.com.ar\/index.php\/como-usarlo-a-27-pero-sentirte-a-22-con-un-truco-de-ahorro-simple\/","title":{"rendered":"c\u00f3mo usarlo a 27\u00b0 pero sentirte a 22\u00b0 con un truco de ahorro simple"},"content":{"rendered":"<p> <br \/>\n<\/p>\n<div id=\"cuerpo\">\n<div class=\"sc-80531b6b-0 chRIGJ container-text text-embed\">\n<p>Cuando la ciudad entra en &#8220;modo horno&#8221; y el calor se vuelve agobiante, muchos se ven tentados a programar el aire acondicionado en <strong>22\u00b0, 20\u00b0 o 18\u00b0C<\/strong>, muy por <strong>debajo de los 24\u00b0 a 26\u00b0<\/strong> recomendados.<\/p>\n<\/div>\n<div class=\"sc-80531b6b-0 chRIGJ container-text text-embed\">\n<p>El alivio no tarda en llegar, pero el problema es <strong>a qu\u00e9 costo<\/strong>, ya que las pr\u00f3ximas <strong>facturas de electricidad<\/strong> -ahora con tarifas recargadas y menos subsidios- podr\u00edan traer montos sorpresivamente altos.<\/p>\n<\/div>\n<div class=\"sc-80531b6b-0 chRIGJ container-text text-embed\">\n<p>Salvador Gil, doctor en F\u00edsica y experto en eficiencia energ\u00e9tica, recuerda a <strong>Clar\u00edn<\/strong> que los aires en esta \u00e9poca pasan claramente al frente entre los aparatos de <strong>mayor consumo el\u00e9ctrico<\/strong>.<\/p>\n<\/div>\n<div class=\"sc-80531b6b-0 chRIGJ container-text text-embed\">\n<p>Advierte asimismo que un acondicionador <strong>gasta hasta un 40% m\u00e1s<\/strong> de energ\u00eda por<strong> cada grado que bajamos<\/strong> en el control remoto. Con lo cual, por ejemplo, programado a 23\u00b0 <strong>consume m\u00e1s del doble<\/strong> que a 26\u00b0, seg\u00fan estudios hechos en vivienda del AMBA.<\/p>\n<\/div>\n<div class=\"sc-80531b6b-0 chRIGJ container-text text-embed\">\n<p>Existe, sin embargo, una <strong>t\u00e9cnica de ahorro muy sencilla<\/strong> que permite utilizar el aire con el <strong>termostato en 27\u00b0<\/strong>, pero <strong>sentirse a 22\u00b0<\/strong>. Es decir, con un consumo energ\u00e9tico \u00f3ptimo y sin resignar frescura.<\/p>\n<\/div>\n<div class=\"sc-80531b6b-0 chRIGJ container-text text-embed\">\n<p>El truco, seg\u00fan el especialista, se basa en utilizar el aire acondicionado en <strong>combinaci\u00f3n con otro aparato<\/strong> que est\u00e1 presente en casi todos los hogares.<\/p>\n<\/div>\n<div class=\"sc-198be8ec-0 cynXbu image-embed  image-embed \"><picture class=\"sc-198be8ec-1 kOjRiQ\"><source media=\"(min-width: 975px)\" width=\"720\" height=\"480\" \/><img alt=\"Por debajo de 24\u00b0 el aire gasta demasiado. Foto: Archivo.\" loading=\"lazy\" width=\"720\" height=\"480\" decoding=\"async\" data-nimg=\"1\" style=\"color:transparent\" src=\"https:\/\/13.com.ar\/wp-content\/uploads\/2025\/02\/como-usarlo-a-27\u00b0-pero-sentirte-a-22\u00b0-con-un.jpg\"\/><span class=\"epigraphe\">Por debajo de 24\u00b0 el aire gasta demasiado. Foto: Archivo.<\/span><span class=\"bkg\"\/><span class=\"picture-open\"><button class=\"open-image\" aria-label=\"Open Image\"\/><\/span><\/picture><\/div>\n<p><h2>\u00bfCu\u00e1l es el truco para subir grados en el aire y ahorrar energ\u00eda sin notar la diferencia?<\/h2>\n<\/p>\n<div class=\"sc-80531b6b-0 chRIGJ container-text text-embed\">\n<p>Se suele pensar que <strong>el ventilador<\/strong> y el aire son opciones excluyentes: si con el primero no alcanza, se lo apaga y se emplea el segundo. Sin embargo, en d\u00edas de extremo calor, <strong>lo mejor para el bolsillo<\/strong> ser\u00eda <strong>encender ambos a la vez<\/strong>, seg\u00fan los especialistas<\/p>\n<\/div>\n<div class=\"sc-80531b6b-0 chRIGJ container-text text-embed\">\n<p>&#8220;Si se cuenta con un aire acondicionado, un buen truco es ajustar la temperatura para que <strong>enfr\u00ede menos<\/strong> y <strong>utilizar ventiladores en conjunto<\/strong>&#8220;, propone Gil, que dirige la carrera de Ingenier\u00eda en Energ\u00eda de la Universidad Nacional de San Mart\u00edn (UNSAM)<\/p>\n<\/div>\n<div class=\"sc-80531b6b-0 chRIGJ container-text text-embed\">\n<p>&#8220;Hacer esto podr\u00eda <strong>reducir significativamente la factura<\/strong> de electricidad <strong>sin comprometer el confort<\/strong>&#8220;, afirma.<\/p>\n<\/div>\n<p><h2>\u00bfPor qu\u00e9 conviene usar el aire acondicionado y el ventilador en simult\u00e1neo?<\/h2>\n<\/p>\n<div class=\"sc-80531b6b-0 chRIGJ container-text text-embed\">\n<p>Sucede que los ventiladores, en lugar de enfriar el aire, generan una <strong>brisa fresca<\/strong> que acelera la evaporaci\u00f3n de la transpiraci\u00f3n y logran <strong>reducir hasta 5 grados la sensaci\u00f3n t\u00e9rmica<\/strong> en el lugar.<\/p>\n<\/div>\n<div class=\"sc-80531b6b-0 chRIGJ container-text text-embed\">\n<p>Entonces, estando frente a un ventilador, una temperatura ambiente real de 33\u00b0 llega a percibirse como de 28\u00b0; y una de 30\u00b0 cae hasta los 25\u00b0. Ahora bien, lo m\u00e1s interesante es que este efecto refrescante lo consiguen con un <strong>gasto muy peque\u00f1o de energ\u00eda<\/strong>.<\/p>\n<\/div>\n<div class=\"sc-80531b6b-0 chRIGJ container-text text-embed\">\n<p>Seg\u00fan datos del ENRE (Ente Nacional Regulador de la Electricidad), un <strong>ventilador de techo<\/strong> consume s\u00f3lo <strong>60 watts hora<\/strong> (Wh) y uno de pie <strong>90 Wh<\/strong>.<\/p>\n<\/div>\n<div class=\"sc-80531b6b-0 chRIGJ container-text text-embed\">\n<p>En cambio, un <strong>aire acondicionado<\/strong> de 2.200 frigor\u00edas puede gastar <strong>1.013 Wh<\/strong>, uno de 3.500 frigor\u00edas <strong>1.613 Wh<\/strong> y uno de 4.500 frigor\u00edas <strong>2.153 Wh<\/strong>; y si son modelos Inverter, <strong>658 Wh<\/strong>, <strong>1.048 Wh <\/strong>y <strong>1.365 Wh<\/strong> respectivamente.<\/p>\n<\/div>\n<div class=\"sc-198be8ec-0 cynXbu image-embed  image-embed \"><picture class=\"sc-198be8ec-1 kOjRiQ\"><source media=\"(min-width: 975px)\" width=\"720\" height=\"480\" \/><img alt=\"Un ventilador gasta 60 o 90 Wh y un aire chico m\u00e1s de 660 o 1.000. Foto: ANSA.\" loading=\"lazy\" width=\"720\" height=\"480\" decoding=\"async\" data-nimg=\"1\" style=\"color:transparent\" src=\"https:\/\/13.com.ar\/wp-content\/uploads\/2025\/02\/1738575689_49_como-usarlo-a-27\u00b0-pero-sentirte-a-22\u00b0-con-un.jpg\"\/><span class=\"epigraphe\">Un ventilador gasta 60 o 90 Wh y un aire chico m\u00e1s de 660 o 1.000. Foto: ANSA.<\/span><span class=\"bkg\"\/><span class=\"picture-open\"><button class=\"open-image\" aria-label=\"Open Image\"\/><\/span><\/picture><\/div>\n<div class=\"sc-80531b6b-0 chRIGJ container-text text-embed\">\n<p>Con lo cual, para quienes <strong>ya usan un aire<\/strong>, agregar un ventilador representar\u00e1 un <strong>costo \u00ednfimo frente al ahorro<\/strong> que genera subir algunos grados la temperatura del acondicionador. <\/p>\n<\/div>\n<div class=\"sc-80531b6b-0 chRIGJ container-text text-embed\">\n<p>El ventilador, adem\u00e1s, ayudar\u00e1 a <strong>distribuir mejor<\/strong> <strong>el aire fr\u00edo<\/strong> que emite el acondicionador, evitando que queden <strong>puntos calientes<\/strong> en la habitaci\u00f3n y <strong>maximizando la eficiencia<\/strong>.<\/p>\n<\/div>\n<div class=\"sc-80531b6b-0 chRIGJ container-text text-embed\">\n<p>&#8220;Las personas <strong>no percibimos diferencia<\/strong> cuando se combina ventilaci\u00f3n con aire acondicionado, en comparaci\u00f3n con el uso de un acondicionador a baja temperatura sin ventilador&#8221;, asegura el investigador de la UNSAM. <\/p>\n<\/div>\n<div class=\"sc-80531b6b-0 chRIGJ container-text text-embed\">\n<p>&#8220;As\u00ed, por ejemplo, una habitaci\u00f3n a <strong>27\u00b0C<\/strong> con ventiladores puede <strong>sentirse igual de fresca y confortable<\/strong> que una habitaci\u00f3n a 22\u00b0C con solo aire acondicionado&#8221;, concluye.<\/p>\n<\/div>\n<p><h2>\u00bfQu\u00e9 m\u00e1s se puede hacer para reducir el consumo de energ\u00eda del aire acondicionado?<\/h2>\n<\/p>\n<div class=\"sc-80531b6b-0 chRIGJ container-text text-embed\">\n<p>En una nota reciente, expertos en eficiencia dieron una serie de <strong>consejos pr\u00e1cticos<\/strong> para que los aires gasten menos energ\u00eda en verano y alertaron sobre <strong>malas pr\u00e1cticas muy comunes<\/strong> que incrementan el consumo innecesariamente.<\/p>\n<\/div>\n<div class=\"sc-80531b6b-0 chRIGJ container-text text-embed\">\n<p>Para conocer los detalles, pod\u00e9s ingresar aqu\u00ed: <em>Aire acondicionado: c\u00f3mo bajar ya su gasto de energ\u00eda y los 8 errores que cuestan caro<\/em>.<\/p>\n<\/div>\n<\/div>\n<p><br \/>\n<br \/><a href=\"https:\/\/www.clarin.com\/servicios\/aire-acondicionado-usarlo-27-sentirte-22-truco-ahorro-simple_0_vo3kpT72fs.html\">Fuente Clarin.com <\/a><\/p>\n","protected":false},"excerpt":{"rendered":"<p>Cuando la ciudad entra en &#8220;modo horno&#8221; y el calor se vuelve agobiante, muchos se ven tentados a programar el aire acondicionado en 22\u00b0, 20\u00b0 o 18\u00b0C, muy por debajo de los 24\u00b0 a 26\u00b0 recomendados. El alivio no tarda en llegar, pero el problema es a qu\u00e9 costo, ya que las pr\u00f3ximas facturas de [&hellip;]<\/p>\n","protected":false},"author":1,"featured_media":1524,"comment_status":"open","ping_status":"open","sticky":false,"template":"","format":"standard","meta":{"footnotes":""},"categories":[2],"tags":[3184,66,18,265,2205,3185,3183,3182],"class_list":["post-1523","post","type-post","status-publish","format-standard","has-post-thumbnail","hentry","category-ultimas-noticias","tag-ahorro","tag-como","tag-con","tag-pero","tag-sentirte","tag-simple","tag-truco","tag-usarlo"],"_links":{"self":[{"href":"https:\/\/13.com.ar\/index.php\/wp-json\/wp\/v2\/posts\/1523","targetHints":{"allow":["GET"]}}],"collection":[{"href":"https:\/\/13.com.ar\/index.php\/wp-json\/wp\/v2\/posts"}],"about":[{"href":"https:\/\/13.com.ar\/index.php\/wp-json\/wp\/v2\/types\/post"}],"author":[{"embeddable":true,"href":"https:\/\/13.com.ar\/index.php\/wp-json\/wp\/v2\/users\/1"}],"replies":[{"embeddable":true,"href":"https:\/\/13.com.ar\/index.php\/wp-json\/wp\/v2\/comments?post=1523"}],"version-history":[{"count":0,"href":"https:\/\/13.com.ar\/index.php\/wp-json\/wp\/v2\/posts\/1523\/revisions"}],"wp:featuredmedia":[{"embeddable":true,"href":"https:\/\/13.com.ar\/index.php\/wp-json\/wp\/v2\/media\/1524"}],"wp:attachment":[{"href":"https:\/\/13.com.ar\/index.php\/wp-json\/wp\/v2\/media?parent=1523"}],"wp:term":[{"taxonomy":"category","embeddable":true,"href":"https:\/\/13.com.ar\/index.php\/wp-json\/wp\/v2\/categories?post=1523"},{"taxonomy":"post_tag","embeddable":true,"href":"https:\/\/13.com.ar\/index.php\/wp-json\/wp\/v2\/tags?post=1523"}],"curies":[{"name":"wp","href":"https:\/\/api.w.org\/{rel}","templated":true}]}}