{"id":1521,"date":"2025-02-03T06:36:57","date_gmt":"2025-02-03T09:36:57","guid":{"rendered":"https:\/\/13.com.ar\/index.php\/una-encuesta-pone-a-los-libertarios-arriba-en-provincia\/"},"modified":"2025-02-03T06:36:57","modified_gmt":"2025-02-03T09:36:57","slug":"una-encuesta-pone-a-los-libertarios-arriba-en-provincia","status":"publish","type":"post","link":"https:\/\/13.com.ar\/index.php\/una-encuesta-pone-a-los-libertarios-arriba-en-provincia\/","title":{"rendered":"una encuesta pone a los libertarios arriba en Provincia"},"content":{"rendered":"<p> <br \/>\n<\/p>\n<div id=\"cuerpo\">\n<div class=\"sc-80531b6b-0 chRIGJ container-text text-embed\">\n<p>Mientras <strong>Cristina Kirchner<\/strong> intenta encuadrar a <strong>Axel Kicillof<\/strong> y el gobernador analiza gestos de autonom\u00eda, como separar la elecci\u00f3n bonaerense de la nacional, una <strong>nueva encuesta<\/strong> enciende un <strong>alerta m\u00e1ximo<\/strong> para ambos. Es un estudio que pregunt\u00f3 justamente por los<strong> comicios provinciales<\/strong> y donde <strong>aparece primera La Libertad Avanza<\/strong>.<\/p>\n<\/div>\n<div class=\"sc-80531b6b-0 chRIGJ container-text text-embed\">\n<p>El trabajo lo hizo <strong><em>Pulso Research<\/em><\/strong>, una consultora que naci\u00f3 vinculada con el PRO pero luego fue diversificando su cartera de clientes. Durante enero, hizo una medici\u00f3n de <strong>812 casos <\/strong>en la Provincia (con +\/- 3,5% de margen de error) y, entre otras cosas, evalu\u00f3 el escenario electoral.<\/p>\n<\/div>\n<div class=\"sc-80531b6b-0 chRIGJ container-text text-embed\">\n<p>Si bien este a\u00f1o la mayor atenci\u00f3n la viene acaparando la disputa porte\u00f1a, por la fuerte interna entre el Gobierno y el macrismo, por su peso, el comicio bonaerense sigue siendo en un punto<strong> &#8220;la madre de todas las batallas&#8221;<\/strong>. Con el aditamento de que all\u00ed podr\u00eda presentarse otra vez como candidata Cristina Kirchner.<\/p>\n<\/div>\n<div class=\"sc-80531b6b-0 chRIGJ container-text text-embed\">\n<p><strong>Es la puja que, t\u00e1citamente, vienen alimentando el oficialismo y el kirchnerismo. Milei vs. Cristina. Y el resto afuera. Grieta a full, en versi\u00f3n 2025. Con ese tel\u00f3n de fondo, todas las mediciones en Provincia toman un color y valor particular.<\/strong><\/p>\n<\/div>\n<div class=\"sc-80531b6b-0 chRIGJ container-text text-embed\">\n<p>Si bien en el Gobierno buscan minimizar el impacto de una eventual derrota contra el kirchnerismo y la exmandataria, algunos analistas advierten que un resultado as\u00ed puede desencadenar una <strong>tormenta pol\u00edtica y econ\u00f3mica indeseada para el oficialismo<\/strong>. Sobre todos si los mercados y el c\u00edrculo rojo intuyen que los K pueden volver al poder en 2027.<\/p>\n<\/div>\n<p><h2>En gesti\u00f3n, mejor Milei que Kicillof<\/h2>\n<\/p>\n<div class=\"sc-80531b6b-0 chRIGJ container-text text-embed\">\n<p>El primer s\u00edntoma de preocupaci\u00f3n para el peronismo surge cuando el informe publica las evaluaciones de las gestiones de Milei y Kicillof, bajo la lupa de los bonaerense. Seg\u00fan la encuesta, <strong>al Presidente le va mejor que al gobernador<\/strong>. <\/p>\n<\/div>\n<div class=\"sc-80531b6b-0 chRIGJ container-text text-embed\">\n<p><strong>La administraci\u00f3n nacional termina con 52,7% de evaluaci\u00f3n positiva (25,5% de muy bien + 27,2% de bien) y 42,5% de negativa (10,3% mal y 32,1% muy mal). Mientras que la bonaerense cosecha + 44,3% (19,5% muy bien y 24,9% bien) vs. &#8211; 50,9% (11,3% mal y 39,5% muy mal).<\/strong><\/p>\n<\/div>\n<div class=\"sc-106e49c0-0 dcVumd freeHtml-embed undefined\"><!-- Info_HTML HTML BASE Infograf&iacute;a v4.1 - Plantilla --><\/p>\n<article class=\"container_v004_info\">\n<p class=\"titulus_info\"> Encuesta en Provincia \/ Evaluaci\u00f3n gesti\u00f3n Milei y Kicillof<\/p>\n<p class=\"bajada_info\">En base a un sondeo bonaerense de 812 casos<\/p>\n<p>    <!-- Dedo *opcional*\n\n    \n\n<div class=\"bajada_aclaracion\">\n        <img decoding=\"async\" id=\"dedo_info\" src=\"https:\/\/13.com.ar\/wp-content\/uploads\/2025\/02\/una-encuesta-pone-a-los-libertarios-arriba-en-Provincia.svg.svg+xml\" alt=\"\" aria-hidden=\"true\">\n        <span>Toc&aacute; para explorar el contenido<\/span>\n    <\/div>\n\n\n    fin Dedo --><\/p>\n<hr class=\"linea_arriba\"\/>\n<p>    <iframe title=\"[ Insert title here ]\" aria-label=\"Gr\u00e1fico de anillo\" id=\"datawrapper-chart-NoVET\" src=\"https:\/\/datawrapper.dwcdn.net\/NoVET\/1\/\" scrolling=\"no\" frameborder=\"0\" style=\"width: 0; min-width: 100% !important; border: none;\" height=\"520\" data-external=\"1\"><\/iframe><\/p>\n<hr class=\"linea_arriba\"\/>\n<p>    <iframe title=\"[ Insert title here ] (Copy)\" aria-label=\"Gr\u00e1fico de anillo\" id=\"datawrapper-chart-Vrn8c\" src=\"https:\/\/datawrapper.dwcdn.net\/Vrn8c\/1\/\" scrolling=\"no\" frameborder=\"0\" style=\"width: 0; min-width: 100% !important; border: none;\" height=\"520\" data-external=\"1\"><\/iframe><\/p>\n<hr class=\"linea_abajo\"\/>\n<footer class=\"fuente_info\">\n        <span>Fuente: <strong>Pulso Research<\/strong><\/span><strong><br \/>\n            <span>Infograf\u00eda: <strong>Clar\u00edn<\/strong><\/span><br \/>\n        <\/strong><br \/>\n    <\/footer>\n<p><strong><br \/>\n    <\/strong><br \/>\n<\/article>\n<\/div>\n<div class=\"sc-80531b6b-0 chRIGJ container-text text-embed\">\n<p>Y <strong>Kicillof acumula otro dato para preocuparse<\/strong>. En este caso, con l\u00f3gica de interna. Cuando<strong><em> Pulso Research<\/em><\/strong> pregunta por el<strong> l\u00edder de la oposici\u00f3n<\/strong>, los encuestados bonaerenses ubican a<strong> Cristina arriba<\/strong>, con 30,6%, contra s\u00f3lo 10,7% del exministro de Econom\u00eda. Con un consuelo: peor le va a Mauricio Macri, que junta un magro 3,9%.<\/p>\n<\/div>\n<p><h2>La Libertad Avanza, arriba para las legislativas<\/h2>\n<\/p>\n<div class=\"sc-80531b6b-0 chRIGJ container-text text-embed\">\n<p>Pero los n\u00fameros m\u00e1s llamativos vienen con los<strong> cuadros electorales<\/strong>. El sondeo plantea dos escenarios. Uno m\u00e1s general y otro m\u00e1s espec\u00edfico por espacio. En ambos triunfo el Gobierno libertario.<\/p>\n<\/div>\n<div class=\"sc-80531b6b-0 chRIGJ container-text text-embed\">\n<p><strong>&#8220;Pensando en las elecciones del 2025, usted piensa en votar por un candidato a favor del gobierno o en contra del gobierno?&#8221;, pregunta primero el estudio. Y la opci\u00f3n &#8220;alguien aliado al gobierno&#8221; lidera con el 38,9%.<\/strong><\/p>\n<\/div>\n<div class=\"sc-80531b6b-0 chRIGJ container-text text-embed\">\n<p>Debajo completan: &#8220;Alguien opositor al gobierno&#8221; con 29,4%, &#8220;no lo tengo decidido&#8221; con 27,7% y &#8220;no sabe\/no contesta&#8221; con 3,9%.<\/p>\n<\/div>\n<div class=\"sc-106e49c0-0 dcVumd freeHtml-embed undefined\"><!-- Info_HTML HTML BASE Infograf&iacute;a v4.1 - Plantilla --><\/p>\n<article class=\"container_v004_info\">\n<p class=\"titulus_info\">Encuesta en Provincia \/ Intenci\u00f3n de voto para las legislativas<\/p>\n<p class=\"bajada_info\"> En base a un sondeo bonaerense de 812 casos<\/p>\n<p><!-- Dedo *opcional* \n  \n\n<div class=\"bajada_aclaracion\">\n    <img decoding=\"async\" id=\"dedo_info\" src=\"https:\/\/13.com.ar\/wp-content\/uploads\/2025\/02\/una-encuesta-pone-a-los-libertarios-arriba-en-Provincia.svg.svg+xml\" alt=\"\" aria-hidden=\"true\">\n    <span>Toc&aacute; para explorar el contenido<\/span>\n  <\/div>\n\n\n fin Dedo --><\/p>\n<hr class=\"linea_arriba\"\/>\n<p><iframe title=\"[ Insert title here ] (Copy) (Copy)\" aria-label=\"Gr\u00e1fico de anillo\" id=\"datawrapper-chart-RvRWP\" src=\"https:\/\/datawrapper.dwcdn.net\/RvRWP\/1\/\" scrolling=\"no\" frameborder=\"0\" style=\"width: 0; min-width: 100% !important; border: none;\" height=\"520\" data-external=\"1\"><\/iframe><\/p>\n<hr class=\"linea_arriba\"\/>\n<p><iframe title=\"[ Insert title here ] (Copy) (Copy) (Copy)\" aria-label=\"Gr\u00e1fico de anillo\" id=\"datawrapper-chart-OHzPI\" src=\"https:\/\/datawrapper.dwcdn.net\/OHzPI\/1\/\" scrolling=\"no\" frameborder=\"0\" style=\"width: 0; min-width: 100% !important; border: none;\" height=\"520\" data-external=\"1\"><\/iframe><\/p>\n<hr class=\"linea_abajo\"\/>\n<footer class=\"fuente_info\">\n   <span>Fuente: <strong>Fixer<\/strong><\/span><strong><br \/>\n    <span>Infograf\u00eda: <strong>Pulso Research<\/strong><\/span><br \/>\n  <\/strong><\/footer>\n<p><strong><br \/>\n<\/strong><\/article>\n<\/div>\n<div class=\"sc-80531b6b-0 chRIGJ container-text text-embed\">\n<p>Pero sorprende m\u00e1s todav\u00eda cuando la pregunta ofrece variantes de respuesta por fuerza.<strong> &#8220;Aunque todav\u00eda falte mucho tiempo, si hoy fueran las elecciones legislativas del 2025 para elegir Diputados y Senadores Nacionales, \u00bfa qu\u00e9 espacio votar\u00eda usted?&#8221;<\/strong>, indaga la encuesta.<\/p>\n<\/div>\n<div class=\"sc-80531b6b-0 chRIGJ container-text text-embed\">\n<p><strong>Y all\u00ed puntea La Libertad Avanza con el 33,9%. El peronismo kirchnerista de Cristina y Kicillof figura segundo y a una brecha amplia, con apenas 21,2%. Completa el podio el PRO con 9%.<\/strong><\/p>\n<\/div>\n<div class=\"sc-80531b6b-0 chRIGJ container-text text-embed\">\n<p>Ya m\u00e1s alejados cierran: <\/p>\n<\/div>\n<\/div>\n<p><br \/>\n<br \/><a href=\"https:\/\/www.clarin.com\/politica\/alerta-maxima-cristina-kicillof-encuesta-pone-libertarios-arriba-provincia_0_gcfZNxSlMy.html\">Fuente Clarin.com <\/a><\/p>\n","protected":false},"excerpt":{"rendered":"<p>Mientras Cristina Kirchner intenta encuadrar a Axel Kicillof y el gobernador analiza gestos de autonom\u00eda, como separar la elecci\u00f3n bonaerense de la nacional, una nueva encuesta enciende un alerta m\u00e1ximo para ambos. Es un estudio que pregunt\u00f3 justamente por los comicios provinciales y donde aparece primera La Libertad Avanza. El trabajo lo hizo Pulso Research, [&hellip;]<\/p>\n","protected":false},"author":1,"featured_media":1522,"comment_status":"open","ping_status":"open","sticky":false,"template":"","format":"standard","meta":{"footnotes":""},"categories":[2],"tags":[2949,3180,3181,28,455,490,73],"class_list":["post-1521","post","type-post","status-publish","format-standard","has-post-thumbnail","hentry","category-ultimas-noticias","tag-arriba","tag-encuesta","tag-libertarios","tag-los","tag-pone","tag-provincia","tag-una"],"_links":{"self":[{"href":"https:\/\/13.com.ar\/index.php\/wp-json\/wp\/v2\/posts\/1521","targetHints":{"allow":["GET"]}}],"collection":[{"href":"https:\/\/13.com.ar\/index.php\/wp-json\/wp\/v2\/posts"}],"about":[{"href":"https:\/\/13.com.ar\/index.php\/wp-json\/wp\/v2\/types\/post"}],"author":[{"embeddable":true,"href":"https:\/\/13.com.ar\/index.php\/wp-json\/wp\/v2\/users\/1"}],"replies":[{"embeddable":true,"href":"https:\/\/13.com.ar\/index.php\/wp-json\/wp\/v2\/comments?post=1521"}],"version-history":[{"count":0,"href":"https:\/\/13.com.ar\/index.php\/wp-json\/wp\/v2\/posts\/1521\/revisions"}],"wp:featuredmedia":[{"embeddable":true,"href":"https:\/\/13.com.ar\/index.php\/wp-json\/wp\/v2\/media\/1522"}],"wp:attachment":[{"href":"https:\/\/13.com.ar\/index.php\/wp-json\/wp\/v2\/media?parent=1521"}],"wp:term":[{"taxonomy":"category","embeddable":true,"href":"https:\/\/13.com.ar\/index.php\/wp-json\/wp\/v2\/categories?post=1521"},{"taxonomy":"post_tag","embeddable":true,"href":"https:\/\/13.com.ar\/index.php\/wp-json\/wp\/v2\/tags?post=1521"}],"curies":[{"name":"wp","href":"https:\/\/api.w.org\/{rel}","templated":true}]}}