{"id":15209,"date":"2025-03-26T10:30:35","date_gmt":"2025-03-26T13:30:35","guid":{"rendered":"https:\/\/13.com.ar\/index.php\/enzo-fernandez-salio-a-la-cancha-con-su-hijo-mas-chico-y-revoluciono-las-redes-sociales\/"},"modified":"2025-03-26T10:30:35","modified_gmt":"2025-03-26T13:30:35","slug":"enzo-fernandez-salio-a-la-cancha-con-su-hijo-mas-chico-y-revoluciono-las-redes-sociales","status":"publish","type":"post","link":"https:\/\/13.com.ar\/index.php\/enzo-fernandez-salio-a-la-cancha-con-su-hijo-mas-chico-y-revoluciono-las-redes-sociales\/","title":{"rendered":"Enzo Fern\u00e1ndez sali\u00f3 a la cancha con su hijo m\u00e1s chico y revolucion\u00f3 las redes sociales"},"content":{"rendered":"<p> <br \/>\n<br \/><img decoding=\"async\" src=\"https:\/\/13.com.ar\/wp-content\/uploads\/2025\/03\/Gardelito-cada-dia-juega-mejor.jpg\" \/><\/p>\n<div id=\"element-body-0\">\n<p>Antes de que <strong>Argentina venciera 4 a 1 a Brasil<\/strong> en el estadio Monumental, <strong>Enzo Fern\u00e1ndez<\/strong> se rob\u00f3 las miradas de todos los presentes al salir a la cancha con su hijo m\u00e1s chico, <strong>Benjam\u00edn.<\/strong><\/p>\n<\/div>\n<div id=\"element-body-1\">\n<p>Benjam\u00edn es fruto de la relaci\u00f3n entre <strong>Enzo Fern\u00e1ndez y Valu Cervantes<\/strong>, quienes se reconciliaron recientemente tras estar un par de meses distanciados.<\/p>\n<\/div>\n<div id=\"element-body-2\">\n<p>El segundo hijo de la pareja, ya hab\u00edan tenido a <strong>Olivia en 2020,<\/strong> naci\u00f3 en <strong>octubre de 2023<\/strong>. A pesar de no haber ni siquiera alcanzado los dos a\u00f1os, el beb\u00e9 ya es furor en redes sociales donde<strong> supo ganarse el cari\u00f1o de todos por su ternura.<\/strong><\/p>\n<\/div>\n<div id=\"element-body-3\">\n<p>Pero el pasado martes por la noche, Benjam\u00edn y Enzo revolucionaron internet cuando el jugador de la Selecci\u00f3n Argentina <strong>sali\u00f3 a la cancha con su beb\u00e9 en brazos<\/strong>, mientras su mujer y su hija lo alentaban desde la tribuna en el estadio de River.<\/p>\n<\/div>\n<div id=\"element-body-4\">\n<p>Juntos, padre e hijo, <strong>protagonizaron un tierno momento<\/strong> mientras entonaban el himno nacional argentino y el beb\u00e9 con su chupete se acurruc\u00f3 en los brazos del futbolista.<\/p>\n<\/div>\n<div id=\"element-body-5\">\n<p>El video r\u00e1pidamente se hizo viral y Enzo y el peque\u00f1o Benjam\u00edn, a quien apodan cari\u00f1osamente en redes sociales como <strong>&#8220;el beb\u00e9 gordo&#8221;<\/strong>, recibieron halagos de todos los usuarios.<\/p>\n<\/div>\n<div id=\"element-body-6\">\n<p>&#8220;El mini Enzo Fern\u00e1ndez con chupete, la mejor criatura de este mundo&#8221;, &#8220;Enzo sali\u00f3 a la cancha con el &#8216;beb\u00e9 gordo&#8217;, yo ya gan\u00e9, no me importa el resultado&#8221;, fueron algunos de los comentarios que cosecharon miles de &#8220;me gusta&#8221; en X (ex Twitter).<\/p>\n<\/div>\n<div id=\"element-body-8\">\n<p>M\u00e1s tarde, a los 12 minutos de haber comenzado el primer tiempo, Fern\u00e1ndez anot\u00f3 un <strong>golazo para la Selecci\u00f3n<\/strong>, marcando el 2 a 0 de Argentina frente a Brasil, con una jugada de arco a arco. El peque\u00f1o definitivamente le trajo suerte a su pap\u00e1. <\/p>\n<\/div>\n<p><h2>Valentina Cervantes revel\u00f3 las condiciones que le puso a Enzo Fern\u00e1ndez para reconciliarse<\/h2>\n<\/p>\n<div id=\"element-body-10\">\n<p>A finales de octubre de 2024, Fern\u00e1ndez le plante\u00f3 a Cervantes de un d\u00eda para el otro que <strong>quer\u00eda separarse y ella arm\u00f3 las valijas<\/strong> y se volvi\u00f3 a Buenos Aires, a pesar de haber estado seis a\u00f1os juntos y compartir dos hijos.<\/p>\n<\/div>\n<div id=\"element-body-11\">\n<p>Apenas tres meses despu\u00e9s de anunciar su separaci\u00f3n, el futbolista y la modelo decidieron<strong> darle una segunda chance a su relaci\u00f3n<\/strong> y recomponer su vida como familia, junto a sus hijos Olivia y Benjam\u00edn, en Inglaterra.<\/p>\n<\/div>\n<div id=\"element-body-12\">\n<div class=\"sc-c2c2a3c6-1 kQhBlc videoText videoText\">\n<h2>Video<\/h2>\n<p>La palabra de Valentina Cervantes, tras su reconciliaci\u00f3n con Enzo Fern\u00e1ndez<\/p>\n<\/div>\n<\/div>\n<div id=\"element-body-13\">\n<p>Luego de confirmar su reconciliaci\u00f3n, Valentina revel\u00f3 las condiciones que le puso a su pareja para volver a estar juntos.<\/p>\n<\/div>\n<div id=\"element-body-14\">\n<p>\u201cC\u00f3mo cambia todo\u2026 pasaron cosas. Por suerte estoy mejor. Tuvimos nuestras charlas. Arreglamos las cosas con las que no est\u00e1bamos muy de acuerdo. <strong>Pudimos acomodarnos todo bien para seguir con la familia<\/strong> y obvio con nuestra pareja&#8221;, explic\u00f3 la modelo en un m\u00f3vil televisivo.<\/p>\n<\/div>\n<div id=\"element-body-15\">\n<p>Y agreg\u00f3: \u201c<strong>Si no hubiera amor, hoy no estar\u00eda con Enzo<\/strong>. Por suerte s\u00e9 que eso es lo que sobra. Yo acced\u00ed a darle una segunda oportunidad. Soy de dar segundas oportunidades y si es mi familia, m\u00e1s todav\u00eda\u201d.<\/p>\n<\/div>\n<div id=\"element-body-17\">\n<p>Acerca de la conversaci\u00f3n que mantuvieron en la que decidieron volver a intentarlo, Valu cont\u00f3: \u201c<strong>Se hablaron un mont\u00f3n de cosas y de mi lado siempre estuvo la predisposici\u00f3n.<\/strong> Fue una charla que tuvimos, muy \u00edntima. Se extra\u00f1\u00f3 todo tambi\u00e9n: la familia, la pareja, el estar acompa\u00f1ado&#8230; no es lo mismo\u201d.<\/p>\n<\/div>\n<div id=\"element-body-18\">\n<p>Adem\u00e1s, en la entrevista con <em>LAM <\/em>(Am\u00e9rica TV), la joven explic\u00f3 c\u00f3mo se tom\u00f3 la propuesta de Enzo de reconciliarse: \u201cNo me sorprendi\u00f3 porque lo conozco c\u00f3mo es y<strong> s\u00e9 los valores que tiene\u201d.<\/strong><\/p>\n<\/div>\n<p><br \/>\n<br \/><a href=\"https:\/\/www.clarin.com\/fama\/enzo-fernandez-salio-cancha-hijo-chico-revoluciono-redes-sociales_0_cpQChu5yml.html\">Fuente Clarin.com <\/a><\/p>\n","protected":false},"excerpt":{"rendered":"<p>Antes de que Argentina venciera 4 a 1 a Brasil en el estadio Monumental, Enzo Fern\u00e1ndez se rob\u00f3 las miradas de todos los presentes al salir a la cancha con su hijo m\u00e1s chico, Benjam\u00edn. Benjam\u00edn es fruto de la relaci\u00f3n entre Enzo Fern\u00e1ndez y Valu Cervantes, quienes se reconciliaron recientemente tras estar un par [&hellip;]<\/p>\n","protected":false},"author":1,"featured_media":15116,"comment_status":"open","ping_status":"open","sticky":false,"template":"","format":"standard","meta":{"footnotes":""},"categories":[2],"tags":[5078,4750,18,3821,5,918,48,155,505,6153,1588,1034],"class_list":["post-15209","post","type-post","status-publish","format-standard","has-post-thumbnail","hentry","category-ultimas-noticias","tag-cancha","tag-chico","tag-con","tag-enzo","tag-fernandez","tag-hijo","tag-las","tag-mas","tag-redes","tag-revoluciono","tag-salio","tag-sociales"],"_links":{"self":[{"href":"https:\/\/13.com.ar\/index.php\/wp-json\/wp\/v2\/posts\/15209","targetHints":{"allow":["GET"]}}],"collection":[{"href":"https:\/\/13.com.ar\/index.php\/wp-json\/wp\/v2\/posts"}],"about":[{"href":"https:\/\/13.com.ar\/index.php\/wp-json\/wp\/v2\/types\/post"}],"author":[{"embeddable":true,"href":"https:\/\/13.com.ar\/index.php\/wp-json\/wp\/v2\/users\/1"}],"replies":[{"embeddable":true,"href":"https:\/\/13.com.ar\/index.php\/wp-json\/wp\/v2\/comments?post=15209"}],"version-history":[{"count":0,"href":"https:\/\/13.com.ar\/index.php\/wp-json\/wp\/v2\/posts\/15209\/revisions"}],"wp:featuredmedia":[{"embeddable":true,"href":"https:\/\/13.com.ar\/index.php\/wp-json\/wp\/v2\/media\/15116"}],"wp:attachment":[{"href":"https:\/\/13.com.ar\/index.php\/wp-json\/wp\/v2\/media?parent=15209"}],"wp:term":[{"taxonomy":"category","embeddable":true,"href":"https:\/\/13.com.ar\/index.php\/wp-json\/wp\/v2\/categories?post=15209"},{"taxonomy":"post_tag","embeddable":true,"href":"https:\/\/13.com.ar\/index.php\/wp-json\/wp\/v2\/tags?post=15209"}],"curies":[{"name":"wp","href":"https:\/\/api.w.org\/{rel}","templated":true}]}}