{"id":1519,"date":"2025-02-03T06:33:35","date_gmt":"2025-02-03T09:33:35","guid":{"rendered":"https:\/\/13.com.ar\/index.php\/el-hombre-que-no-duerme-por-los-arboles\/"},"modified":"2025-02-03T06:33:35","modified_gmt":"2025-02-03T09:33:35","slug":"el-hombre-que-no-duerme-por-los-arboles","status":"publish","type":"post","link":"https:\/\/13.com.ar\/index.php\/el-hombre-que-no-duerme-por-los-arboles\/","title":{"rendered":"El hombre que no duerme por los \u00e1rboles"},"content":{"rendered":"<p> <br \/>\n<br \/><img decoding=\"async\" src=\"https:\/\/13.com.ar\/wp-content\/uploads\/2025\/02\/El-hombre-que-no-duerme-por-los-arboles.jpg\" \/><\/p>\n<div id=\"cuerpo\">\n<div class=\"sc-80531b6b-0 chRIGJ container-text text-embed\">\n<p>Placeres que depara el ejercicio del periodismo: no siempre, pero s\u00ed cada tanto si uno busca, el entrevistador se encuentra con un entrevistado que siente la clave, la llave, el secreto, eso que otorga sentido a <strong>las tantas insensateces que solemos cometer: la pasi\u00f3n.<\/strong><\/p>\n<\/div>\n<div class=\"sc-80531b6b-0 chRIGJ container-text text-embed\">\n<p>Hace unos d\u00edas me toc\u00f3 en suerte dialogar con Jorge Fiorentino, un ingeniero agr\u00f3nomo experto en \u201cgesti\u00f3n del arbolado y espacios verdes urbanos\u201d, disciplina esot\u00e9rica para m\u00ed hasta entonces. Desde el 2009 se dedica al tema en el gobierno de la Ciudad y hoy es gerente operativo de Mantenimiento del Arbolado.<\/p>\n<\/div>\n<div class=\"sc-80531b6b-0 chRIGJ container-text text-embed\">\n<p>S\u00edntomas de la pasi\u00f3n: Fiorentino casi no duerme cuando caen tormentas sobre Buenos Aires. Teme que haya \u00e1rboles que se caigan y ocasionen desastres. Teme, tambi\u00e9n, que as\u00ed sea da\u00f1ado el prestigio de los \u00e1rboles.<\/p>\n<\/div>\n<div class=\"sc-80531b6b-0 chRIGJ container-text text-embed\">\n<p>Otro s\u00edntoma: tiene preferencias y hasta fanatismo por algunas especies. Pero a diferencia de las futboleras, estas inclinaciones son razonadas.<\/p>\n<\/div>\n<div class=\"sc-80531b6b-0 chRIGJ container-text text-embed\">\n<p>Lo seduce el jacarand\u00e1, cuya floraci\u00f3n dura un mes y medio como mucho, no s\u00f3lo por la belleza de su coloraci\u00f3n, que \u00e9l define como lila (y Mar\u00eda Elena Walsh bautiz\u00f3 celeste), sino porque<strong> su crecimiento est\u00e1 acorde con la paciencia de la Ciudad<\/strong>, al igual que su envergadura y calidad de sombra.<\/p>\n<\/div>\n<div class=\"sc-80531b6b-0 chRIGJ container-text text-embed\">\n<p>Lo mismo le pasa con las tipas, de flores amarillas, aunque a \u00e9stas les encuentra el inconveniente de sus dilatadas copas que <strong>necesitan mucho espacio para expandirse<\/strong> y s\u00f3lo son toleradas por las avenidas.<\/p>\n<\/div>\n<div class=\"sc-80531b6b-0 chRIGJ container-text text-embed\">\n<p>Aborrece, en cambio, al resistente ficus, cuyas potentes ra\u00edces destruyen veredas y al elegante eucalipto, de <strong>ramas tan grandes como d\u00e9biles<\/strong>, propicias a las ca\u00eddas.<\/p>\n<\/div>\n<div class=\"sc-80531b6b-0 chRIGJ container-text text-embed\">\n<p>Fiorentino no le huye a la discusi\u00f3n sobre los pl\u00e1tanos: comprende los <strong>inconvenientes que trae a los al\u00e9rgicos<\/strong> sobre todo en primavera pero destaca la <strong>espesura de su sombra, refrescante en este clima cada vez m\u00e1s tropical.<\/strong> Aclara: no se plantan m\u00e1s esos \u00e1rboles en la Ciudad.<\/p>\n<\/div>\n<div class=\"sc-80531b6b-0 chRIGJ container-text text-embed\">\n<p>Y reconoce: seg\u00fan normas internacionales, las urbes deben tener un 30% de espacio verde. Buenos Aires tiene un 15%. No supone una cat\u00e1strofe, pero el deber que supone<strong> es plantar y plantar.<\/strong><\/p>\n<\/div>\n<div class=\"sc-80531b6b-0 chRIGJ container-text text-embed\">\n<p>Pasan los minutos de radio a velocidad impensada en un tema que por momentos tem\u00ed tedioso y evoco otro encuentro cercano, esta vez con una ni\u00f1a de cuatro a\u00f1os.<\/p>\n<\/div>\n<div class=\"sc-80531b6b-0 chRIGJ container-text text-embed\">\n<p>Mir\u00e1bamos, descubr\u00edamos, explor\u00e1bamos un bosque e imaginamos, de pronto, <strong>toda la vida que pod\u00eda contener un solo \u00e1rbol:<\/strong> p\u00e1jaros, pichones, huevos, hormigas, orgugas, ara\u00f1as, culebritas, gusanos, avispas, abejas y as\u00ed&#8230; el infinito en competitiva y armoniosa sinfon\u00eda.<\/p>\n<\/div>\n<div class=\"sc-80531b6b-0 chRIGJ container-text text-embed\">\n<p>Una ciudad, un cosmos rebosante de vida, en un enorme ser lo cobija. Por eso, no por los miedos comprensibles de los cuatro a\u00f1os, en las noches de tormenta, Fiorentino no duerme pensando en los \u00e1rboles.<\/p>\n<\/div>\n<\/div>\n<p><br \/>\n<br \/><a href=\"https:\/\/www.clarin.com\/opinion\/hombre-duerme-arboles_0_2e8u93xrrz.html\">Fuente Clarin.com <\/a><\/p>\n","protected":false},"excerpt":{"rendered":"<p>Placeres que depara el ejercicio del periodismo: no siempre, pero s\u00ed cada tanto si uno busca, el entrevistador se encuentra con un entrevistado que siente la clave, la llave, el secreto, eso que otorga sentido a las tantas insensateces que solemos cometer: la pasi\u00f3n. Hace unos d\u00edas me toc\u00f3 en suerte dialogar con Jorge Fiorentino, [&hellip;]<\/p>\n","protected":false},"author":1,"featured_media":1520,"comment_status":"open","ping_status":"open","sticky":false,"template":"","format":"standard","meta":{"footnotes":""},"categories":[2],"tags":[3179,3178,532,28,142],"class_list":["post-1519","post","type-post","status-publish","format-standard","has-post-thumbnail","hentry","category-ultimas-noticias","tag-arboles","tag-duerme","tag-hombre","tag-los","tag-por"],"_links":{"self":[{"href":"https:\/\/13.com.ar\/index.php\/wp-json\/wp\/v2\/posts\/1519","targetHints":{"allow":["GET"]}}],"collection":[{"href":"https:\/\/13.com.ar\/index.php\/wp-json\/wp\/v2\/posts"}],"about":[{"href":"https:\/\/13.com.ar\/index.php\/wp-json\/wp\/v2\/types\/post"}],"author":[{"embeddable":true,"href":"https:\/\/13.com.ar\/index.php\/wp-json\/wp\/v2\/users\/1"}],"replies":[{"embeddable":true,"href":"https:\/\/13.com.ar\/index.php\/wp-json\/wp\/v2\/comments?post=1519"}],"version-history":[{"count":0,"href":"https:\/\/13.com.ar\/index.php\/wp-json\/wp\/v2\/posts\/1519\/revisions"}],"wp:featuredmedia":[{"embeddable":true,"href":"https:\/\/13.com.ar\/index.php\/wp-json\/wp\/v2\/media\/1520"}],"wp:attachment":[{"href":"https:\/\/13.com.ar\/index.php\/wp-json\/wp\/v2\/media?parent=1519"}],"wp:term":[{"taxonomy":"category","embeddable":true,"href":"https:\/\/13.com.ar\/index.php\/wp-json\/wp\/v2\/categories?post=1519"},{"taxonomy":"post_tag","embeddable":true,"href":"https:\/\/13.com.ar\/index.php\/wp-json\/wp\/v2\/tags?post=1519"}],"curies":[{"name":"wp","href":"https:\/\/api.w.org\/{rel}","templated":true}]}}