{"id":1517,"date":"2025-02-03T06:30:55","date_gmt":"2025-02-03T09:30:55","guid":{"rendered":"https:\/\/13.com.ar\/index.php\/un-sector-del-bloque-de-diputados-apoya-la-suspension-de-las-paso-pero-dudan-de-darle-un-triunfo-a-javier-milei\/"},"modified":"2025-02-03T06:30:55","modified_gmt":"2025-02-03T09:30:55","slug":"un-sector-del-bloque-de-diputados-apoya-la-suspension-de-las-paso-pero-dudan-de-darle-un-triunfo-a-javier-milei","status":"publish","type":"post","link":"https:\/\/13.com.ar\/index.php\/un-sector-del-bloque-de-diputados-apoya-la-suspension-de-las-paso-pero-dudan-de-darle-un-triunfo-a-javier-milei\/","title":{"rendered":"un sector del bloque de Diputados apoya la suspensi\u00f3n de las PASO, pero dudan de darle un triunfo a Javier Milei"},"content":{"rendered":"<p> <br \/>\n<\/p>\n<div id=\"cuerpo\">\n<div class=\"sc-80531b6b-0 chRIGJ container-text text-embed\">\n<p>Entre dilemas y tensiones cruzadas, un<strong> \u201ctetris complejo\u201d<\/strong> seg\u00fan una figura que reson\u00f3 en las \u00faltimas horas puertas adentro del espacio, el peronismo buscar\u00e1 consensuar este lunes una postura sobre la suspensi\u00f3n de las PASO impulsada por el Gobierno y con el apoyo confirmado de parte de la oposici\u00f3n. Ser\u00e1 un d\u00eda antes del inicio del debate en comisi\u00f3n en Diputados, con el prop\u00f3sito del oficialismo de llevar el tema al recinto este jueves.<\/p>\n<\/div>\n<div class=\"sc-80531b6b-0 chRIGJ container-text text-embed\">\n<p>Un sector del bloque de Uni\u00f3n por la Patria<strong> se inclina por votar a favor<\/strong>, e incluso podr\u00eda ser mayoritario de acuerdo con el poroteo previo, aunque <strong>genera ruido el apoyo al dise\u00f1o electoral que propone Javier Milei e incide tambi\u00e9n la disputa por la definici\u00f3n del calendario en territorio bonaerense<\/strong>, con el desdoblamiento de la elecci\u00f3n para cargos provinciales y municipales en estudio por parte de Axel Kicillof y resistido por Cristina Kirchner.<\/p>\n<\/div>\n<div class=\"sc-80531b6b-0 chRIGJ container-text text-embed\">\n<p><strong>\u201cHay diferentes posturas. En los lugares que gobernamos est\u00e1n de acuerdo con suspender, diputados de otras provincias tambi\u00e9n y el Frente Renovador siempre quiso eliminar las PASO\u201d<\/strong>, confi\u00f3 un referente de la bancada de cara a la reuni\u00f3n de este lunes por tarde, en el despacho del titular Germ\u00e1n Mart\u00ednez, en el tercer piso del Palacio.<\/p>\n<\/div>\n<div class=\"sc-80531b6b-0 chRIGJ container-text text-embed\">\n<p><strong>\u201cNadie lo quiere decir, para no darle el voto f\u00e1cil a Milei\u201d<\/strong>, coincidi\u00f3 otro intregrante del bloque. Los gobernadores Ricardo Quintela (La Rioja), Ra\u00fal Jalil (Catamarca), Gildo Insfr\u00e1n (Formosa) y Sergio Ziliotto (La Pampa) avalar\u00edan la suspensi\u00f3n. \u201cHace rato que lo venimos planteando. En esta situaci\u00f3n del pa\u00eds es muy dif\u00edcil armar las PASO, m\u00e1s la elecci\u00f3n provincial que varios desdoblaron. <strong>Y si ya sacamos las primarias a nivel local, \u00bfc\u00f3mo defendemos que sigan las nacionales?\u201d<\/strong>, ratific\u00f3 uno de ellos ante la consulta de <strong>Clar\u00edn<\/strong>.<\/p>\n<\/div>\n<div class=\"sc-80531b6b-0 chRIGJ container-text text-embed\">\n<p>En contraposici\u00f3n, diputados de provincias con mayores dificultades para resolver las internas, como Santa Fe y Mendoza, adelantaron que ir\u00e1n por la continuidad de las primarias. <strong>\u201cLa eliminaci\u00f3n de las PASO s\u00f3lo le sirve a Milei\u201d<\/strong>, confirm\u00f3 esa posici\u00f3n Eduardo Toniolli, legislador por Sante Fe.<\/p>\n<\/div>\n<div class=\"sc-198be8ec-0 cynXbu image-embed  image-embed \"><picture class=\"sc-198be8ec-1 kOjRiQ\"><source media=\"(min-width: 975px)\" width=\"720\" height=\"480\" \/><img alt=\"M\u00e1ximo Kirchner y Germ\u00e1n Mart\u00ednez, en una sesi\u00f3n en la C\u00e1mara de Diputados.&#10;Foto: Emmanuel Fern\u00e1ndez.\" loading=\"lazy\" width=\"720\" height=\"480\" decoding=\"async\" data-nimg=\"1\" style=\"color:transparent\" src=\"https:\/\/13.com.ar\/wp-content\/uploads\/2025\/02\/un-sector-del-bloque-de-Diputados-apoya-la-suspension-de.jpg\"\/><span class=\"epigraphe\">M\u00e1ximo Kirchner y Germ\u00e1n Mart\u00ednez, en una sesi\u00f3n en la C\u00e1mara de Diputados.<br \/>\nFoto: Emmanuel Fern\u00e1ndez.<\/span><span class=\"bkg\"\/><span class=\"picture-open\"><button class=\"open-image\" aria-label=\"Open Image\"\/><\/span><\/picture><\/div>\n<div class=\"sc-80531b6b-0 chRIGJ container-text text-embed\">\n<p>Cristina Kirchner no baj\u00f3 una l\u00ednea clara en la previa, a la espera de la reuni\u00f3n del bloque y ante el riesgo de que el espacio no consiga unificar el voto. \u201cNo hay una postura definida, hay que discutirlo.<strong> Nadie va a imponer nada y a esta hora tampoco nadie puede decir que vamos a votar de tal o cual manera<\/strong>\u201d, se limitaron a decir desde el Instituto Patria.<\/p>\n<\/div>\n<div class=\"sc-80531b6b-0 chRIGJ container-text text-embed\">\n<p>Hace algunas semanas hab\u00eda trascendido que M\u00e1ximo Kirchner estaba a favor de suspender las primarias, m\u00e1s all\u00e1 de que en ese caso crecer\u00e1n las posibilidades de que tampoco haya PASO en Buenos Aires y Kicillof quedar\u00e1 m\u00e1s perfilado a adelantar la elecci\u00f3n provincial, dado que habr\u00eda dos fechas y no tres o cuatro, algo m\u00e1s dif\u00edcil de implementar y de justificar.<\/p>\n<\/div>\n<div class=\"sc-80531b6b-0 chRIGJ container-text text-embed\">\n<p>Desde La C\u00e1mpora remarcaron un<strong> reposteo del PJ provincial a la r\u00e9plica de Kicillof a Milei<\/strong> en el cruce por los casos de inseguridad en el conurbano, un gesto de apoyo y de distensi\u00f3n en medio de la pulseada y el riesgo de ruptura en la previa de las definiciones electorales en el principal distrito del pa\u00eds.<\/p>\n<\/div>\n<p><h2>En silencio<\/h2>\n<\/p>\n<div class=\"sc-80531b6b-0 chRIGJ container-text text-embed\">\n<p><strong>\u201cEn diciembre estaba instalado que Cristina y Massa hab\u00edan decidido suspender, ahora est\u00e1n en silencio para no abonar la idea del pacto por Ficha Limpia, el pliego de Lijo y dem\u00e1s. Tambi\u00e9n es cierto que en el bloque ganas de apoyar algo de Milei no hay<\/strong>\u201d, consider\u00f3 un referente de Uni\u00f3n por la Patria, que a su vez vincul\u00f3 el entramado al posible apoyo del peronismo porte\u00f1o a la suspensi\u00f3n de las PASO en la Ciudad y a la disputa en la provincia de Buenos Aires. De ah\u00ed la figura de \u201ctetris complejo\u201d que genera cautela en cada sector.<\/p>\n<\/div>\n<div class=\"sc-198be8ec-0 cynXbu image-embed  image-embed \"><picture class=\"sc-198be8ec-1 kOjRiQ\"><source media=\"(min-width: 975px)\" width=\"720\" height=\"480\" \/><img alt=\"Los gobernadores Ra\u00fal Jalil, Axel Kicillof, Ricardo Quintela y Gerardo Zamora, con Gabriel Katopodis y los senadores Alicia Kirchner y Wado de Pedro.\" loading=\"lazy\" width=\"720\" height=\"480\" decoding=\"async\" data-nimg=\"1\" style=\"color:transparent\" src=\"https:\/\/13.com.ar\/wp-content\/uploads\/2025\/02\/1738575055_796_un-sector-del-bloque-de-Diputados-apoya-la-suspension-de.jpg\"\/><span class=\"epigraphe\">Los gobernadores Ra\u00fal Jalil, Axel Kicillof, Ricardo Quintela y Gerardo Zamora, con Gabriel Katopodis y los senadores Alicia Kirchner y Wado de Pedro.<\/span><span class=\"bkg\"\/><span class=\"picture-open\"><button class=\"open-image\" aria-label=\"Open Image\"\/><\/span><\/picture><\/div>\n<div class=\"sc-80531b6b-0 chRIGJ container-text text-embed\">\n<p>Kicillof procura quedar al margen de la discusi\u00f3n por el sistema electoral nacional. \u201c<strong>Ni ser el caballito de batalla de la suspensi\u00f3n ni obstruirla. <\/strong>Si se confirma que no se hacen, queda a tiro de decreto para llamar a la elecci\u00f3n desdoblada\u201d, cont\u00f3 un diputado de PBA que consult\u00f3 al gobernador por este debate.<\/p>\n<\/div>\n<div class=\"sc-80531b6b-0 chRIGJ container-text text-embed\">\n<p>Los diputados chaque\u00f1os de Uni\u00f3n por la Patria presentaron un proyecto para dejar sin efecto las primarias de este a\u00f1o. \u201c<strong>En nuestra provincia el PJ aprob\u00f3 la suspensi\u00f3n de las PASO, tenemos que ser coherentes. <\/strong>Eso cay\u00f3 muy bien en la ciudadan\u00eda y entre nuestros afiliados. Esperamos la reuni\u00f3n del bloque para tomar una decisi\u00f3n en conjunto\u201d, asegur\u00f3 Juan Manuel Pedrini, autor de la iniciativa.<\/p>\n<\/div>\n<div class=\"sc-80531b6b-0 chRIGJ container-text text-embed\">\n<p>Para matizar su postura de eliminarlas, Massa instruy\u00f3 a los legisladores del Frente Renovador exigir el debate del Presupuesto. Mart\u00ednez, el jefe de bloque, declar\u00f3 en un sentido similar:<strong> \u201cEs un desprop\u00f3sito que no se trate el Presupuesto y quieran discutir esos temas\u201d. <\/strong>Se tratar\u00eda de una salida elegante para disimular las diferencias internas, aunque las autoridades de bloque estimaron que habr\u00e1 definici\u00f3n sobre las PASO.<\/p>\n<\/div>\n<div class=\"sc-80531b6b-0 chRIGJ container-text text-embed\">\n<p>El oficialismo tendr\u00eda garantizado aun sin el peronismo tanto el dictamen de mayor\u00eda como el qu\u00f3rum para iniciar la sesi\u00f3n en Diputados. Para la votaci\u00f3n necesitar\u00e1 al menos 129 a favor, lo requerido para una reforma electoral, por lo que podr\u00eda resultar clave el apoyo de un sector de Uni\u00f3n por la Patria para garantizar la aprobaci\u00f3n. Tambi\u00e9n en el Senado, la C\u00e1mara con mayor fortaleza para el PJ. Con la asunci\u00f3n de Stefan\u00eda Cora tendr\u00e1 34 legisladores, a tres de la mayor\u00eda.<\/p>\n<\/div>\n<\/div>\n<p><br \/>\n<br \/><a href=\"https:\/\/www.clarin.com\/politica\/tension-pj-sector-bloque-diputados-apoya-suspension-paso-dudan-darle-triunfo-javier-milei_0_BTst3s3Gh3.html\">Fuente Clarin.com <\/a><\/p>\n","protected":false},"excerpt":{"rendered":"<p>Entre dilemas y tensiones cruzadas, un \u201ctetris complejo\u201d seg\u00fan una figura que reson\u00f3 en las \u00faltimas horas puertas adentro del espacio, el peronismo buscar\u00e1 consensuar este lunes una postura sobre la suspensi\u00f3n de las PASO impulsada por el Gobierno y con el apoyo confirmado de parte de la oposici\u00f3n. Ser\u00e1 un d\u00eda antes del inicio [&hellip;]<\/p>\n","protected":false},"author":1,"featured_media":1518,"comment_status":"open","ping_status":"open","sticky":false,"template":"","format":"standard","meta":{"footnotes":""},"categories":[2],"tags":[3176,3175,1611,100,350,3177,273,48,77,158,265,1201,1217,2027],"class_list":["post-1517","post","type-post","status-publish","format-standard","has-post-thumbnail","hentry","category-ultimas-noticias","tag-apoya","tag-bloque","tag-darle","tag-del","tag-diputados","tag-dudan","tag-javier","tag-las","tag-milei","tag-paso","tag-pero","tag-sector","tag-suspension","tag-triunfo"],"_links":{"self":[{"href":"https:\/\/13.com.ar\/index.php\/wp-json\/wp\/v2\/posts\/1517","targetHints":{"allow":["GET"]}}],"collection":[{"href":"https:\/\/13.com.ar\/index.php\/wp-json\/wp\/v2\/posts"}],"about":[{"href":"https:\/\/13.com.ar\/index.php\/wp-json\/wp\/v2\/types\/post"}],"author":[{"embeddable":true,"href":"https:\/\/13.com.ar\/index.php\/wp-json\/wp\/v2\/users\/1"}],"replies":[{"embeddable":true,"href":"https:\/\/13.com.ar\/index.php\/wp-json\/wp\/v2\/comments?post=1517"}],"version-history":[{"count":0,"href":"https:\/\/13.com.ar\/index.php\/wp-json\/wp\/v2\/posts\/1517\/revisions"}],"wp:featuredmedia":[{"embeddable":true,"href":"https:\/\/13.com.ar\/index.php\/wp-json\/wp\/v2\/media\/1518"}],"wp:attachment":[{"href":"https:\/\/13.com.ar\/index.php\/wp-json\/wp\/v2\/media?parent=1517"}],"wp:term":[{"taxonomy":"category","embeddable":true,"href":"https:\/\/13.com.ar\/index.php\/wp-json\/wp\/v2\/categories?post=1517"},{"taxonomy":"post_tag","embeddable":true,"href":"https:\/\/13.com.ar\/index.php\/wp-json\/wp\/v2\/tags?post=1517"}],"curies":[{"name":"wp","href":"https:\/\/api.w.org\/{rel}","templated":true}]}}