{"id":1515,"date":"2025-02-03T06:26:14","date_gmt":"2025-02-03T09:26:14","guid":{"rendered":"https:\/\/13.com.ar\/index.php\/las-razones-deportivas-del-intercambio-que-estremecio-a-la-nba\/"},"modified":"2025-02-03T06:26:14","modified_gmt":"2025-02-03T09:26:14","slug":"las-razones-deportivas-del-intercambio-que-estremecio-a-la-nba","status":"publish","type":"post","link":"https:\/\/13.com.ar\/index.php\/las-razones-deportivas-del-intercambio-que-estremecio-a-la-nba\/","title":{"rendered":"las razones deportivas del intercambio que estremeci\u00f3 a la NBA"},"content":{"rendered":"<p> <br \/>\n<\/p>\n<div id=\"cuerpo\">\n<div class=\"sc-80531b6b-0 chRIGJ container-text text-embed\">\n<p>La <strong>NBA <\/strong>no sale de su asombro desde que el s\u00e1bado a la noche -madrugada argentina del domingo- explot\u00f3 la bomba y se conoci\u00f3 el inesperado e impactante traspaso que llevar\u00e1 a <strong>Luka Doncic<\/strong> a los <strong>Lakers <\/strong>y a <strong>Anthony Davis<\/strong> a los <strong>Mavericks<\/strong>. Y aunque muchos siguen cuestionando la decisi\u00f3n del equipo texano de ceder al esloveno, su jugador franquicia y cinco veces elegido en el mejor quinteto de la liga, en Dallas tienen clara las razones del &#8220;trueque&#8221;: el poder\u00edo defensivo de Davis, por un lado, y los problemas de condici\u00f3n f\u00edsica de Doncic, por el otro.<\/p>\n<\/div>\n<div class=\"sc-80531b6b-0 chRIGJ container-text text-embed\">\n<p>&#8220;La defensa gana campeonatos&#8221;, afirm\u00f3 <strong>Nico Harrison<\/strong>, m\u00e1nager general de Dallas, en declaraciones a la cadena <strong>ESPN <\/strong>tras conocerse el acuerdo que cerr\u00f3 con los angelinos.<\/p>\n<\/div>\n<div class=\"sc-80531b6b-0 chRIGJ container-text text-embed\">\n<p>&#8220;Creo que consiguiendo a un pivote <em>All-NBA<\/em> (que reconoce a los tres mejores quintetos de la liga) y <em>All-Defensive<\/em> (similar pero con los dos mejores quintetos defensivos), con una mentalidad defensiva, nos da una oportunidad mejor&#8221;, a\u00f1adi\u00f3 resaltando las cualidades de Davis, que cumplir\u00e1 32 a\u00f1os en marzo. <\/p>\n<\/div>\n<div class=\"sc-80531b6b-0 chRIGJ container-text text-embed\">\n<p><strong>Shams Charania<\/strong>, uno de los periodistas con mejores fuentes dentro de la liga, sostuvo en ESPN que fueron los Mavericks los que contactaron a los Lakers para ofrecerles recientemente a Doncic, quien ahora es el elegido por los de angelinos para liderar a la franquicia cuando <strong>LeBron James<\/strong> decida retirarse.<\/p>\n<\/div>\n<div class=\"sc-80531b6b-0 chRIGJ container-text text-embed\">\n<p>Por su parte, <strong>Tim MacMahon<\/strong>, periodista de ESPN con un gran acceso en los Mavericks, asegur\u00f3 que el conjunto de Dallas ten\u00eda &#8220;importantes preocupaciones&#8221; sobre continuar con Doncic por sus &#8220;problemas constantes de condici\u00f3n f\u00edsica&#8221; y por la extensi\u00f3n de contrato &#8220;supermax&#8221; que ten\u00eda que afrontar este verano.<\/p>\n<\/div>\n<div class=\"sc-80531b6b-0 chRIGJ container-text text-embed\">\n<p>En una entrevista con el diario <strong><em>The Dallas Morning News<\/em><\/strong>, Harrison cont\u00f3 m\u00e1s detalles de c\u00f3mo fue el proceso de &#8220;negociaci\u00f3n&#8221; con los Lakers. <\/p>\n<\/div>\n<div class=\"sc-198be8ec-0 cynXbu image-embed  image-embed \"><picture class=\"sc-198be8ec-1 kOjRiQ\"><source media=\"(min-width: 975px)\" width=\"720\" height=\"480\" \/><img alt=\"Harrison, a la derecha, junto a Jason Kidd, cont\u00f3 que el acuerdo con los Lakers tom\u00f3 forma en tres semanas. Foto AP Photo\/Sue Ogrocki\" loading=\"lazy\" width=\"720\" height=\"480\" decoding=\"async\" data-nimg=\"1\" style=\"color:transparent\" src=\"https:\/\/13.com.ar\/wp-content\/uploads\/2025\/02\/las-razones-deportivas-del-intercambio-que-estremecio-a-la-NBA.jpg\"\/><span class=\"epigraphe\">Harrison, a la derecha, junto a Jason Kidd, cont\u00f3 que el acuerdo con los Lakers tom\u00f3 forma en tres semanas. Foto AP Photo\/Sue Ogrocki<\/span><span class=\"bkg\"\/><span class=\"picture-open\"><button class=\"open-image\" aria-label=\"Open Image\"\/><\/span><\/picture><\/div>\n<div class=\"sc-80531b6b-0 chRIGJ container-text text-embed\">\n<p>Seg\u00fan explic\u00f3, hace m\u00e1s de un mes comenz\u00f3 a charlar &#8220;de b\u00e1squetbol&#8221; con <strong>Rob Pelinka<\/strong>, director general del equipo californiano, con quien tiene una relaci\u00f3n de muchos a\u00f1os. <\/p>\n<\/div>\n<div class=\"sc-80531b6b-0 chRIGJ container-text text-embed\">\n<p>&#8220;De repente, nos dijimos<em> &#8216;\u00bfHar\u00edas esto alguna vez?&#8217;<\/em>.<em> &#8216;Nah, est\u00e1s bromeando, \u00bfverdad?&#8217;<\/em>. <em>&#8216;Hmm. Interesante. Quiz\u00e1 lo har\u00eda&#8217;<\/em>. Y luego se fue construyendo el acuerdo con el tiempo, durante las \u00faltimas tres semanas&#8221;, relat\u00f3. <\/p>\n<\/div>\n<div class=\"sc-80531b6b-0 chRIGJ container-text text-embed\">\n<p>Y agreg\u00f3: &#8220;Entiendo por qu\u00e9 los fan\u00e1ticos de Dallas se deben haber sorprendido. Pero creemos que esto nos va a ayudar donde m\u00e1s lo necesitamos, en el aspecto defensivo. Y realmente sentimos que la defensa gana campeonatos. Nos posicionamos para ganar ahora y tambi\u00e9n para ganar en el futuro. Y esos son, en \u00faltima instancia, el objetivo y la raz\u00f3n por la que estamos aqu\u00ed. En eso consiste mi trabajo, en tomar las decisiones dif\u00edciles que anteponen nuestros objetivos a todo lo dem\u00e1s&#8221;. <\/p>\n<\/div>\n<div class=\"sc-80531b6b-0 chRIGJ container-text text-embed\">\n<p>Charaia, quien fue el primero en hacer p\u00fablica la noticia con un tweet que dej\u00f3 en shock a todos, asegur\u00f3 que &#8220;el acuerdo se negoci\u00f3 en la sombra&#8221; y que ni Doncic ni Davis -ni siquiera LeBron- sab\u00edan lo que iba a suceder. <\/p>\n<\/div>\n<div class=\"sc-80531b6b-0 chRIGJ container-text text-embed\">\n<p>Harrison cont\u00f3 que hasta la madrugada del domingo no hab\u00eda hablado directamente con el esloveno, aunque s\u00ed lo hab\u00eda hecho con <strong>Bill Duffy<\/strong>, su agente. &#8220;Mi suposici\u00f3n es que Luka probablemente no quiere hablar conmigo&#8221;, coment\u00f3. <\/p>\n<\/div>\n<div class=\"sc-80531b6b-0 chRIGJ container-text text-embed\">\n<p>El gerente de los Mavericks confirm\u00f3 que la posibilidad de tener que firmar una extensi\u00f3n millonaria con Doncic, cuyo contrato finaliza a fines de 2027, pes\u00f3 a la hora de cerrar el traspaso. <\/p>\n<\/div>\n<div class=\"sc-80531b6b-0 chRIGJ container-text text-embed\">\n<p>Es que el esloveno era elegible para recibir una extensi\u00f3n <em>super-m\u00e1xima <\/em>de cinco a\u00f1os y 345 millones de d\u00f3lares de los Mavericks a fines de esta temporada. Ahora, con el pase a los Lakers confirmado, ya no puede elegir esa opci\u00f3n.<\/p>\n<\/div>\n<div class=\"sc-80531b6b-0 chRIGJ container-text text-embed\">\n<p>&#8220;Creemos que nos hemos adelantado a lo que iba a ser un verano tumultuoso, ya que pod\u00eda optar a la cl\u00e1usula super-m\u00e1xima y tambi\u00e9n estaba a un a\u00f1o de poder rescindir cualquier contrato&#8221;, explic\u00f3 Harrison. &#8220;Y sentimos que nos pudimos adelantar a eso. Sabemos que hay equipos que han estado cargando para tratar de firmarlo una vez que estuviera disponible&#8221;. <\/p>\n<\/div>\n<div class=\"sc-80531b6b-0 chRIGJ container-text text-embed\">\n<p>M\u00e1s all\u00e1 de las explicaciones, hay todav\u00eda muchos fan\u00e1ticos de los Mavericks que no terminan de entender la salida de Doncic, considerado un talento generacional y una de las estrellas m\u00e1s importantes de la NBA, una figura de 25 a\u00f1os con tanto presente como futuro en la liga y sin duda el referente absoluto de la franquicia desde su aterrizaje en Dallas.<\/p>\n<\/div>\n<div class=\"sc-80531b6b-0 chRIGJ container-text text-embed\">\n<p>Tras convertirse en un fen\u00f3meno del b\u00e1squetbol europeo con el <strong>Real Madrid<\/strong>, donde fue compa\u00f1ero de <strong>Facundo Campazzo<\/strong>, Doncic desembarc\u00f3 en la NBA en el draft de 2018, en el que fue elegido en el puesto n\u00famero 3 por <strong>Atlanta Hawks<\/strong> y traspasado inmediatamente a los Mavericks.<\/p>\n<\/div>\n<div class=\"sc-80531b6b-0 chRIGJ container-text text-embed\">\n<p>El balc\u00e1nico fue se\u00f1alado enseguida como el heredero de <strong>Dirk Nowitzki<\/strong> en la franquicia texana y respondi\u00f3 a las expectativas, convirti\u00e9ndose en uno de los anotadores m\u00e1s dif\u00edciles de parar de toda la liga, con unos promedios siempre al borde del triple-doble.<\/p>\n<\/div>\n<div class=\"sc-80531b6b-0 chRIGJ container-text text-embed\">\n<p>En esta temporada, pese a que una lesi\u00f3n en los gemelos lo mantiene afuera de la cancha desde el d\u00eda de Navidad, promedia 28,1 puntos, 8,3 rebotes y 7,8 asistencias.<\/p>\n<\/div>\n<div class=\"sc-80531b6b-0 chRIGJ container-text text-embed\">\n<p>Doncic es cinco veces <strong><em>All-Star<\/em><\/strong> y cinco veces elegido en el mejor quinteto de la liga. Su carisma y talento no solo lo convirtieron en un \u00eddolo en Dallas sino tambi\u00e9n en una de las caras m\u00e1s populares de la NBA en los \u00faltimos a\u00f1os.<\/p>\n<\/div>\n<div class=\"sc-80531b6b-0 chRIGJ container-text text-embed\">\n<p>Lider\u00f3 a los Mavericks hasta la final del Oeste en 2022, donde perdieron ante los despu\u00e9s campeones <strong>Golden State Warriors<\/strong>; y en 2024 les condujo hasta las <strong>Finales<\/strong> de la NBA, en las que cayeron frente a los <strong>Boston Celtics<\/strong>.<\/p>\n<\/div>\n<div class=\"sc-ad4aedf2-0 dPPgNJ border-video video-embed horizontal border-video video-embed horizontal\">\n<div class=\"sc-ad4aedf2-1 hnFuni videoText videoText\">\n<h2>Video<\/h2>\n<p>Luka Doncic a los Lakers. As\u00ed fue la reacci\u00f3n de Kevin Durant en pleno partido<\/p>\n<\/div>\n<\/div>\n<div class=\"sc-80531b6b-0 chRIGJ container-text text-embed\">\n<p>Ahora compartir\u00e1 vestuario con LeBron y buscar\u00e1 hacerse un hueco en la ilustre lista de leyendas de los Lakers, que incluye a gigantes del baloncesto como <strong><em>Magic <\/em>Johnson, Kareem Abdul-Jabbar, Kobe Bryant, Jerry West, Wilt<\/strong> <strong>Chamberlain <\/strong>y <strong>Shaquille O&#8217;Neal<\/strong>.<\/p>\n<\/div>\n<div class=\"sc-80531b6b-0 chRIGJ container-text text-embed\">\n<p>Por su parte, los Mavericks se quedan con un Davis que es uno de los pivotes m\u00e1s dominantes de la liga en la \u00faltima d\u00e9cada y que gan\u00f3 junto a LeBron el \u00faltimo anillo hasta ahora de los Lakers, el de 2020 en la &#8216;burbuja&#8217;.<\/p>\n<\/div>\n<div class=\"sc-80531b6b-0 chRIGJ container-text text-embed\">\n<p>Sin Doncic al tim\u00f3n, <strong>Kyrie Irving<\/strong> tendr\u00e1 que asumir la direcci\u00f3n del equipo que entrena <strong>Jason Kidd<\/strong>. La plantilla cuenta tambi\u00e9n con <strong>Klay Thompson<\/strong>, \u00edcono de los Warriors con cuatro anillos, pero que sufri\u00f3 un importante baj\u00f3n de rendimiento en los \u00faltimos a\u00f1os.<\/p>\n<\/div>\n<div class=\"sc-80531b6b-0 chRIGJ container-text text-embed\">\n<p>Davis se unir\u00e1 a una potente rotaci\u00f3n en el puesto de cinco, en la que destacan <strong>Dereck Lively<\/strong> (ahora lesionado) y <strong>Daniel Gafford<\/strong>. <strong>P.J. Washington <\/strong>es otro nombre fundamental en el interior pero en la posici\u00f3n de ala-pivote.<\/p>\n<\/div>\n<div class=\"sc-80531b6b-0 chRIGJ container-text text-embed\">\n<p>La lesi\u00f3n de Doncic afect\u00f3 mucho en las \u00faltimas semanas a los Mavericks,  que cayeron hasta el octavo puesto de la <strong><em>Conferencia Oeste<\/em><\/strong> con un r\u00e9cord de 26-23.<\/p>\n<\/div>\n<\/div>\n<p><br \/>\n<br \/><a href=\"https:\/\/www.clarin.com\/deportes\/traspaso-luka-doncic-angeles-lakers-razones-deportivas-intercambio-estremecio-nba_0_vJCLEEgEsN.html\">Fuente Clarin.com <\/a><\/p>\n","protected":false},"excerpt":{"rendered":"<p>La NBA no sale de su asombro desde que el s\u00e1bado a la noche -madrugada argentina del domingo- explot\u00f3 la bomba y se conoci\u00f3 el inesperado e impactante traspaso que llevar\u00e1 a Luka Doncic a los Lakers y a Anthony Davis a los Mavericks. Y aunque muchos siguen cuestionando la decisi\u00f3n del equipo texano de [&hellip;]<\/p>\n","protected":false},"author":1,"featured_media":1516,"comment_status":"open","ping_status":"open","sticky":false,"template":"","format":"standard","meta":{"footnotes":""},"categories":[2],"tags":[100,3171,3173,3172,48,3174,2228],"class_list":["post-1515","post","type-post","status-publish","format-standard","has-post-thumbnail","hentry","category-ultimas-noticias","tag-del","tag-deportivas","tag-estremecio","tag-intercambio","tag-las","tag-nba","tag-razones"],"_links":{"self":[{"href":"https:\/\/13.com.ar\/index.php\/wp-json\/wp\/v2\/posts\/1515","targetHints":{"allow":["GET"]}}],"collection":[{"href":"https:\/\/13.com.ar\/index.php\/wp-json\/wp\/v2\/posts"}],"about":[{"href":"https:\/\/13.com.ar\/index.php\/wp-json\/wp\/v2\/types\/post"}],"author":[{"embeddable":true,"href":"https:\/\/13.com.ar\/index.php\/wp-json\/wp\/v2\/users\/1"}],"replies":[{"embeddable":true,"href":"https:\/\/13.com.ar\/index.php\/wp-json\/wp\/v2\/comments?post=1515"}],"version-history":[{"count":0,"href":"https:\/\/13.com.ar\/index.php\/wp-json\/wp\/v2\/posts\/1515\/revisions"}],"wp:featuredmedia":[{"embeddable":true,"href":"https:\/\/13.com.ar\/index.php\/wp-json\/wp\/v2\/media\/1516"}],"wp:attachment":[{"href":"https:\/\/13.com.ar\/index.php\/wp-json\/wp\/v2\/media?parent=1515"}],"wp:term":[{"taxonomy":"category","embeddable":true,"href":"https:\/\/13.com.ar\/index.php\/wp-json\/wp\/v2\/categories?post=1515"},{"taxonomy":"post_tag","embeddable":true,"href":"https:\/\/13.com.ar\/index.php\/wp-json\/wp\/v2\/tags?post=1515"}],"curies":[{"name":"wp","href":"https:\/\/api.w.org\/{rel}","templated":true}]}}