{"id":1513,"date":"2025-02-03T06:19:34","date_gmt":"2025-02-03T09:19:34","guid":{"rendered":"https:\/\/13.com.ar\/index.php\/el-trece-pone-a-francella-y-gran-hermano-apuesta-al-repechaje\/"},"modified":"2025-02-03T06:19:34","modified_gmt":"2025-02-03T09:19:34","slug":"el-trece-pone-a-francella-y-gran-hermano-apuesta-al-repechaje","status":"publish","type":"post","link":"https:\/\/13.com.ar\/index.php\/el-trece-pone-a-francella-y-gran-hermano-apuesta-al-repechaje\/","title":{"rendered":"El Trece pone a Francella y Gran Hermano apuesta al repechaje"},"content":{"rendered":"<p> <br \/>\n<br \/><img decoding=\"async\" src=\"https:\/\/13.com.ar\/wp-content\/uploads\/2025\/02\/El-Trece-pone-a-Francella-y-Gran-Hermano-apuesta-al.jpg\" \/><\/p>\n<div>\n<p>Con la intenci\u00f3n de que le encendido y el rating de la televisi\u00f3n abierta mejoren (lo m\u00e1s visto apenas si supera los 12 puntos, aproximadamente), <strong>los canales intentan hacer jugadas fuertes, aunque no les est\u00e9 dando resultados<\/strong>. De hecho el s\u00e1bado Telefe desempolv\u00f3 <strong>Verano del 98 y apenas si logr\u00f3 un promedio de 2,8<\/strong>. Pero este 3 de febrero, ese canal y El Trece <strong>coinciden en hacer movimientos de grilla, lo que terminar\u00e1 siendo el primer s\u00faper lunes del 2025<\/strong>.<\/p>\n<\/div>\n<div>\n<p>El nombre m\u00e1s estridente de la nueva grilla del canal que comanda <strong>Adri\u00e1n Suar<\/strong> es el de<strong> Guillermo Francella<\/strong>, quien curiosamente fue hasta poco una de las cartas que jug\u00f3 Telefe, pero la reposici\u00f3n de <strong>Pon\u00e9 a Francella<\/strong> no s\u00f3lo no rindi\u00f3 en cuanto a cifras, sino que adem\u00e1s <strong>levant\u00f3 polvareda por el tipo de humor &#8220;fuera de \u00e9poca&#8221;, al decir de sus detractores. Y decidi\u00f3 levantarlo<\/strong>.<\/p>\n<\/div>\n<div>\n<p>Desde este primer lunes de febrero a las 21.30, <strong>El Trece emitir\u00e1 El encargado,<\/strong> una de las series m\u00e1s exitosas de Disney+ (originalmente estrenada en Star+, el 26 de octubre del 2022). <\/p>\n<\/div>\n<div>\n<p>El canal ya ha pasado en 2024 varios cap\u00edtulos, pero ahora <strong>anuncia las tres temporadas completas de esta ficci\u00f3n que gira en torno a las sombras del encargado de un edificio<\/strong>. La serie es una creaci\u00f3n de la efectiva dupla Cohn &amp; Duprat.<\/p>\n<\/div>\n<div>\n<p>Pero para hacerle un lugar a Francella en el <em>prime time<\/em>, <strong>El Trece debi\u00f3 disolver el t\u00e1ndem de Guido Kaczka, quien hasta el viernes hac\u00eda pase consigo mismo<\/strong>: primero conduc\u00eda <strong>The Floor<\/strong>, y luego segu\u00eda con <strong>Los 8 escalones<\/strong>. Pero esa f\u00f3rmula no logr\u00f3 los n\u00fameros de <strong>Gran hermano<\/strong> (por Telefe), que si bien no tiene cifras altas como en ediciones anteriores<strong> es lo m\u00e1s visto en lo que va del a\u00f1o<\/strong>.<\/p>\n<\/div>\n<div>\n<p>Entonces, <strong>Los 8 escalones pasa a las 18.30 y se estirar\u00e1 hasta la llegada de Telenoche<\/strong>, a las 20. A las 21.30 llegar\u00e1 <strong>El encargado<\/strong> (en total con 25 cap\u00edtulos) y a las 22.15 ir\u00e1 <strong>The Floor<\/strong>, que cambiar\u00e1 de horario para ir mano a mano con <strong>GH<\/strong>.<\/p>\n<\/div>\n<div>\n<p>Y a las 23.45 llegar\u00e1 <strong>La noche perfecta<\/strong> de <strong>Sebasti\u00e1n Wainraich<\/strong>, el ciclo que tuvo sus vaivenes, ya que hace unos meses lo hab\u00edan levantado para poner el reality <strong>Por amor o por dinero<\/strong>, con <strong>Alejandro Fantino<\/strong>. Como eso no funcion\u00f3, regres\u00f3 Wainraich con su <em>late night show<\/em>.<\/p>\n<\/div>\n<div>\n<p>Y como para no quedar atr\u00e1s con la renovaci\u00f3n, Telefe <strong>anuncia con bombos y platillos el regreso de Rodolfo Barili como el conductor oficial de Telefe noticias<\/strong> tras sus vacaciones.<\/p>\n<\/div>\n<div>\n<p>Y a las 21.45, <strong>en el espacio de DirecTV Go: espiando la casa, Santiago del Moro adelantar\u00e1 la emisi\u00f3n de Gran hermano<\/strong>, en la que se sabr\u00e1 cu\u00e1les son <strong>los tres ex participantes de esta edici\u00f3n m\u00e1s votados hoy (lunes) para volver a la casa<\/strong>. El m\u00e1s votado ingresar\u00e1 esta misma noche.<\/p>\n<\/div>\n<div>\n<p><strong>Los otros dos se quedar\u00e1n refugiados en el SUM<\/strong>, sin que el resto de los jugadores lo sepa, y el martes deber\u00e1n decidir ellos adentro <strong>cu\u00e1l de los dos merece volver a la competencia y cu\u00e1l &#8220;al afuera&#8221;<\/strong>.<\/p>\n<\/div>\n<p><br \/>\n<br \/><a href=\"https:\/\/www.clarin.com\/espectaculos\/primer-super-lunes-ano-trece-pone-francella-gran-hermano-apuesta-repechaje_0_jHIjMACBvP.html\">Fuente Clarin.com <\/a><\/p>\n","protected":false},"excerpt":{"rendered":"<p>Con la intenci\u00f3n de que le encendido y el rating de la televisi\u00f3n abierta mejoren (lo m\u00e1s visto apenas si supera los 12 puntos, aproximadamente), los canales intentan hacer jugadas fuertes, aunque no les est\u00e9 dando resultados. De hecho el s\u00e1bado Telefe desempolv\u00f3 Verano del 98 y apenas si logr\u00f3 un promedio de 2,8. Pero [&hellip;]<\/p>\n","protected":false},"author":1,"featured_media":1514,"comment_status":"open","ping_status":"open","sticky":false,"template":"","format":"standard","meta":{"footnotes":""},"categories":[2],"tags":[2599,2978,925,926,455,3170,3169],"class_list":["post-1513","post","type-post","status-publish","format-standard","has-post-thumbnail","hentry","category-ultimas-noticias","tag-apuesta","tag-francella","tag-gran","tag-hermano","tag-pone","tag-repechaje","tag-trece"],"_links":{"self":[{"href":"https:\/\/13.com.ar\/index.php\/wp-json\/wp\/v2\/posts\/1513","targetHints":{"allow":["GET"]}}],"collection":[{"href":"https:\/\/13.com.ar\/index.php\/wp-json\/wp\/v2\/posts"}],"about":[{"href":"https:\/\/13.com.ar\/index.php\/wp-json\/wp\/v2\/types\/post"}],"author":[{"embeddable":true,"href":"https:\/\/13.com.ar\/index.php\/wp-json\/wp\/v2\/users\/1"}],"replies":[{"embeddable":true,"href":"https:\/\/13.com.ar\/index.php\/wp-json\/wp\/v2\/comments?post=1513"}],"version-history":[{"count":0,"href":"https:\/\/13.com.ar\/index.php\/wp-json\/wp\/v2\/posts\/1513\/revisions"}],"wp:featuredmedia":[{"embeddable":true,"href":"https:\/\/13.com.ar\/index.php\/wp-json\/wp\/v2\/media\/1514"}],"wp:attachment":[{"href":"https:\/\/13.com.ar\/index.php\/wp-json\/wp\/v2\/media?parent=1513"}],"wp:term":[{"taxonomy":"category","embeddable":true,"href":"https:\/\/13.com.ar\/index.php\/wp-json\/wp\/v2\/categories?post=1513"},{"taxonomy":"post_tag","embeddable":true,"href":"https:\/\/13.com.ar\/index.php\/wp-json\/wp\/v2\/tags?post=1513"}],"curies":[{"name":"wp","href":"https:\/\/api.w.org\/{rel}","templated":true}]}}