{"id":1511,"date":"2025-02-03T06:16:41","date_gmt":"2025-02-03T09:16:41","guid":{"rendered":"https:\/\/13.com.ar\/index.php\/en-el-verano-fernet-de-brasil-cuantos-turistas-llegaron-este-enero-a-mar-del-plata\/"},"modified":"2025-02-03T06:16:41","modified_gmt":"2025-02-03T09:16:41","slug":"en-el-verano-fernet-de-brasil-cuantos-turistas-llegaron-este-enero-a-mar-del-plata","status":"publish","type":"post","link":"https:\/\/13.com.ar\/index.php\/en-el-verano-fernet-de-brasil-cuantos-turistas-llegaron-este-enero-a-mar-del-plata\/","title":{"rendered":"En el &#8220;verano fernet&#8221; de Brasil, cu\u00e1ntos turistas llegaron este enero a Mar del Plata"},"content":{"rendered":"<p> <br \/>\n<\/p>\n<div id=\"cuerpo\">\n<div class=\"sc-80531b6b-0 chRIGJ container-text text-embed\">\n<p>Distinguida y refinada. Popular y de masas. Playa Grande y la Bristol. Como quiz\u00e1s ning\u00fan otro destino veraniego y a punto de cumplir 151 a\u00f1os (el 10 de febrero), el espejo de <strong>Mar del Plata devuelve una n\u00edtida imagen de lo que podr\u00eda representar la actual y vieja Argentina<\/strong>. Aristocracia y Tercer Cord\u00f3n del conurbano, en una misma ciudad tan deliciosa como extraordinaria que desde la d\u00e9cada del 40 se convirti\u00f3 en el polo tur\u00edstico interno m\u00e1s importante del pa\u00eds.<\/p>\n<\/div>\n<div class=\"sc-80531b6b-0 chRIGJ container-text text-embed\">\n<p>Como en casi todo,<strong> la grieta contamin\u00f3 el inicio de estas vacaciones<\/strong>. Mientras que a fines del a\u00f1o pasado, parte de la oposici\u00f3n encabezada por el kirchnerismo y la izquierda auguraban una merma de veraneantes debido al ajuste de Javier Milei, en el Gobierno libertario festejaban la mejora en el poder adquisitivo de los salarios provocado por la baja de la inflaci\u00f3n.<\/p>\n<\/div>\n<div class=\"sc-80531b6b-0 chRIGJ container-text text-embed\">\n<p>\u00bfQu\u00e9 ocurri\u00f3 en enero en Mar del Plata? <strong>Clar\u00edn <\/strong>accedi\u00f3 a un informe con varias cifras que si bien son preliminares, hist\u00f3ricamente suelen coincidir bastante con los resultados definitivos.<\/p>\n<\/div>\n<div class=\"sc-80531b6b-0 chRIGJ container-text text-embed\">\n<p>Los datos arrojan que durante el primer mes de vacaciones que acaba de terminar,<strong> en La Feliz ingresaron 1.377.288 visitantes. Comparado con el mismo enero del a\u00f1o pasado fueron s\u00f3lo 23.413 personas menos. <\/strong>Es decir, una ca\u00edda del 1.7%.<\/p>\n<\/div>\n<div class=\"sc-80531b6b-0 chRIGJ container-text text-embed\">\n<p>Seg\u00fan el informe que realiz\u00f3 la Municipalidad de General Pueyrred\u00f3n, en base a datos de entidades descentralizadas que re\u00fanen a los oferentes tur\u00edsticos de la ciudad, durante enero hubo un<strong> marcado aumento en el ingreso de j\u00f3venes<\/strong> que suelen desplazarse en grupos. Tambi\u00e9n en el sector de veraneantes que podr\u00eda representar la clase media y la media alta en relaci\u00f3n con los visitantes de los sectores m\u00e1s populares.<\/p>\n<\/div>\n<div class=\"sc-80531b6b-0 chRIGJ container-text text-embed\">\n<p>Los apart hoteles, sobre todo del Sur, fueron los que m\u00e1s crecieron con un 2,6%, seguidos por los hoteles 4 estrellas con una suba de 2,1% y los hoteles 3 estrellas con 1,8%. En el otro lado de la luna est\u00e1n los hoteles m\u00e1s baratos: los de 2 estrellas cayeron un 3.9% y los hostels 2.7%.<\/p>\n<\/div>\n<div class=\"sc-198be8ec-0 cynXbu image-embed  image-embed \"><picture class=\"sc-198be8ec-1 kOjRiQ\"><source media=\"(min-width: 975px)\" width=\"720\" height=\"480\" \/><img alt=\"El Gobernador Axel Kicillof se pelea con Javier Milei diciendo que s\u00f3lo &quot;hay verano si hay Estado&quot;. El Intendente del PRO, Guillermo Montenegro. fue reelecto en la Mar del Plata y logr\u00f3 sostener los n\u00fameros de visitantes. \" loading=\"lazy\" width=\"720\" height=\"480\" decoding=\"async\" data-nimg=\"1\" style=\"color:transparent\" src=\"https:\/\/13.com.ar\/wp-content\/uploads\/2025\/02\/En-el-verano-fernet-de-Brasil-cuantos-turistas-llegaron-este.jpg\"\/><span class=\"epigraphe\">El Gobernador Axel Kicillof se pelea con Javier Milei diciendo que s\u00f3lo &#8220;hay verano si hay Estado&#8221;. El Intendente del PRO, Guillermo Montenegro. fue reelecto en la Mar del Plata y logr\u00f3 sostener los n\u00fameros de visitantes. <\/span><span class=\"bkg\"\/><span class=\"picture-open\"><button class=\"open-image\" aria-label=\"Open Image\"\/><\/span><\/picture><\/div>\n<div class=\"sc-80531b6b-0 chRIGJ container-text text-embed\">\n<p><strong>Un p\u00e1rrafo aparte deber\u00edan llevarse los hoteles sindicales, que proliferan en MDQ como en ning\u00fan otro destino del pa\u00eds. <\/strong>Durante este enero, los contingentes de empleados sindicalizados cayeron un 10.3%, una ca\u00edda considerable que altera los datos finales como ning\u00fan otro sector.<\/p>\n<\/div>\n<div class=\"sc-80531b6b-0 chRIGJ container-text text-embed\">\n<p>&#8220;En promedio, se podr\u00eda establecer que una habitaci\u00f3n doble con media pensi\u00f3n en un hotel sindical le podr\u00eda costar al afiliado alrededor de $50.000 por d\u00eda. En general y como m\u00ednimo, el tiempo de estad\u00eda fijado es de una semana. No es demasiado frecuente que en el pico de temporada una familia consiga lugar para s\u00f3lo un fin de semana&#8221;, indica Bernardo Martin, presidente del Ente Municipal de Turismo (EMTUR).<\/p>\n<\/div>\n<div class=\"sc-80531b6b-0 chRIGJ container-text text-embed\">\n<p>&#8220;Los gremios actualizaron la tarifa de sus hoteles y pensiones. Y, a diferencia de otros a\u00f1os, por cuestiones econ\u00f3micas <strong>no aplicaron beneficios ni promociones a sus trabajadores<\/strong>&#8220;, agrega Mart\u00edn.<\/p>\n<\/div>\n<div class=\"sc-80531b6b-0 chRIGJ container-text text-embed\">\n<p>En el plato m\u00e1s pesado de la balanza, con datos positivos, adem\u00e1s del boom de j\u00f3venes (el 45% de todos los turistas fueron de la franja que va de 18 a los 35 a\u00f1os), los operadores tur\u00edsticos aseguran que<strong> la Ciudad logr\u00f3 defender y seducir a la clase m\u00e1s pudiente, el turista que busca algo de exclusividad y gasta m\u00e1s.<\/strong> Todo esto, seg\u00fan indican, a pesar del d\u00f3lar barato que gener\u00f3 un incremento de argentinos en el exterior<strong>.<\/strong><\/p>\n<\/div>\n<div class=\"sc-198be8ec-0 cynXbu image-embed  image-embed \"><picture class=\"sc-198be8ec-1 kOjRiQ\"><source media=\"(min-width: 975px)\" width=\"720\" height=\"480\" \/><img alt=\"Mar del PLata copada por el publico joven. Eel 45% de los turistas estan en una franja etaria entre 18 y 35 a\u00f1os. Playa y noche es lo que eligen. &#10;Foto Diego izquierdo&#10;&#10;&#10;&#10;&#10;&#10;&#10;&#10; OLGA\" loading=\"lazy\" width=\"720\" height=\"480\" decoding=\"async\" data-nimg=\"1\" style=\"color:transparent\" src=\"https:\/\/13.com.ar\/wp-content\/uploads\/2025\/02\/1738574201_826_En-el-verano-fernet-de-Brasil-cuantos-turistas-llegaron-este.jpg\"\/><span class=\"epigraphe\">Mar del PLata copada por el publico joven. Eel 45% de los turistas estan en una franja etaria entre 18 y 35 a\u00f1os. Playa y noche es lo que eligen.<br \/>\nFoto Diego izquierdo<\/p>\n<p> OLGA<\/span><span class=\"bkg\"\/><span class=\"picture-open\"><button class=\"open-image\" aria-label=\"Open Image\"\/><\/span><\/picture><\/div>\n<div class=\"sc-80531b6b-0 chRIGJ container-text text-embed\">\n<p><strong>El consumo creci\u00f3 durante el mes m\u00e1s fuerte del verano, a pesar de la motosierra de Javier Milei. <\/strong>Para este 2025, Mar del Plata sum\u00f3 grandes cadenas gastron\u00f3micas como Dandy, Starbucks y Kentucky. &#8220;Las ventas en la costa estuvieron de bien para arriba&#8221;, le dice a Clar\u00edn el gerente de una de esas marcas.<\/p>\n<\/div>\n<div class=\"sc-80531b6b-0 chRIGJ container-text text-embed\">\n<p>En EMTUR tambi\u00e9n resaltan la<strong> mezcla de turismo joven y dispuesta a gastar <\/strong>que empuj\u00f3 el alquiler de casas y departamentos en las playas de Sur. &#8220;El corte que tenemos hasta el 20 de enero nos arroja que subi\u00f3 entre un 8% y 10% en t\u00e9rminos nominales el alquiler de viviendas&#8221;, informaron.<\/p>\n<\/div>\n<div class=\"sc-80531b6b-0 chRIGJ container-text text-embed\">\n<p><strong>En esas playas hubo afters casi todos los d\u00edas.<\/strong> <strong>Son las juntadas de j\u00f3venes despu\u00e9s del d\u00eda de playa.<\/strong> Los organiza el balneario desde las 18 y cobran una entrada de $30.000 aproximadamente. Se realizaron multitudinarios recitales de DJ internacionales.<\/p>\n<\/div>\n<div class=\"sc-198be8ec-0 cynXbu image-embed  image-embed \"><picture class=\"sc-198be8ec-1 kOjRiQ\"><source media=\"(min-width: 975px)\" width=\"720\" height=\"480\" \/><img alt=\"Ocho de cada 10 turistas que llegaron a Mar del Plata en auto. El 14% en Omnibus y 1.5 en avi\u00f3n.&#10;MARCELO CARROLL\" loading=\"lazy\" width=\"720\" height=\"480\" decoding=\"async\" data-nimg=\"1\" style=\"color:transparent\" src=\"https:\/\/13.com.ar\/wp-content\/uploads\/2025\/02\/1738574201_171_En-el-verano-fernet-de-Brasil-cuantos-turistas-llegaron-este.jpg\"\/><span class=\"epigraphe\">Ocho de cada 10 turistas que llegaron a Mar del Plata en auto. El 14% en Omnibus y 1.5 en avi\u00f3n.<br \/>\nMARCELO CARROLL<\/span><span class=\"bkg\"\/><span class=\"picture-open\"><button class=\"open-image\" aria-label=\"Open Image\"\/><\/span><\/picture><\/div>\n<div class=\"sc-80531b6b-0 chRIGJ container-text text-embed\">\n<p><strong>En enero,las autorizaciones de es este tipo de eventos masivos fueron 78 en total, desde recitales, fiestas electr\u00f3nicas y grandes show.<\/strong> Una cifra que representa un incremento del 28% en comparaci\u00f3n con las 61 habilitaciones del mismo per\u00edodo de la temporada anterior.<\/p>\n<\/div>\n<div class=\"sc-80531b6b-0 chRIGJ container-text text-embed\">\n<p>\u201cMar del Plata es escenario para recitales, fiestas electr\u00f3nicas y espect\u00e1culos de gran escala. Esto es positivo desde el punto de vista tur\u00edstico y desde la generaci\u00f3n de empleo en la producci\u00f3n y log\u00edstica de estos eventos\u201d se\u00f1alaron desde la ciudad balnearia gobernada por el intendente Guilermo Montenegro. En Mar del Plata vive el 1.5% de la poblaci\u00f3n del pa\u00eds, unas 580.000 personas, casi las mismas que en la Capital de la Provincia, La Plata.  \u201cSe trajeron experiencias que son furor en todo el mundo la ciudad no tiene que depender del tipo de cambio, de subsidios y sobre todo del clima\u201d.<\/p>\n<\/div>\n<p><h2>No voy en tren ni en avion: viajo en auto<\/h2>\n<\/p>\n<div class=\"sc-80531b6b-0 chRIGJ container-text text-embed\">\n<p>Del 1.377.288 visitantes que pasaron por MDQ en enero, <strong>el 81,3% ingres\u00f3 en autom\u00f3viles,<\/strong> cifra que se mantuvo en comparaci\u00f3n con 2024. Lo mismo pas\u00f3 con la cantidad de gente que se traslado a La Feliz en \u00f3mnibus y tren. <strong>En micros entraron casi 14% de los turistas y 3.3% en ferrocarril.<\/strong><\/p>\n<\/div>\n<div class=\"sc-198be8ec-0 cynXbu image-embed  image-embed \"><picture class=\"sc-198be8ec-1 kOjRiQ\"><source media=\"(min-width: 975px)\" width=\"720\" height=\"480\" \/><img alt=\"El servicio de tren a Mar del Plata que inaugur\u00f3 el \u00faltimo gobierno de Cristina Kichner es muy lento y le faltan servicios. S\u00f3lo un 3 % de los turistas que llegaron a Mar del Plata en ferrocarril. &#10;Foto Guillermo Rodriguez Adami - FTP CLARIN DSC01039.jpg Z\" loading=\"lazy\" width=\"720\" height=\"480\" decoding=\"async\" data-nimg=\"1\" style=\"color:transparent\" src=\"https:\/\/13.com.ar\/wp-content\/uploads\/2025\/02\/1738574201_278_En-el-verano-fernet-de-Brasil-cuantos-turistas-llegaron-este.jpg\"\/><span class=\"epigraphe\">El servicio de tren a Mar del Plata que inaugur\u00f3 el \u00faltimo gobierno de Cristina Kichner es muy lento y le faltan servicios. S\u00f3lo un 3 % de los turistas que llegaron a Mar del Plata en ferrocarril.<br \/>\nFoto Guillermo Rodriguez Adami &#8211; FTP CLARIN DSC01039.jpg Z<\/span><span class=\"bkg\"\/><span class=\"picture-open\"><button class=\"open-image\" aria-label=\"Open Image\"\/><\/span><\/picture><\/div>\n<div class=\"sc-80531b6b-0 chRIGJ container-text text-embed\">\n<p>Dato curioso: el tren s\u00f3lo traslad\u00f3 a Mar del Plata el doble de gente que la que arrib\u00f3 en avi\u00f3n. Unas 43.000 (3,2%) personas llegaron por ferrocarril contra casi 21.000 (1.5%) por v\u00eda a\u00e9rea.<\/p>\n<\/div>\n<\/div>\n<p><br \/>\n<br \/><a href=\"https:\/\/www.clarin.com\/sociedad\/verano-fernet-brasil-turistas-llegaron-enero-mar-plata_0_wlvy0CFaaQ.html\">Fuente Clarin.com <\/a><\/p>\n","protected":false},"excerpt":{"rendered":"<p>Distinguida y refinada. Popular y de masas. Playa Grande y la Bristol. Como quiz\u00e1s ning\u00fan otro destino veraniego y a punto de cumplir 151 a\u00f1os (el 10 de febrero), el espejo de Mar del Plata devuelve una n\u00edtida imagen de lo que podr\u00eda representar la actual y vieja Argentina. Aristocracia y Tercer Cord\u00f3n del conurbano, [&hellip;]<\/p>\n","protected":false},"author":1,"featured_media":1512,"comment_status":"open","ping_status":"open","sticky":false,"template":"","format":"standard","meta":{"footnotes":""},"categories":[2],"tags":[85,1048,100,149,139,3167,3168,537,255,1337,65],"class_list":["post-1511","post","type-post","status-publish","format-standard","has-post-thumbnail","hentry","category-ultimas-noticias","tag-brasil","tag-cuantos","tag-del","tag-enero","tag-este","tag-fernet","tag-llegaron","tag-mar","tag-plata","tag-turistas","tag-verano"],"_links":{"self":[{"href":"https:\/\/13.com.ar\/index.php\/wp-json\/wp\/v2\/posts\/1511","targetHints":{"allow":["GET"]}}],"collection":[{"href":"https:\/\/13.com.ar\/index.php\/wp-json\/wp\/v2\/posts"}],"about":[{"href":"https:\/\/13.com.ar\/index.php\/wp-json\/wp\/v2\/types\/post"}],"author":[{"embeddable":true,"href":"https:\/\/13.com.ar\/index.php\/wp-json\/wp\/v2\/users\/1"}],"replies":[{"embeddable":true,"href":"https:\/\/13.com.ar\/index.php\/wp-json\/wp\/v2\/comments?post=1511"}],"version-history":[{"count":0,"href":"https:\/\/13.com.ar\/index.php\/wp-json\/wp\/v2\/posts\/1511\/revisions"}],"wp:featuredmedia":[{"embeddable":true,"href":"https:\/\/13.com.ar\/index.php\/wp-json\/wp\/v2\/media\/1512"}],"wp:attachment":[{"href":"https:\/\/13.com.ar\/index.php\/wp-json\/wp\/v2\/media?parent=1511"}],"wp:term":[{"taxonomy":"category","embeddable":true,"href":"https:\/\/13.com.ar\/index.php\/wp-json\/wp\/v2\/categories?post=1511"},{"taxonomy":"post_tag","embeddable":true,"href":"https:\/\/13.com.ar\/index.php\/wp-json\/wp\/v2\/tags?post=1511"}],"curies":[{"name":"wp","href":"https:\/\/api.w.org\/{rel}","templated":true}]}}