{"id":1507,"date":"2025-02-03T05:52:32","date_gmt":"2025-02-03T08:52:32","guid":{"rendered":"https:\/\/13.com.ar\/index.php\/alertas-roja-y-naranja-por-temperaturas-extremas\/"},"modified":"2025-02-03T05:52:32","modified_gmt":"2025-02-03T08:52:32","slug":"alertas-roja-y-naranja-por-temperaturas-extremas","status":"publish","type":"post","link":"https:\/\/13.com.ar\/index.php\/alertas-roja-y-naranja-por-temperaturas-extremas\/","title":{"rendered":"alertas roja y naranja por temperaturas extremas"},"content":{"rendered":"<p> <br \/>\n<\/p>\n<div id=\"cuerpo\">\n<div class=\"sc-80531b6b-0 chRIGJ container-text text-embed\">\n<p>Una <strong>nueva jornada agobiante<\/strong> se espera para este lunes en el \u00c1rea Metropolitana de Buenos Aires y otras 15 provincias del pa\u00eds, que estar\u00e1n bajo<strong> alertas roja y naranja por calor extremo<\/strong>, con temperaturas que superar\u00e1n los 40 grados, seg\u00fan el pron\u00f3stico del Servicio Meteorol\u00f3gico Nacional (SMN).<\/p>\n<\/div>\n<div class=\"sc-80531b6b-0 chRIGJ container-text text-embed\">\n<p>Despu\u00e9s de un domingo donde el calor se sinti\u00f3 desde bien temprano, con 30 grados a las 10 de la ma\u00f1ana y 35\u00b0 de m\u00e1xima hacia las 16, los porte\u00f1os y bonaerenses atravesar\u00e1n el que <strong>probablemente sea el d\u00eda m\u00e1s agobiante del a\u00f1o<\/strong>.<\/p>\n<\/div>\n<div class=\"sc-80531b6b-0 chRIGJ container-text text-embed\">\n<p>Si bien promediando la madrugada de este lunes, el term\u00f3metro en la<strong> Ciudad de Buenos Aires<\/strong> marcaba unos 28 grados (se esperaba una m\u00ednima de 27), lo concreto es que con el correr de las horas <strong>ascender\u00e1 hasta tocar los 38 de m\u00e1xima<\/strong>, en horas de la tarde y por la noche rondar\u00e1 los 30. Lo mismo suceder\u00e1 en <strong>otras zonas del Conurbano<\/strong> bonaerense como Lan\u00fas y Vicente L\u00f3pez.<\/p>\n<\/div>\n<div class=\"sc-80531b6b-0 chRIGJ container-text text-embed\">\n<p>En tanto, hacia el oeste del Gran Buenos Aires, la temperatura m\u00e1xima prevista por el SMN es incluso superior. Seg\u00fan el pron\u00f3stico, rondar\u00e1 los 39 grados en zonas como Mor\u00f3n e Ituzaing\u00f3.<\/p>\n<\/div>\n<div class=\"sc-80531b6b-0 chRIGJ container-text text-embed\">\n<p>En toda esta zona, al igual que en el sudoeste y el noroeste de la provincia de Buenos Aires, rige <strong>un alerta de nivel naranja<\/strong>, que indica que las altas temperaturas pueden causar un efecto moderado a alto en la salud y que pueden ser muy peligrosas, principalmente para los grupos de riesgo.<\/p>\n<\/div>\n<div class=\"sc-80531b6b-0 chRIGJ container-text text-embed\">\n<p>En id\u00e9ntica situaci\u00f3n se encuentran algunas regiones de <strong>Santa Fe y Catamarca<\/strong>,en cuyas capitales se esperan 39 grados de m\u00e1xima, el sur de San Juan y el oeste de San Luis, donde rige un alerta amarillo por tormentas.<\/p>\n<\/div>\n<div class=\"sc-198be8ec-0 cynXbu image-embed  image-embed \"><picture class=\"sc-198be8ec-1 kOjRiQ\"><source media=\"(min-width: 975px)\" width=\"720\" height=\"480\" \/><img alt=\"Las provincias argentinas que, seg\u00fan el SMN, presentar\u00e1n temperaturas extremas este lunes 3 de febrero.\" loading=\"lazy\" width=\"720\" height=\"480\" decoding=\"async\" data-nimg=\"1\" style=\"color:transparent\" src=\"https:\/\/13.com.ar\/wp-content\/uploads\/2025\/02\/alertas-roja-y-naranja-por-temperaturas-extremas.jpg\"\/><span class=\"epigraphe\">Las provincias argentinas que, seg\u00fan el SMN, presentar\u00e1n temperaturas extremas este lunes 3 de febrero.<\/span><span class=\"bkg\"\/><span class=\"picture-open\"><button class=\"open-image\" aria-label=\"Open Image\"\/><\/span><\/picture><\/div>\n<div class=\"sc-80531b6b-0 chRIGJ container-text text-embed\">\n<p>Ese mismo nivel de advertencia presentan el centro de la provincia de Buenos Aires, Misiones, Corrientes, norte de Entre R\u00edos, C\u00f3rdoba y San Juan, La Rioja, Tucum\u00e1n, Santiago del Estero, Chaco, Formosa y Salta.<\/p>\n<\/div>\n<div class=\"sc-80531b6b-0 chRIGJ container-text text-embed\">\n<p>En estas provincias es donde el term\u00f3metro escalar\u00e1 m\u00e1s que otras. Por caso, en la ciudad de <strong>Santiago del Estero prev\u00e9n una m\u00e1xima de 42 grados<\/strong>, mientras que en Resistencia la m\u00e1xima esperada es de 40 grados.<\/p>\n<\/div>\n<div class=\"sc-80531b6b-0 chRIGJ container-text text-embed\">\n<p>Por lo dem\u00e1s, de acuerdo con la actualizaci\u00f3n efectuada pasadas las 18 del domingo por el SMN, <strong>Mendoza es la \u00fanica provincia con alerta roja por calor extremo<\/strong>. De todos modos, seg\u00fan el pron\u00f3stico podr\u00eda haber tormentas en la madrugada que recorten un poco los niveles del term\u00f3metro, al menos en la capital provincial.<\/p>\n<\/div>\n<p><h2>Cu\u00e1ndo llega el alivio en el AMBA<\/h2>\n<\/p>\n<div class=\"sc-80531b6b-0 chRIGJ container-text text-embed\">\n<p>La buena noticia es que despu\u00e9s de la ola de calor el Servicio Meteorol\u00f3gico Nacional (SMN) prev\u00e9 que las temperaturas cedan progresivamente con el correr de la semana.<\/p>\n<\/div>\n<div class=\"sc-80531b6b-0 chRIGJ container-text text-embed\">\n<p>El <strong>martes, por caso, la m\u00e1xima se quedar\u00e1 en 30 grados<\/strong> y hacia la tarde pronostican tormentas aisladas y a la noche, chaparrones.<\/p>\n<\/div>\n<div class=\"sc-80531b6b-0 chRIGJ container-text text-embed\">\n<p>El mi\u00e9rcoles, en tanto, todo el rango t\u00e9rmico ser\u00e1 considerablemente m\u00e1s bajo: 21\u00b0\/25\u00b0. El jueves, por primera vez en la semana, el term\u00f3metro romper\u00e1 el piso de 20 grados y se espera para la ma\u00f1ana una m\u00ednima de entre 17 y 18 grados.<\/p>\n<\/div>\n<p><h2>Cu\u00e1les son las recomendaciones para enfrentar la ola de calor<\/h2>\n<\/p>\n<div class=\"sc-80531b6b-0 chRIGJ container-text text-embed\">\n<p>Las recomendaciones para eventos de temperatura extrema de calor que indica el Ministerio de salud son:<\/p>\n<\/div>\n<div class=\"sc-80531b6b-0 chRIGJ container-text text-embed\">\n<ul>\n<li>Aumentar el consumo de agua sin esperar a tener sed para mantener una hidrataci\u00f3n adecuada.<\/li>\n<\/ul>\n<\/div>\n<div class=\"sc-80531b6b-0 chRIGJ container-text text-embed\">\n<ul>\n<li>No exponerse al sol en exceso, ni en horas centrales del d\u00eda (entre las 10 y las 16 horas).<\/li>\n<\/ul>\n<\/div>\n<div class=\"sc-80531b6b-0 chRIGJ container-text text-embed\">\n<ul>\n<li>Prestar atenci\u00f3n a los beb\u00e9s, ni\u00f1os y ni\u00f1as y a las personas mayores.<\/li>\n<\/ul>\n<\/div>\n<div class=\"sc-80531b6b-0 chRIGJ container-text text-embed\">\n<ul>\n<li>Evitar las bebidas con cafe\u00edna, con alcohol o muy azucaradas.<\/li>\n<\/ul>\n<\/div>\n<div class=\"sc-80531b6b-0 chRIGJ container-text text-embed\">\n<ul>\n<li>Evitar comidas muy abundantes.<\/li>\n<\/ul>\n<\/div>\n<div class=\"sc-80531b6b-0 chRIGJ container-text text-embed\">\n<ul>\n<li>Ingerir verduras y frutas.<\/li>\n<\/ul>\n<\/div>\n<div class=\"sc-80531b6b-0 chRIGJ container-text text-embed\">\n<ul>\n<li>Reducir la actividad f\u00edsica.<\/li>\n<\/ul>\n<\/div>\n<div class=\"sc-80531b6b-0 chRIGJ container-text text-embed\">\n<ul>\n<li>Usar ropa ligera, holgada y de colores claros; sombrero, anteojos oscuros.<\/li>\n<\/ul>\n<\/div>\n<div class=\"sc-80531b6b-0 chRIGJ container-text text-embed\">\n<ul>\n<li>Permanecer en espacios ventilados o acondicionados.<\/li>\n<\/ul>\n<\/div>\n<div class=\"sc-80531b6b-0 chRIGJ container-text text-embed\">\n<ul>\n<li>Recordar que no existe un tratamiento farmacol\u00f3gico contra el golpe de calor y s\u00f3lo los m\u00e9todos cl\u00e1sicos, citados arriba, pueden prevenirlo y contrarrestarlo.<\/li>\n<\/ul>\n<\/div>\n<div class=\"sc-80531b6b-0 chRIGJ container-text text-embed\">\n<p>Adem\u00e1s, sugieren que ante sed intensa y sequedad en la boca, temperatura mayor a 39\u00ba C, sudoraci\u00f3n excesiva, sensaci\u00f3n de calor sofocante, piel seca, agotamiento, mareos o desmayo, dolores de est\u00f3mago, falta de apetito, n\u00e1useas o v\u00f3mitos, dolores de cabeza, entre otros, se debe solicitar de inmediato asistencia m\u00e9dica, trasladar a la persona afectada a la sombra, a un lugar fresco y tranquilo; y\/o intentar refrescarla, mojarle la ropa y darle de beber agua fresca.<\/p>\n<\/div>\n<\/div>\n<p><br \/>\n<br \/><a href=\"https:\/\/www.clarin.com\/sociedad\/ola-calor-amba-15-provincias-lunes-alertas-roja-naranja-calor-extremo_0_UNPTVi4AhB.html\">Fuente Clarin.com <\/a><\/p>\n","protected":false},"excerpt":{"rendered":"<p>Una nueva jornada agobiante se espera para este lunes en el \u00c1rea Metropolitana de Buenos Aires y otras 15 provincias del pa\u00eds, que estar\u00e1n bajo alertas roja y naranja por calor extremo, con temperaturas que superar\u00e1n los 40 grados, seg\u00fan el pron\u00f3stico del Servicio Meteorol\u00f3gico Nacional (SMN). Despu\u00e9s de un domingo donde el calor se [&hellip;]<\/p>\n","protected":false},"author":1,"featured_media":1508,"comment_status":"open","ping_status":"open","sticky":false,"template":"","format":"standard","meta":{"footnotes":""},"categories":[2],"tags":[3160,3162,3161,142,1470,2660],"class_list":["post-1507","post","type-post","status-publish","format-standard","has-post-thumbnail","hentry","category-ultimas-noticias","tag-alertas","tag-extremas","tag-naranja","tag-por","tag-roja","tag-temperaturas"],"_links":{"self":[{"href":"https:\/\/13.com.ar\/index.php\/wp-json\/wp\/v2\/posts\/1507","targetHints":{"allow":["GET"]}}],"collection":[{"href":"https:\/\/13.com.ar\/index.php\/wp-json\/wp\/v2\/posts"}],"about":[{"href":"https:\/\/13.com.ar\/index.php\/wp-json\/wp\/v2\/types\/post"}],"author":[{"embeddable":true,"href":"https:\/\/13.com.ar\/index.php\/wp-json\/wp\/v2\/users\/1"}],"replies":[{"embeddable":true,"href":"https:\/\/13.com.ar\/index.php\/wp-json\/wp\/v2\/comments?post=1507"}],"version-history":[{"count":0,"href":"https:\/\/13.com.ar\/index.php\/wp-json\/wp\/v2\/posts\/1507\/revisions"}],"wp:featuredmedia":[{"embeddable":true,"href":"https:\/\/13.com.ar\/index.php\/wp-json\/wp\/v2\/media\/1508"}],"wp:attachment":[{"href":"https:\/\/13.com.ar\/index.php\/wp-json\/wp\/v2\/media?parent=1507"}],"wp:term":[{"taxonomy":"category","embeddable":true,"href":"https:\/\/13.com.ar\/index.php\/wp-json\/wp\/v2\/categories?post=1507"},{"taxonomy":"post_tag","embeddable":true,"href":"https:\/\/13.com.ar\/index.php\/wp-json\/wp\/v2\/tags?post=1507"}],"curies":[{"name":"wp","href":"https:\/\/api.w.org\/{rel}","templated":true}]}}