{"id":1501,"date":"2025-02-03T05:19:31","date_gmt":"2025-02-03T08:19:31","guid":{"rendered":"https:\/\/13.com.ar\/index.php\/cuando-es-la-ultima-noche-del-carnaval-de-gualeguaychu\/"},"modified":"2025-02-03T05:19:31","modified_gmt":"2025-02-03T08:19:31","slug":"cuando-es-la-ultima-noche-del-carnaval-de-gualeguaychu","status":"publish","type":"post","link":"https:\/\/13.com.ar\/index.php\/cuando-es-la-ultima-noche-del-carnaval-de-gualeguaychu\/","title":{"rendered":"\u00bfCu\u00e1ndo es la \u00faltima noche del carnaval de Gualeguaych\u00fa?"},"content":{"rendered":"<p> <br \/>\n<\/p>\n<div id=\"cuerpo\">\n<div class=\"sc-80531b6b-0 chRIGJ container-text text-embed\">\n<p>La \u00faltima oportunidad para presenciar el <strong>Carnaval de Gualeguaych\u00fa<\/strong>, ser\u00e1 <strong>el lunes 3 de marzo de 2025.<\/strong> El fin de semana extra largo de Carnaval ser\u00e1 el ep\u00edlogo del espect\u00e1culo m\u00e1s grande de Argentina.<\/p>\n<\/div>\n<div class=\"sc-80531b6b-0 chRIGJ container-text text-embed\">\n<p>Durante once noches, las comparsas Papelitos, Mar\u00ed Mar\u00ed, Kamarr y Ar\u00e1 Yev\u00ed deleitar\u00e1n con las 12 carrozas a un p\u00fablico alegre en un clima festivo y expectante ante cada puesta en escena.<\/p>\n<\/div>\n<div class=\"sc-80531b6b-0 chRIGJ container-text text-embed\">\n<p>Gualeguaych\u00fa palpitar\u00e1 esa jornada, la \u00faltima noche del Carnaval del Pa\u00eds y <strong>ser\u00e1 uno de los temas centrales de la ciudad, saber cu\u00e1l de las cuatro comparsas estar\u00e1 a la altura de ser la merecedora del t\u00edtulo de Campeona de la edici\u00f3n 2025, seg\u00fan el Jurado.<\/strong><\/p>\n<\/div>\n<div class=\"sc-80531b6b-0 chRIGJ container-text text-embed\">\n<p>La tricampeona del Carnaval, la comparsa del Club Juventud Unida, <strong>Papelitos<\/strong>, buscar\u00e1 convertirse en tetracampeona, lo cual ser\u00eda un hito en su trayectoria. <strong>Mar\u00ed Mar\u00ed<\/strong>, del Club Central Entrerriano, buscar\u00e1 volver a levantar la copa, como en 2020. Por su parte, <strong>Kamarr<\/strong> del Club Sirio Liban\u00e9s y<strong> Ar\u00e1-Yev\u00ed<\/strong>, del Club Tiro Federal esperan con ans\u00edas la apertura de los sobres del jurado.<\/p>\n<\/div>\n<p><h2>\u00bfCu\u00e1ndo es la \u00faltima noche del carnaval de Gualeguaych\u00fa?<\/h2>\n<\/p>\n<div class=\"sc-198be8ec-0 cynXbu image-embed  image-embed \"><picture class=\"sc-198be8ec-1 kOjRiQ\"><source media=\"(min-width: 975px)\" width=\"720\" height=\"480\" \/><img alt=\"\u00bfCu\u00e1ndo es la \u00faltima noche del carnaval de Gualeguaych\u00fa? El lunes 3 de marzo, este show de un colorido singular cierra hasta el 2026.\/ Foto: Dami\u00e1n C\u00e1ceres.\" loading=\"lazy\" width=\"720\" height=\"480\" decoding=\"async\" data-nimg=\"1\" style=\"color:transparent\" src=\"https:\/\/13.com.ar\/wp-content\/uploads\/2025\/02\/\u00bfCuando-es-la-ultima-noche-del-carnaval-de-Gualeguaychu.jpg\"\/><span class=\"epigraphe\">\u00bfCu\u00e1ndo es la \u00faltima noche del carnaval de Gualeguaych\u00fa? El lunes 3 de marzo, este show de un colorido singular cierra hasta el 2026.\/ Foto: Dami\u00e1n C\u00e1ceres.<\/span><span class=\"bkg\"\/><span class=\"picture-open\"><button class=\"open-image\" aria-label=\"Open Image\"\/><\/span><\/picture><\/div>\n<div class=\"sc-80531b6b-0 chRIGJ container-text text-embed\">\n<p>El Carnaval del Pa\u00eds tendr\u00e1 el lunes 3 de marzo su \u00faltima noche y se despedir\u00e1 hasta el 2026. El primer fin de semana largo del a\u00f1o coincide con los feriados de Carnaval en Argentina, <strong>por eso la noche del lunes ser\u00e1 a pura celebraci\u00f3n dado que el martes 4 de marzo habr\u00e1 tiempo para descansar y ah\u00ed s\u00ed, ser\u00e1 la finalizaci\u00f3n del fin de semana largo XXL de cuatro d\u00edas.<\/strong><\/p>\n<\/div>\n<div class=\"sc-80531b6b-0 chRIGJ container-text text-embed\">\n<p>Las cuatro comparsas, <strong>Papelitos<\/strong> (dirigida por Juane Villagra); <strong>Mar\u00ed Mar\u00ed<\/strong> (a cargo de Facundo Lucardi Navarro); <strong>Kamarr<\/strong> (bajo la direcci\u00f3n de Leo Rosviar); y <strong>Ar\u00e1 Yev\u00ed <\/strong>(dirigida por Guillermo Carabajal), en ese orden, han trabajado intensamente todo el a\u00f1o para cerrar a tope la onceava noche que vivir\u00e1 el Carnaval del Pa\u00eds.<\/p>\n<\/div>\n<div class=\"sc-80531b6b-0 chRIGJ container-text text-embed\">\n<p>La und\u00e9cima noche, ser\u00e1 transmitida a trav\u00e9s de la <strong>cuenta oficial de YouTube<\/strong> del Carnaval del Pa\u00eds y podr\u00e1 ser vista desde cualquier parte del mundo.<\/p>\n<\/div>\n<div class=\"sc-198be8ec-0 cynXbu image-embed  image-embed \"><picture class=\"sc-198be8ec-1 kOjRiQ\"><source media=\"(min-width: 975px)\" width=\"720\" height=\"480\" \/><img alt=\"Carnaval de Gualeguaych\u00fa 2025. Cada vez m\u00e1s imponente, m\u00e1s teatral, m\u00e1s colorido. El carnaval del pa\u00eds.\/ Foto: Dami\u00e1n C\u00e1ceres.\" loading=\"lazy\" width=\"720\" height=\"480\" decoding=\"async\" data-nimg=\"1\" style=\"color:transparent\" src=\"https:\/\/13.com.ar\/wp-content\/uploads\/2025\/02\/1738570771_509_\u00bfCuando-es-la-ultima-noche-del-carnaval-de-Gualeguaychu.jpg\"\/><span class=\"epigraphe\">Carnaval de Gualeguaych\u00fa 2025. Cada vez m\u00e1s imponente, m\u00e1s teatral, m\u00e1s colorido. El carnaval del pa\u00eds.\/ Foto: Dami\u00e1n C\u00e1ceres.<\/span><span class=\"bkg\"\/><span class=\"picture-open\"><button class=\"open-image\" aria-label=\"Open Image\"\/><\/span><\/picture><\/div>\n<div class=\"sc-80531b6b-0 chRIGJ container-text text-embed\">\n<p>Una vez concluido el mayor espect\u00e1culo teatral a cielo abierto de la Argentina, se abrir\u00e1n los sobres con el puntaje del jurados.<\/p>\n<\/div>\n<div class=\"sc-80531b6b-0 chRIGJ container-text text-embed\">\n<p>As\u00ed concluir\u00e1 el <strong>Carnaval<\/strong> de Gualeguaych\u00fa que lleva el nombre de \u201cAna Mar\u00eda Gel\u00f3s de Peverelli\u201d y dir\u00e1 adi\u00f3s hasta el pr\u00f3ximo a\u00f1o.<\/p>\n<\/div>\n<div class=\"sc-4306f4f9-0 bAPCpp\">\n<div class=\"inner-card-m\">\n<div class=\"related-content\">\n<p><span class=\"body-title\">Mir\u00e1 tambi\u00e9n<\/span><\/p>\n<h3>\u00bfQu\u00e9 pa\u00eds tiene el carnaval m\u00e1s largo del mundo?<\/h3>\n<source media=\"(min-width: 975px)\" width=\"340\" height=\"340\" \/><img alt=\"\u00bfQu\u00e9 pa\u00eds tiene el carnaval m\u00e1s largo del mundo?\" loading=\"lazy\" width=\"340\" height=\"340\" decoding=\"async\" data-nimg=\"1\" style=\"color:transparent\" src=\"https:\/\/13.com.ar\/wp-content\/uploads\/2025\/02\/1738570771_198_\u00bfCuando-es-la-ultima-noche-del-carnaval-de-Gualeguaychu.jpg\"\/><\/div>\n<\/div>\n<\/div>\n<div class=\"sc-80531b6b-0 chRIGJ container-text text-embed\">\n<p>Las historias que este 2025 celebra el carnaval de Gualeguaych\u00fa est\u00e1n marcadas por las tem\u00e1ticas de las cuatro comparsas: ofrecen relatos \u00fanicos que combinan elementos de fantas\u00eda, mitolog\u00eda, simbolismo y tradici\u00f3n, todos bajo el esp\u00edritu del carnaval. Qu\u00e9 cuenta cada una de las 4 comparsas que est\u00e1n compitiendo.<\/p>\n<\/div>\n<p><h2>1.\tPapelitos<\/h2>\n<\/p>\n<div class=\"sc-198be8ec-0 cynXbu image-embed  image-embed \"><picture class=\"sc-198be8ec-1 kOjRiQ\"><source media=\"(min-width: 975px)\" width=\"720\" height=\"480\" \/><img alt=\"Papelitos: &quot;El hechizo del Oeste&quot;. Dirigida por Juane Villagra. Notable 2025. \" loading=\"lazy\" width=\"720\" height=\"480\" decoding=\"async\" data-nimg=\"1\" style=\"color:transparent\" src=\"https:\/\/13.com.ar\/wp-content\/uploads\/2025\/02\/1738570771_74_\u00bfCuando-es-la-ultima-noche-del-carnaval-de-Gualeguaychu.jpg\"\/><span class=\"epigraphe\">Papelitos: &#8220;El hechizo del Oeste&#8221;. Dirigida por Juane Villagra. Notable 2025. <\/span><span class=\"bkg\"\/><span class=\"picture-open\"><button class=\"open-image\" aria-label=\"Open Image\"\/><\/span><\/picture><\/div>\n<div class=\"sc-80531b6b-0 chRIGJ container-text text-embed\">\n<p>Presenta una Gualeguaych\u00fa dist\u00f3pica dividida entre &#8220;Los Puros&#8221;, humanos privilegiados, y &#8220;Los Olvidados&#8221;, seres fant\u00e1sticos marginados.<\/p>\n<\/div>\n<div class=\"sc-80531b6b-0 chRIGJ container-text text-embed\">\n<p>La historia sigue a Candella, un hada que lucha por preservar la celebraci\u00f3n del &#8220;Corso de la Alegr\u00eda&#8221;, un espacio de igualdad y libertad, mientras enfrenta la amenaza de un ferrocarril que destruir\u00e1 su hogar. Es un canto a la resistencia, la diversidad y la magia de ser aut\u00e9nticos.<\/p>\n<\/div>\n<p><h2>2.\tMar\u00ed Mar\u00ed<\/h2>\n<\/p>\n<div class=\"sc-198be8ec-0 cynXbu image-embed  image-embed \"><picture class=\"sc-198be8ec-1 kOjRiQ\"><source media=\"(min-width: 975px)\" width=\"720\" height=\"480\" \/><img alt=\"Comparsa Mar\u00ed Mar\u00ed en Gualeguaych\u00fa 2025. Dirigida por Facundo Lucardi Navarro. Una versi\u00f3n de Ulises.\" loading=\"lazy\" width=\"720\" height=\"480\" decoding=\"async\" data-nimg=\"1\" style=\"color:transparent\" src=\"https:\/\/13.com.ar\/wp-content\/uploads\/2025\/02\/1738570771_504_\u00bfCuando-es-la-ultima-noche-del-carnaval-de-Gualeguaychu.jpg\"\/><span class=\"epigraphe\">Comparsa Mar\u00ed Mar\u00ed en Gualeguaych\u00fa 2025. Dirigida por Facundo Lucardi Navarro. Una versi\u00f3n de Ulises.<\/span><span class=\"bkg\"\/><span class=\"picture-open\"><button class=\"open-image\" aria-label=\"Open Image\"\/><\/span><\/picture><\/div>\n<div class=\"sc-80531b6b-0 chRIGJ container-text text-embed\">\n<p>Reinterpreta las aventuras de Ulises en la mitolog\u00eda griega, destacando la <strong>intervenci\u00f3n de Dionisio<\/strong>, dios de la alegr\u00eda, quien le ense\u00f1a a encontrar esperanza en el presente y en la celebraci\u00f3n.<\/p>\n<\/div>\n<div class=\"sc-80531b6b-0 chRIGJ container-text text-embed\">\n<p>Esta propuesta convierte el carnaval en una met\u00e1fora del viaje de la vida, un recordatorio de que \u00cdtaca no es solo un destino, sino la experiencia compartida que nos une en color, m\u00fasica y sue\u00f1os.<\/p>\n<\/div>\n<p><h2>3.\tKamarr<\/h2>\n<\/p>\n<div class=\"sc-198be8ec-0 cynXbu image-embed  image-embed \"><picture class=\"sc-198be8ec-1 kOjRiQ\"><source media=\"(min-width: 975px)\" width=\"720\" height=\"480\" \/><img alt=\"Comparsa Kamarr. bajo la direcci\u00f3n de Leo Rosviar. Lobos Negros contra Lobos Blancos. En Gualeguaych\u00fa 2025. \" loading=\"lazy\" width=\"720\" height=\"480\" decoding=\"async\" data-nimg=\"1\" style=\"color:transparent\" src=\"https:\/\/13.com.ar\/wp-content\/uploads\/2025\/02\/1738570771_699_\u00bfCuando-es-la-ultima-noche-del-carnaval-de-Gualeguaychu.jpg\"\/><span class=\"epigraphe\">Comparsa Kamarr. bajo la direcci\u00f3n de Leo Rosviar. Lobos Negros contra Lobos Blancos. En Gualeguaych\u00fa 2025. <\/span><span class=\"bkg\"\/><span class=\"picture-open\"><button class=\"open-image\" aria-label=\"Open Image\"\/><\/span><\/picture><\/div>\n<div class=\"sc-80531b6b-0 chRIGJ container-text text-embed\">\n<p>Relata la lucha simb\u00f3lica entre los Lobos Negros (ambici\u00f3n y ego\u00edsmo) y los Lobos Blancos (amor y bondad) en el coraz\u00f3n humano.<\/p>\n<\/div>\n<div class=\"sc-80531b6b-0 chRIGJ container-text text-embed\">\n<p>De este desequilibrio surge Eclipsia, una figura oscura que sume al mundo en el caos, pero la historia proclama que <strong>una chispa de elecci\u00f3n<\/strong> en cada ser humano puede restaurar el equilibrio. Kamarr invita a reflexionar sobre nuestras decisiones y a encontrar armon\u00eda con la naturaleza y nuestra esencia.<\/p>\n<\/div>\n<p><h2>4.\tAr\u00e1 Yev\u00ed<\/h2>\n<\/p>\n<div class=\"sc-198be8ec-0 cynXbu image-embed  image-embed \"><picture class=\"sc-198be8ec-1 kOjRiQ\"><source media=\"(min-width: 975px)\" width=\"720\" height=\"480\" \/><img alt=\"Comparsa Ar\u00e1 Yev\u00ed, dirigida por Guillermo Carabajal. Historias del norte argentino. Gualeguaych\u00fa 2025. \" loading=\"lazy\" width=\"720\" height=\"480\" decoding=\"async\" data-nimg=\"1\" style=\"color:transparent\" src=\"https:\/\/13.com.ar\/wp-content\/uploads\/2025\/02\/1738570771_669_\u00bfCuando-es-la-ultima-noche-del-carnaval-de-Gualeguaychu.jpg\"\/><span class=\"epigraphe\">Comparsa Ar\u00e1 Yev\u00ed, dirigida por Guillermo Carabajal. Historias del norte argentino. Gualeguaych\u00fa 2025. <\/span><span class=\"bkg\"\/><span class=\"picture-open\"><button class=\"open-image\" aria-label=\"Open Image\"\/><\/span><\/picture><\/div>\n<div class=\"sc-80531b6b-0 chRIGJ container-text text-embed\">\n<p>Nos lleva al norte argentino, donde el Rey Momo enfrenta los desaf\u00edos de la Salamanca para unirse a la diablada juje\u00f1a, celebrando el v\u00ednculo ancestral con la Pachamama.<\/p>\n<\/div>\n<div class=\"sc-80531b6b-0 chRIGJ container-text text-embed\">\n<p>Tras su transformaci\u00f3n, Momo adopta su traje de diablo como s\u00edmbolo del legado de la Madre Tierra y lleva la esencia del carnaval al mundo. La propuesta exalta el carnaval como un momento de <strong>conexi\u00f3n con nuestras ra\u00edces <\/strong>y un canto de gratitud hacia la vida.<\/p>\n<\/div>\n<div class=\"sc-80531b6b-0 chRIGJ container-text text-embed\">\n<p>En conjunto, los cuentos de las cuatro comparsas celebran el carnaval como un espacio de liberaci\u00f3n, conexi\u00f3n ancestral, y transformaci\u00f3n, resaltando valores de igualdad, esperanza y gratitud.<\/p>\n<\/div>\n<\/div>\n<p><br \/>\n<br \/><a href=\"https:\/\/www.clarin.com\/informacion-general\/ultima-noche-carnaval-gualeguaychu_0_q7mxMuUcrI.html\">Fuente Clarin.com <\/a><\/p>\n","protected":false},"excerpt":{"rendered":"<p>La \u00faltima oportunidad para presenciar el Carnaval de Gualeguaych\u00fa, ser\u00e1 el lunes 3 de marzo de 2025. El fin de semana extra largo de Carnaval ser\u00e1 el ep\u00edlogo del espect\u00e1culo m\u00e1s grande de Argentina. Durante once noches, las comparsas Papelitos, Mar\u00ed Mar\u00ed, Kamarr y Ar\u00e1 Yev\u00ed deleitar\u00e1n con las 12 carrozas a un p\u00fablico alegre [&hellip;]<\/p>\n","protected":false},"author":1,"featured_media":1502,"comment_status":"open","ping_status":"open","sticky":false,"template":"","format":"standard","meta":{"footnotes":""},"categories":[2],"tags":[657,677,100,3155,935,1859],"class_list":["post-1501","post","type-post","status-publish","format-standard","has-post-thumbnail","hentry","category-ultimas-noticias","tag-carnaval","tag-cuando","tag-del","tag-gualeguaychu","tag-noche","tag-ultima"],"_links":{"self":[{"href":"https:\/\/13.com.ar\/index.php\/wp-json\/wp\/v2\/posts\/1501","targetHints":{"allow":["GET"]}}],"collection":[{"href":"https:\/\/13.com.ar\/index.php\/wp-json\/wp\/v2\/posts"}],"about":[{"href":"https:\/\/13.com.ar\/index.php\/wp-json\/wp\/v2\/types\/post"}],"author":[{"embeddable":true,"href":"https:\/\/13.com.ar\/index.php\/wp-json\/wp\/v2\/users\/1"}],"replies":[{"embeddable":true,"href":"https:\/\/13.com.ar\/index.php\/wp-json\/wp\/v2\/comments?post=1501"}],"version-history":[{"count":0,"href":"https:\/\/13.com.ar\/index.php\/wp-json\/wp\/v2\/posts\/1501\/revisions"}],"wp:featuredmedia":[{"embeddable":true,"href":"https:\/\/13.com.ar\/index.php\/wp-json\/wp\/v2\/media\/1502"}],"wp:attachment":[{"href":"https:\/\/13.com.ar\/index.php\/wp-json\/wp\/v2\/media?parent=1501"}],"wp:term":[{"taxonomy":"category","embeddable":true,"href":"https:\/\/13.com.ar\/index.php\/wp-json\/wp\/v2\/categories?post=1501"},{"taxonomy":"post_tag","embeddable":true,"href":"https:\/\/13.com.ar\/index.php\/wp-json\/wp\/v2\/tags?post=1501"}],"curies":[{"name":"wp","href":"https:\/\/api.w.org\/{rel}","templated":true}]}}