{"id":1487,"date":"2025-02-03T01:53:40","date_gmt":"2025-02-03T04:53:40","guid":{"rendered":"https:\/\/13.com.ar\/index.php\/el-impactante-show-de-shakira-en-los-premios-grammy-2025\/"},"modified":"2025-02-03T01:53:40","modified_gmt":"2025-02-03T04:53:40","slug":"el-impactante-show-de-shakira-en-los-premios-grammy-2025","status":"publish","type":"post","link":"https:\/\/13.com.ar\/index.php\/el-impactante-show-de-shakira-en-los-premios-grammy-2025\/","title":{"rendered":"El impactante show de Shakira en los Premios Grammy 2025"},"content":{"rendered":"<p> <br \/>\n<\/p>\n<div id=\"cuerpo\">\n<div class=\"sc-80531b6b-0 chRIGJ container-text text-embed\">\n<p><strong>Shakira<\/strong>, en el d\u00eda de su cumplea\u00f1os 48, brill\u00f3 en su presentaci\u00f3n en la 67\u00aa edici\u00f3n anual de los premios Grammy, que se celebraron este domingo en Los \u00c1ngeles.<\/p>\n<\/div>\n<div class=\"sc-80531b6b-0 chRIGJ container-text text-embed\">\n<p>La cantante colombiana brind\u00f3 un impactante show en el escenario del Crypto.com Arena de Los \u00c1ngeles.<\/p>\n<\/div>\n<div class=\"sc-80531b6b-0 chRIGJ container-text text-embed\">\n<p>Shak abri\u00f3 su presentaci\u00f3n, a puro baile, con <em>Ojos as\u00ed, <\/em>uno de sus primeros grandes \u00e9xitos de su carrera.<\/p>\n<\/div>\n<div class=\"sc-198be8ec-0 cynXbu image-embed  image-embed \"><picture class=\"sc-198be8ec-1 kOjRiQ\"><source media=\"(min-width: 975px)\" width=\"720\" height=\"480\" \/><img alt=\"Shakira interpret\u00f3 &quot;Ojos as\u00ed&quot; en los Grammy. (AP Photo\/Chris Pizzello)\" loading=\"lazy\" width=\"720\" height=\"480\" decoding=\"async\" data-nimg=\"1\" style=\"color:transparent\" src=\"https:\/\/13.com.ar\/wp-content\/uploads\/2025\/02\/El-impactante-show-de-Shakira-en-los-Premios-Grammy-2025.jpg\"\/><span class=\"epigraphe\">Shakira interpret\u00f3 &#8220;Ojos as\u00ed&#8221; en los Grammy. (AP Photo\/Chris Pizzello)<\/span><span class=\"bkg\"\/><span class=\"picture-open\"><button class=\"open-image\" aria-label=\"Open Image\"\/><\/span><\/picture><\/div>\n<div class=\"sc-198be8ec-0 cynXbu image-embed  image-embed \"><picture class=\"sc-198be8ec-1 kOjRiQ\"><source media=\"(min-width: 975px)\" width=\"720\" height=\"480\" \/><img alt=\"Shakira, puro sensualidad en los premios Grammy. (AP Photo\/Chris Pizzello).\" loading=\"lazy\" width=\"720\" height=\"480\" decoding=\"async\" data-nimg=\"1\" style=\"color:transparent\" src=\"https:\/\/13.com.ar\/wp-content\/uploads\/2025\/02\/1738558420_40_El-impactante-show-de-Shakira-en-los-Premios-Grammy-2025.jpg\"\/><span class=\"epigraphe\">Shakira, puro sensualidad en los premios Grammy. (AP Photo\/Chris Pizzello).<\/span><span class=\"bkg\"\/><span class=\"picture-open\"><button class=\"open-image\" aria-label=\"Open Image\"\/><\/span><\/picture><\/div>\n<div class=\"sc-80531b6b-0 chRIGJ container-text text-embed\">\n<p>Y luego realiz\u00f3 una novedosa versi\u00f3n de la<em> Bzrp Music Sessions, Vol. 53, <\/em>bien electr\u00f3nica.<\/p>\n<\/div>\n<div class=\"sc-198be8ec-0 cynXbu image-embed  image-embed \"><picture class=\"sc-198be8ec-1 kOjRiQ\"><source media=\"(min-width: 975px)\" width=\"720\" height=\"480\" \/><img alt=\"Shakira hizo una versi\u00f3n de su Bzrp Music Sessions, Vol. 53. (AP Photo\/Chris Pizzello)\" loading=\"lazy\" width=\"720\" height=\"480\" decoding=\"async\" data-nimg=\"1\" style=\"color:transparent\" src=\"https:\/\/13.com.ar\/wp-content\/uploads\/2025\/02\/1738558420_884_El-impactante-show-de-Shakira-en-los-Premios-Grammy-2025.jpg\"\/><span class=\"epigraphe\">Shakira hizo una versi\u00f3n de su Bzrp Music Sessions, Vol. 53. (AP Photo\/Chris Pizzello)<\/span><span class=\"bkg\"\/><span class=\"picture-open\"><button class=\"open-image\" aria-label=\"Open Image\"\/><\/span><\/picture><\/div>\n<div class=\"sc-80531b6b-0 chRIGJ container-text text-embed\">\n<p>Adem\u00e1s,<strong> Shakira gan\u00f3 el Grammy a &#8220;mejor latin \u00e1lbum pop&#8221; <\/strong>por <em>Las mujeres ya no lloran. <\/em><\/p>\n<\/div>\n<div class=\"sc-80531b6b-0 chRIGJ container-text text-embed\">\n<p>Tras recibir el premio de manos de su colega y amiga Jennifer Lopez, la cantante expres\u00f3: &#8220;Esto es incre\u00edble, muchas gracias. <strong>Le quiero dedicar este premio a mis hermanos y hermanas inmigrantes en este pa\u00eds&#8221;<\/strong> e hizo una menci\u00f3n especial a sus dos hijos, Sasha y Milan, fruto de su relaci\u00f3n con Gerard Piqu\u00e9.<\/p>\n<\/div>\n<div class=\"sc-198be8ec-0 cynXbu image-embed  image-embed \"><picture class=\"sc-198be8ec-1 kOjRiQ\"><source media=\"(min-width: 975px)\" width=\"720\" height=\"480\" \/><img alt=\"Jennifer Lopez le entreg\u00f3 el Grammy a Shakira. (AP Photo\/Chris Pizzello).\" loading=\"lazy\" width=\"720\" height=\"480\" decoding=\"async\" data-nimg=\"1\" style=\"color:transparent\" src=\"https:\/\/13.com.ar\/wp-content\/uploads\/2025\/02\/1738558420_736_El-impactante-show-de-Shakira-en-los-Premios-Grammy-2025.jpg\"\/><span class=\"epigraphe\">Jennifer Lopez le entreg\u00f3 el Grammy a Shakira. (AP Photo\/Chris Pizzello).<\/span><span class=\"bkg\"\/><span class=\"picture-open\"><button class=\"open-image\" aria-label=\"Open Image\"\/><\/span><\/picture><\/div>\n<div class=\"sc-80531b6b-0 chRIGJ container-text text-embed\">\n<p>Este es el<strong> cuarto Grammy anglo de la colombiana.<\/strong> <\/p>\n<\/div>\n<div class=\"sc-80531b6b-0 chRIGJ container-text text-embed\">\n<p>El primero lo obtuvo en 2001 por su trabajo MTV Unplugged en la categor\u00eda Mejor \u00c1lbum Pop. Posteriormente, en 2006, gan\u00f3 en Mejor \u00c1lbum rock alternativo latino por <em>Fijaci\u00f3n Oral Vol. 1<\/em> y el tercero lleg\u00f3 en 2018 por <em>El Dorado<\/em> en la categor\u00eda Mejor \u00c1lbum pop latino.<\/p>\n<\/div>\n<p><h2>La desafortunada frase de Trever Noah al presentar a Shakira<\/h2>\n<\/p>\n<div class=\"sc-80531b6b-0 chRIGJ container-text text-embed\">\n<p>En las redes se viralizaron las palabras del presentador de los premios, Trever Noah, c\u00f3mico y escritor sudafricano, al nombrar a Shakira.<strong> &#8220;Lo mejor que ha dado Colombia que no es delito grave&#8221;,<\/strong> dijo al presentarla, lo que le vali\u00f3 recibir fuertes cr\u00edticas.<\/p>\n<\/div>\n<p><h2>Las fotos de Shakira en la Alfombra Roja de los Premios Grammy<\/h2>\n<\/p>\n<div class=\"sc-80531b6b-0 chRIGJ container-text text-embed\">\n<p>Previo a su presentaci\u00f3n, <strong>Shak pas\u00f3 por la Alfombra Roja luciendo un vestido transparente con un body de color naranja<\/strong>, con un estampado de tonos oscuros.<\/p>\n<\/div>\n<div class=\"sc-198be8ec-0 cynXbu image-embed  image-embed \"><picture class=\"sc-198be8ec-1 kOjRiQ\"><source media=\"(min-width: 975px)\" width=\"720\" height=\"480\" \/><img alt=\"Shakira. REUTERS\/Daniel Cole\" loading=\"lazy\" width=\"720\" height=\"480\" decoding=\"async\" data-nimg=\"1\" style=\"color:transparent\" src=\"https:\/\/13.com.ar\/wp-content\/uploads\/2025\/02\/1738558420_139_El-impactante-show-de-Shakira-en-los-Premios-Grammy-2025.jpg\"\/><span class=\"epigraphe\">Shakira. REUTERS\/Daniel Cole<\/span><span class=\"bkg\"\/><span class=\"picture-open\"><button class=\"open-image\" aria-label=\"Open Image\"\/><\/span><\/picture><\/div>\n<div class=\"sc-198be8ec-0 cynXbu image-embed  image-embed \"><picture class=\"sc-198be8ec-1 kOjRiQ\"><source media=\"(min-width: 975px)\" width=\"720\" height=\"480\" \/><img alt=\"Shakira. (Photo by Jordan Strauss\/Invision\/AP)\" loading=\"lazy\" width=\"720\" height=\"480\" decoding=\"async\" data-nimg=\"1\" style=\"color:transparent\" src=\"https:\/\/13.com.ar\/wp-content\/uploads\/2025\/02\/1738558420_133_El-impactante-show-de-Shakira-en-los-Premios-Grammy-2025.jpg\"\/><span class=\"epigraphe\">Shakira. (Photo by Jordan Strauss\/Invision\/AP)<\/span><span class=\"bkg\"\/><span class=\"picture-open\"><button class=\"open-image\" aria-label=\"Open Image\"\/><\/span><\/picture><\/div>\n<div class=\"sc-198be8ec-0 cynXbu image-embed  image-embed \"><picture class=\"sc-198be8ec-1 kOjRiQ\"><source media=\"(min-width: 975px)\" width=\"720\" height=\"480\" \/><img alt=\"Shakira, en la Alfombra Roja de los Grammy. (Photo by Jordan Strauss\/Invision\/AP)\" loading=\"lazy\" width=\"720\" height=\"480\" decoding=\"async\" data-nimg=\"1\" style=\"color:transparent\" src=\"https:\/\/13.com.ar\/wp-content\/uploads\/2025\/02\/1738558420_180_El-impactante-show-de-Shakira-en-los-Premios-Grammy-2025.jpg\"\/><span class=\"epigraphe\">Shakira, en la Alfombra Roja de los Grammy. (Photo by Jordan Strauss\/Invision\/AP)<\/span><span class=\"bkg\"\/><span class=\"picture-open\"><button class=\"open-image\" aria-label=\"Open Image\"\/><\/span><\/picture><\/div>\n<div class=\"sc-198be8ec-0 cynXbu image-embed  image-embed \"><picture class=\"sc-198be8ec-1 kOjRiQ\"><source media=\"(min-width: 975px)\" width=\"720\" height=\"480\" \/><img alt=\"Shakira. (Photo by Jordan Strauss\/Invision\/AP)\" loading=\"lazy\" width=\"720\" height=\"480\" decoding=\"async\" data-nimg=\"1\" style=\"color:transparent\" src=\"https:\/\/13.com.ar\/wp-content\/uploads\/2025\/02\/1738558420_134_El-impactante-show-de-Shakira-en-los-Premios-Grammy-2025.jpg\"\/><span class=\"epigraphe\">Shakira. (Photo by Jordan Strauss\/Invision\/AP)<\/span><span class=\"bkg\"\/><span class=\"picture-open\"><button class=\"open-image\" aria-label=\"Open Image\"\/><\/span><\/picture><\/div>\n<p><h2>Shakira se prepara para el inicio de su Tour Mundial<\/h2>\n<\/p>\n<div class=\"sc-80531b6b-0 chRIGJ container-text text-embed\">\n<p>La presentaci\u00f3n de la colombiana en los premios Grammy son un adelanto de su pr\u00f3xima <strong>gira mundial, denominada &#8220;Las Mujeres Ya No Lloran World Tour&#8221;.<\/strong><\/p>\n<\/div>\n<div class=\"sc-80531b6b-0 chRIGJ container-text text-embed\">\n<p>La gira de Shak comenzar\u00e1 el 11 de febrero de 2025 en R\u00edo de Janeiro, con su \u00faltima fecha anunciada hasta el momento el 30 de junio de 2025 en San Francisco.<\/p>\n<\/div>\n<div class=\"sc-80531b6b-0 chRIGJ container-text text-embed\">\n<p>En la Argentina se presentar\u00e1 el 7 y 8 de marzo en el Campo Argentino de Polo. Las entradas <strong>ya est\u00e1n agotadas. <\/strong>La \u00faltima vez de la int\u00e9rprete de<strong> <\/strong><em>Antolog\u00eda,<\/em><strong><em> <\/em><\/strong><em>Waka Waka, Hips Don\u00b4t Lie, Loca o La Bicicleta, <\/em>entre otros grandes hits, fue en octubre de 2018, cuando realiz\u00f3 dos presentaciones en el estadio de V\u00e9lez.<\/p>\n<\/div>\n<div class=\"sc-198be8ec-0 cynXbu image-embed  image-embed \"><picture class=\"sc-198be8ec-1 kOjRiQ\"><source media=\"(min-width: 975px)\" width=\"720\" height=\"480\" \/><img alt=\"Shakira, en su \u00faltima presentaci\u00f3n en Argentina, en 2018. Foto: Mart\u00edn Bonetto. Archivo.\" loading=\"lazy\" width=\"720\" height=\"480\" decoding=\"async\" data-nimg=\"1\" style=\"color:transparent\" src=\"https:\/\/13.com.ar\/wp-content\/uploads\/2025\/02\/1738558420_575_El-impactante-show-de-Shakira-en-los-Premios-Grammy-2025.jpg\"\/><span class=\"epigraphe\">Shakira, en su \u00faltima presentaci\u00f3n en Argentina, en 2018. Foto: Mart\u00edn Bonetto. Archivo.<\/span><span class=\"bkg\"\/><span class=\"picture-open\"><button class=\"open-image\" aria-label=\"Open Image\"\/><\/span><\/picture><\/div>\n<div class=\"sc-80531b6b-0 chRIGJ container-text text-embed\">\n<p>Recientemente, Shakira lanz\u00f3 un concurso para que la posibilidad a los ganadores de subir al escenario con ella durante su gira por Latinoam\u00e9rica. En cada una de las ciudades que visitar\u00e1, <strong>un fan ser\u00e1 elegido para subirse con ella y caminar por la pasarela al comp\u00e1s de sus exitosas canciones. <\/strong><\/p>\n<\/div>\n<div class=\"sc-80531b6b-0 chRIGJ container-text text-embed\">\n<p>La cantante barranquillera comparti\u00f3 una serie de simples requisitos para todos aquellos que deseen probar suerte.<\/p>\n<\/div>\n<div class=\"sc-80531b6b-0 chRIGJ container-text text-embed\">\n<p>En primer lugar, los interesados deber\u00e1n formar parte de Wolfpack, la pagina oficial de comunicaci\u00f3n de Shakira. Pod\u00e9s registrarte ac\u00e1 o mediante el sitio web oficial de la cantante.<\/p>\n<\/div>\n<\/div>\n<p><br \/>\n<br \/><a href=\"https:\/\/www.clarin.com\/fama\/impactante-show-shakira-premios-grammy-2025_0_OOPpEqU8vi.html\">Fuente Clarin.com <\/a><\/p>\n","protected":false},"excerpt":{"rendered":"<p>Shakira, en el d\u00eda de su cumplea\u00f1os 48, brill\u00f3 en su presentaci\u00f3n en la 67\u00aa edici\u00f3n anual de los premios Grammy, que se celebraron este domingo en Los \u00c1ngeles. La cantante colombiana brind\u00f3 un impactante show en el escenario del Crypto.com Arena de Los \u00c1ngeles. Shak abri\u00f3 su presentaci\u00f3n, a puro baile, con Ojos as\u00ed, [&hellip;]<\/p>\n","protected":false},"author":1,"featured_media":1488,"comment_status":"open","ping_status":"open","sticky":false,"template":"","format":"standard","meta":{"footnotes":""},"categories":[2],"tags":[3139,232,28,2652,3138,1225],"class_list":["post-1487","post","type-post","status-publish","format-standard","has-post-thumbnail","hentry","category-ultimas-noticias","tag-grammy","tag-impactante","tag-los","tag-premios","tag-shakira","tag-show"],"_links":{"self":[{"href":"https:\/\/13.com.ar\/index.php\/wp-json\/wp\/v2\/posts\/1487","targetHints":{"allow":["GET"]}}],"collection":[{"href":"https:\/\/13.com.ar\/index.php\/wp-json\/wp\/v2\/posts"}],"about":[{"href":"https:\/\/13.com.ar\/index.php\/wp-json\/wp\/v2\/types\/post"}],"author":[{"embeddable":true,"href":"https:\/\/13.com.ar\/index.php\/wp-json\/wp\/v2\/users\/1"}],"replies":[{"embeddable":true,"href":"https:\/\/13.com.ar\/index.php\/wp-json\/wp\/v2\/comments?post=1487"}],"version-history":[{"count":0,"href":"https:\/\/13.com.ar\/index.php\/wp-json\/wp\/v2\/posts\/1487\/revisions"}],"wp:featuredmedia":[{"embeddable":true,"href":"https:\/\/13.com.ar\/index.php\/wp-json\/wp\/v2\/media\/1488"}],"wp:attachment":[{"href":"https:\/\/13.com.ar\/index.php\/wp-json\/wp\/v2\/media?parent=1487"}],"wp:term":[{"taxonomy":"category","embeddable":true,"href":"https:\/\/13.com.ar\/index.php\/wp-json\/wp\/v2\/categories?post=1487"},{"taxonomy":"post_tag","embeddable":true,"href":"https:\/\/13.com.ar\/index.php\/wp-json\/wp\/v2\/tags?post=1487"}],"curies":[{"name":"wp","href":"https:\/\/api.w.org\/{rel}","templated":true}]}}