{"id":1481,"date":"2025-02-03T01:20:33","date_gmt":"2025-02-03T04:20:33","guid":{"rendered":"https:\/\/13.com.ar\/index.php\/tragedia-de-cromanon-la-noche-que-cambio-la-seguridad-en-los-espectaculos-en-argentina\/"},"modified":"2025-02-03T01:20:33","modified_gmt":"2025-02-03T04:20:33","slug":"tragedia-de-cromanon-la-noche-que-cambio-la-seguridad-en-los-espectaculos-en-argentina","status":"publish","type":"post","link":"https:\/\/13.com.ar\/index.php\/tragedia-de-cromanon-la-noche-que-cambio-la-seguridad-en-los-espectaculos-en-argentina\/","title":{"rendered":"Tragedia de Croma\u00f1\u00f3n la noche que cambi\u00f3 la seguridad en los espect\u00e1culos en Argentina"},"content":{"rendered":"<p> <br \/>\n<\/p>\n<div id=\"cuerpo\">\n<div class=\"sc-80531b6b-0 chRIGJ container-text text-embed\">\n<p>La <strong>tragedia del boliche Rep\u00fablica de Croma\u00f1\u00f3n, ocurrida el 30 de diciembre de 2004<\/strong>, puso en evidencia las falencias de los recitales de rock, la connivencia de la Polic\u00eda y de los funcionarios municipales con los \u201cdue\u00f1os de la noche\u201d y hasta la irresponsabilidad de los m\u00fasicos.<\/p>\n<\/div>\n<div class=\"sc-80531b6b-0 chRIGJ container-text text-embed\">\n<p>El incendio del boliche, que <strong>provoc\u00f3 la muerte de 194 personas y heridas a m\u00e1s de 1.500<\/strong>, marca un antes y un despu\u00e9s en la historia de los recitales de rock en la Argentina. Con decenas de imputados y un juicio pol\u00edtico que termin\u00f3 con la <strong>destituci\u00f3n del jefe de Gobierno porte\u00f1o, An\u00edbal Ibarra<\/strong>, el episodio revel\u00f3 la compleja trama detr\u00e1s de este tipo de espect\u00e1culos.<\/p>\n<\/div>\n<div class=\"sc-80531b6b-0 chRIGJ container-text text-embed\">\n<p>Las idas y vueltas de un largo proceso judicial, durante el cual hubo ratificaciones y rectificaciones, tambi\u00e9n pusieron en duda las actuaciones de los magistrados o, al menos, sus distintos puntos de vista.<\/p>\n<\/div>\n<div class=\"sc-80531b6b-0 chRIGJ container-text text-embed\">\n<p>M\u00e1s all\u00e1 de las responsabilidades y de los efectos condenatorios, los familiares de las v\u00edctimas de Croma\u00f1\u00f3n nunca dejaron de insistir en la b\u00fasqueda de verdadera justicia.<\/p>\n<\/div>\n<p><h2>Tragedia de Croma\u00f1\u00f3n la noche que cambi\u00f3 la seguridad en los espect\u00e1culos en Argentina<\/h2>\n<\/p>\n<div class=\"sc-198be8ec-0 cynXbu image-embed  image-embed \"><picture class=\"sc-198be8ec-1 kOjRiQ\"><source media=\"(min-width: 975px)\" width=\"720\" height=\"480\" \/><img alt=\"El proceso judicial tuvo muchas idas y vueltas, pero fue una tragedia que cambi\u00f3 la seguridad en los espect\u00e1culos. Foto: Clar\u00edn.\" loading=\"lazy\" width=\"720\" height=\"480\" decoding=\"async\" data-nimg=\"1\" style=\"color:transparent\" src=\"https:\/\/13.com.ar\/wp-content\/uploads\/2025\/02\/Tragedia-de-Cromanon-la-noche-que-cambio-la-seguridad-en.jpg\"\/><span class=\"epigraphe\">El proceso judicial tuvo muchas idas y vueltas, pero fue una tragedia que cambi\u00f3 la seguridad en los espect\u00e1culos. Foto: Clar\u00edn.<\/span><span class=\"bkg\"\/><span class=\"picture-open\"><button class=\"open-image\" aria-label=\"Open Image\"\/><\/span><\/picture><\/div>\n<div class=\"sc-80531b6b-0 chRIGJ container-text text-embed\">\n<p>Todo comenz\u00f3 alrededor de las once de la noche del <strong>30 de diciembre de 2004<\/strong>, cuando la banda de rock <strong>Callejeros<\/strong> iniciaba su tercer recital consecutivo en Rep\u00fablica Croma\u00f1\u00f3n, boliche administrado por el empresario de la noche Omar Chab\u00e1n.<\/p>\n<\/div>\n<div class=\"sc-80531b6b-0 chRIGJ container-text text-embed\">\n<p>Mientras Callejeros tocaba el tema Distinto, uno de los asistentes encendi\u00f3 <strong>una bengala que impact\u00f3 en una media sombra<\/strong> de pl\u00e1stico ubicada en el techo. El desprendimiento de gases t\u00f3xicos emanados de los materiales inflamables produjo la asfixia de la mayor\u00eda de las v\u00edctimas fatales.<\/p>\n<\/div>\n<div class=\"sc-4306f4f9-0 bAPCpp\">\n<div class=\"inner-card-m\">\n<div class=\"related-content\">\n<p><span class=\"body-title\">Mir\u00e1 tambi\u00e9n<\/span><\/p>\n<h3>Carlos Robledo Puch: el &#8216;\u00e1ngel de la muerte&#8217; y su escalofriante legado en la historia del crimen en Argentina<\/h3>\n<source media=\"(min-width: 975px)\" width=\"340\" height=\"340\" \/><img alt=\"Carlos Robledo Puch: el '\u00e1ngel de la muerte' y su escalofriante legado en la historia del crimen en Argentina\" loading=\"lazy\" width=\"340\" height=\"340\" decoding=\"async\" data-nimg=\"1\" style=\"color:transparent\" src=\"https:\/\/13.com.ar\/wp-content\/uploads\/2025\/02\/1738556433_385_Tragedia-de-Cromanon-la-noche-que-cambio-la-seguridad-en.jpg\"\/><\/div>\n<\/div>\n<\/div>\n<div class=\"sc-80531b6b-0 chRIGJ container-text text-embed\">\n<p>Como en el incendio de la discoteca Kheyvis, ocurrido en 1999, el local estaba superpoblado ya que <strong>hab\u00eda al menos 4.500 personas donde cab\u00edan 1.031<\/strong>. A pesar de esta limitaci\u00f3n de espacio, los organizadores hab\u00edan vendido 3.500 entradas y permitido el ingreso de otras 1.000 personas sin ticket.<\/p>\n<\/div>\n<div class=\"sc-80531b6b-0 chRIGJ container-text text-embed\">\n<p><strong>La<\/strong> <strong>salida de emergencia estaba obstaculizada <\/strong>por la presencia de vallas, algo que dificult\u00f3 la evacuaci\u00f3n. La entrada principal tambi\u00e9n dificult\u00f3 la salida, debido a su propia estructura.<\/p>\n<\/div>\n<div class=\"sc-80531b6b-0 chRIGJ container-text text-embed\">\n<p>El incendio puso en discusi\u00f3n el uso de bengalas y de pirotecnia en los recitales del llamado rock barrial. En algunas entrevistas radiales, miembros de Callejeros, como Patricio Fontanet, hab\u00edan admitido (antes del recital tr\u00e1gico) que alentaban su uso.<\/p>\n<\/div>\n<div class=\"sc-4306f4f9-0 bAPCpp\">\n<div class=\"inner-card-m\">\n<div class=\"related-content\">\n<p><span class=\"body-title\">Mir\u00e1 tambi\u00e9n<\/span><\/p>\n<h3>El s\u00e1tiro de San Isidro: la historia detr\u00e1s del criminal que aterroriz\u00f3 a Argentina en solo seis meses<\/h3>\n<source media=\"(min-width: 975px)\" width=\"340\" height=\"340\" \/><img alt=\"El s\u00e1tiro de San Isidro: la historia detr\u00e1s del criminal que aterroriz\u00f3 a Argentina en solo seis meses\" loading=\"lazy\" width=\"340\" height=\"340\" decoding=\"async\" data-nimg=\"1\" style=\"color:transparent\" src=\"https:\/\/13.com.ar\/wp-content\/uploads\/2025\/02\/1738548750_325_Puerta-12-la-tragedia-del-Monumental-verdades-y-mentiras-detras.jpg\"\/><\/div>\n<\/div>\n<\/div>\n<div class=\"sc-80531b6b-0 chRIGJ container-text text-embed\">\n<p>Luego de la tragedia, la Justicia dict\u00f3 la orden de captura de Chab\u00e1n, que fue arrestado en una casa del barrio de Monserrat. En los meses siguientes fueron detenidos Diego Arga\u00f1araz, m\u00e1nager de Callejeros, Lorenzo Bussi, encargado de la seguridad, y Ra\u00fal Villarreal, mencionado como coordinador general del local. Arga\u00f1araz y Bussi fueron liberados, ya que fueron procesados por homicidio culposo, un delito excarcelable. A Villarreal en cambio, se le dict\u00f3 la prisi\u00f3n preventiva, ya que fue acusado de homicidio con dolo eventual.<\/p>\n<\/div>\n<div class=\"sc-198be8ec-0 cynXbu image-embed  image-embed \"><picture class=\"sc-198be8ec-1 kOjRiQ\"><source media=\"(min-width: 975px)\" width=\"720\" height=\"480\" \/><img alt=\"Santuario frente al boliche en el que murieron 194 personas el 30 de diciembre de 2004. Foto: Clar\u00edn.\" loading=\"lazy\" width=\"720\" height=\"480\" decoding=\"async\" data-nimg=\"1\" style=\"color:transparent\" src=\"https:\/\/13.com.ar\/wp-content\/uploads\/2025\/02\/1738556433_952_Tragedia-de-Cromanon-la-noche-que-cambio-la-seguridad-en.jpg\"\/><span class=\"epigraphe\">Santuario frente al boliche en el que murieron 194 personas el 30 de diciembre de 2004. Foto: Clar\u00edn.<\/span><span class=\"bkg\"\/><span class=\"picture-open\"><button class=\"open-image\" aria-label=\"Open Image\"\/><\/span><\/picture><\/div>\n<div class=\"sc-80531b6b-0 chRIGJ container-text text-embed\">\n<p>Luego de pagar una fianza de medio mill\u00f3n de pesos, Chab\u00e1n fue liberado y tambi\u00e9n fue excarcelado Villarreal. Como la Justicia cambi\u00f3 la car\u00e1tula de homicidio simple a estrago doloso seguido de muerte, Chab\u00e1n recuper\u00f3 la libertad, decisi\u00f3n que luego fue anulada. El empresario fue recluido en el penal de Marcos Paz.<\/p>\n<\/div>\n<div class=\"sc-80531b6b-0 chRIGJ container-text text-embed\">\n<p>En<strong> junio de 2005<\/strong>, los miembros de Callejeros fueron acusados de homicidio culposo agravado. Tambi\u00e9n fueron procesados varios exfuncionarios del gobierno de la Ciudad de Buenos Aires. En septiembre un tribunal cambi\u00f3 la car\u00e1tula a estrago culposo.<\/p>\n<\/div>\n<div class=\"sc-80531b6b-0 chRIGJ container-text text-embed\">\n<p>Durante tres a\u00f1os distintos jueces y tribunales <strong>cambiaron las imputaciones a las decenas de acusados<\/strong>, que inclu\u00edan a la banda Callejeros, a exfuncionarios municipales y a miembros de la Polic\u00eda Federal.<\/p>\n<\/div>\n<div class=\"sc-80531b6b-0 chRIGJ container-text text-embed\">\n<p>De esta manera, en 2008, a <strong>juicio oral<\/strong> fueron llevadas 15 personas: Chab\u00e1n y Villarreal, acusados de estrago doloso seguido de muerte y cohecho activo, al igual que los integrantes de Callejeros (adem\u00e1s de Fontanet, Elio Delgado, Maximiliano Djerfy, Eduardo V\u00e1zquez, Christi\u00e1n Torrej\u00f3n y Juan Alberto Carbone), el escen\u00f3grafo Daniel Cardell y el m\u00e1nager Diego Arga\u00f1araz. Adem\u00e1s fueron juzgados tres funcionarios del gobierno porte\u00f1o (Fabiana Fiszbin, Gustavo Torres y Ana Mar\u00eda Fern\u00e1ndez) y dos oficiales de la Federal (Carlos Rub\u00e9n D\u00edaz y Miguel \u00c1ngel Belay).<\/p>\n<\/div>\n<div class=\"sc-80531b6b-0 chRIGJ container-text text-embed\">\n<p><strong>La sentencia se conoci\u00f3 el 19 de agosto de 2009<\/strong>: Chab\u00e1n fue condenado a 20 a\u00f1os de prisi\u00f3n; Arga\u00f1araz a 18 a\u00f1os; el subcomisario D\u00edaz a 18; Villarreal a 1 a\u00f1o de prisi\u00f3n en suspenso; Fiszbin y Fern\u00e1ndez a 2 a\u00f1os. En tanto los integrantes de Callejeros, el comisario Belay y Torres fueron absueltos.<\/p>\n<\/div>\n<div class=\"sc-80531b6b-0 chRIGJ container-text text-embed\">\n<p>En 2015, un nuevo fallo<strong>,<\/strong> esta vez de la C\u00e1mara Federal, <strong>modific\u00f3 las penas<\/strong>. Fontanet fue condenado a 7 a\u00f1os; V\u00e1squez, a 6 (cumple reclusi\u00f3n perpetua por el homicidio de Wanda Taddei); Djerfy, a 5; Torrej\u00f3n, a 5; Delgado, a 5; Carbone, a 5; Cardell, a 3; Villarreal, a 6; Fiszbin, a 4; Fern\u00e1ndez a 2 y Torres a 3. Chab\u00e1n, en tanto, hab\u00eda muerto en 2014.<\/p>\n<\/div>\n<\/div>\n<p><br \/>\n<br \/><a href=\"https:\/\/www.clarin.com\/informacion-general\/tragedia-cromanon-noche-cambio-seguridad-espectaculos-argentina_0_GNyxb5YTLm.html\">Fuente Clarin.com <\/a><\/p>\n","protected":false},"excerpt":{"rendered":"<p>La tragedia del boliche Rep\u00fablica de Croma\u00f1\u00f3n, ocurrida el 30 de diciembre de 2004, puso en evidencia las falencias de los recitales de rock, la connivencia de la Polic\u00eda y de los funcionarios municipales con los \u201cdue\u00f1os de la noche\u201d y hasta la irresponsabilidad de los m\u00fasicos. El incendio del boliche, que provoc\u00f3 la muerte [&hellip;]<\/p>\n","protected":false},"author":1,"featured_media":1482,"comment_status":"open","ping_status":"open","sticky":false,"template":"","format":"standard","meta":{"footnotes":""},"categories":[2],"tags":[288,809,3136,3137,28,935,316,1573],"class_list":["post-1481","post","type-post","status-publish","format-standard","has-post-thumbnail","hentry","category-ultimas-noticias","tag-argentina","tag-cambio","tag-cromanon","tag-espectaculos","tag-los","tag-noche","tag-seguridad","tag-tragedia"],"_links":{"self":[{"href":"https:\/\/13.com.ar\/index.php\/wp-json\/wp\/v2\/posts\/1481","targetHints":{"allow":["GET"]}}],"collection":[{"href":"https:\/\/13.com.ar\/index.php\/wp-json\/wp\/v2\/posts"}],"about":[{"href":"https:\/\/13.com.ar\/index.php\/wp-json\/wp\/v2\/types\/post"}],"author":[{"embeddable":true,"href":"https:\/\/13.com.ar\/index.php\/wp-json\/wp\/v2\/users\/1"}],"replies":[{"embeddable":true,"href":"https:\/\/13.com.ar\/index.php\/wp-json\/wp\/v2\/comments?post=1481"}],"version-history":[{"count":0,"href":"https:\/\/13.com.ar\/index.php\/wp-json\/wp\/v2\/posts\/1481\/revisions"}],"wp:featuredmedia":[{"embeddable":true,"href":"https:\/\/13.com.ar\/index.php\/wp-json\/wp\/v2\/media\/1482"}],"wp:attachment":[{"href":"https:\/\/13.com.ar\/index.php\/wp-json\/wp\/v2\/media?parent=1481"}],"wp:term":[{"taxonomy":"category","embeddable":true,"href":"https:\/\/13.com.ar\/index.php\/wp-json\/wp\/v2\/categories?post=1481"},{"taxonomy":"post_tag","embeddable":true,"href":"https:\/\/13.com.ar\/index.php\/wp-json\/wp\/v2\/tags?post=1481"}],"curies":[{"name":"wp","href":"https:\/\/api.w.org\/{rel}","templated":true}]}}