{"id":1477,"date":"2025-02-03T00:23:43","date_gmt":"2025-02-03T03:23:43","guid":{"rendered":"https:\/\/13.com.ar\/index.php\/ovacion-de-la-bombonera-y-festejo-a-lo-riquelme\/"},"modified":"2025-02-03T00:23:43","modified_gmt":"2025-02-03T03:23:43","slug":"ovacion-de-la-bombonera-y-festejo-a-lo-riquelme","status":"publish","type":"post","link":"https:\/\/13.com.ar\/index.php\/ovacion-de-la-bombonera-y-festejo-a-lo-riquelme\/","title":{"rendered":"ovaci\u00f3n de la Bombonera y festejo a lo Riquelme"},"content":{"rendered":"<p> <br \/>\n<br \/><img decoding=\"async\" src=\"https:\/\/13.com.ar\/wp-content\/uploads\/2025\/02\/ovacion-de-la-Bombonera-y-festejo-a-lo-Riquelme.jpg\" \/><\/p>\n<div>\n<p>Fue el primer refuerzo de <strong>Boca<\/strong>. A tal punto que el pase qued\u00f3 resuelto antes de la finalizaci\u00f3n de la Liga Profesional. Lo hab\u00edan querido incorporar a mitad de a\u00f1o, pero no hubo acuerdo con la cotizaci\u00f3n. Esta vez <strong>Juan Rom\u00e1n Riquelme<\/strong> no dud\u00f3 y desembols\u00f3 los 5 millones de d\u00f3lares que ped\u00eda Colo Colo. Entonces <strong>Carlos Palacios<\/strong> se corporiz\u00f3 en una realidad vestido de azul y oro. Y tuvo una noche que dif\u00edcilmente olvidar\u00e1. Por el gol, el triunfo y la ovaci\u00f3n. Y porque podr\u00eda ganarse un nuevo apodo.<\/p>\n<\/div>\n<div>\n<p>Palacios celebr\u00f3 como el Topo Gigio, un festejo que Riquelme patent\u00f3 en los tiempos en los que discut\u00eda su contrato con Mauricio Macri. Aunque el gesto del chileno estuvo lejos de ser desafiante; por el contrario, fue un tributo para el ahora presidente xeneize. Lo explic\u00f3 el propio jugador tras el partido que Boca gan\u00f3 con su gol.<\/p>\n<\/div>\n<div>\n<p>\u201cEstoy muy feliz. Es un sue\u00f1o cumplido. \u00bfEl festejo? Para Riquelme, al que ve\u00eda cuando hac\u00eda los goles en la Bombonera. Me felicit\u00f3, me dijo que tal vez le hab\u00eda pegado de suerte, je\u201d, cont\u00f3 Palacios, de 24 a\u00f1os, que toc\u00f3 60 veces la pelota, con un 80% de precisi\u00f3n en los pases, tres de ellos clave.<\/p>\n<\/div>\n<div>\n<p>\u201cLa semana pasada tuve una parecida y tir\u00e9 el centro atr\u00e1s. Me dijeron que le pegue al arco. Cuando el arquero sali\u00f3 a achicar, defin\u00ed al segundo palo. Feliz por haber hecho el gol y en este estadio\u201d, agreg\u00f3.<\/p>\n<\/div>\n<div>\n<p>Y se refiri\u00f3 a la noche de su primer grito en la Bombonera. \u201cLa ovaci\u00f3n de la gente me pone feliz. Es uno delos sue\u00f1os que uno tiene. A pesar de que soy chileno, creo que a cualquier jugador le encantar\u00eda jugar ac\u00e1 y convertir un gol\u201d, puntualiz\u00f3.<\/p>\n<\/div>\n<div>\n<p>Otra de las figuras que dej\u00f3 sus impresiones fue Agust\u00edn Marches\u00edn, que pudo debutar en la cancha que siempre so\u00f1\u00f3. \u201cPudimos darle una alegr\u00eda a la gente. Es una fiesta lo que hacen cada fin de semana. Es algo hermoso\u201d, sostuvo.<\/p>\n<\/div>\n<div>\n<p>Y a\u00f1adi\u00f3: \u201cEs algo hermoso ser arquero de Boca: lo tomo con mucha seriedad y responsabilidad. Uno tiene que ser jugador de este club las 24 horas. Lo voy a disfrutar y dar\u00e9 lo mejor para toda la gente. He so\u00f1ado con esta oportunidad desde chico. Es la posibilidad m\u00e1s grande de mi carrera\u201d.<\/p>\n<\/div>\n<div>\n<p>A prop\u00f3sito de Marches\u00edn se manifest\u00f3 Fernando Gago. \u201cTiene mucha personalidad, tiene una trayectoria muy importante y necesitaba jugar. Ven\u00eda de mucha ansiedad en la semana y hoy cre\u00eda que era el partido. Es un arquero que nos va a dar mucho\u201d, apunt\u00f3 el entrenador.<\/p>\n<\/div>\n<div>\n<p>Gago tambi\u00e9n analiz\u00f3 la cantidad de cambios que hizo de un partido a otro. \u201cCreo que si nadie se siente titular, eso repercute positivamente. Todos tienen la ilusi\u00f3n de jugar. Despu\u00e9s la decisi\u00f3n es m\u00eda y creo much\u00edsimo en la competencia interna\u201d, reflexion\u00f3.w<\/p>\n<\/div>\n<p><br \/>\n<br \/><a href=\"https:\/\/www.clarin.com\/deportes\/carlos-palacios-chileno-chocho-vida-hizo-feliz-boca-ovacion-bombonera-festejo-riquelme_0_jwz6BaDxry.html\">Fuente Clarin.com <\/a><\/p>\n","protected":false},"excerpt":{"rendered":"<p>Fue el primer refuerzo de Boca. A tal punto que el pase qued\u00f3 resuelto antes de la finalizaci\u00f3n de la Liga Profesional. Lo hab\u00edan querido incorporar a mitad de a\u00f1o, pero no hubo acuerdo con la cotizaci\u00f3n. Esta vez Juan Rom\u00e1n Riquelme no dud\u00f3 y desembols\u00f3 los 5 millones de d\u00f3lares que ped\u00eda Colo Colo. [&hellip;]<\/p>\n","protected":false},"author":1,"featured_media":1478,"comment_status":"open","ping_status":"open","sticky":false,"template":"","format":"standard","meta":{"footnotes":""},"categories":[2],"tags":[3132,478,3131,6],"class_list":["post-1477","post","type-post","status-publish","format-standard","has-post-thumbnail","hentry","category-ultimas-noticias","tag-bombonera","tag-festejo","tag-ovacion","tag-riquelme"],"_links":{"self":[{"href":"https:\/\/13.com.ar\/index.php\/wp-json\/wp\/v2\/posts\/1477","targetHints":{"allow":["GET"]}}],"collection":[{"href":"https:\/\/13.com.ar\/index.php\/wp-json\/wp\/v2\/posts"}],"about":[{"href":"https:\/\/13.com.ar\/index.php\/wp-json\/wp\/v2\/types\/post"}],"author":[{"embeddable":true,"href":"https:\/\/13.com.ar\/index.php\/wp-json\/wp\/v2\/users\/1"}],"replies":[{"embeddable":true,"href":"https:\/\/13.com.ar\/index.php\/wp-json\/wp\/v2\/comments?post=1477"}],"version-history":[{"count":0,"href":"https:\/\/13.com.ar\/index.php\/wp-json\/wp\/v2\/posts\/1477\/revisions"}],"wp:featuredmedia":[{"embeddable":true,"href":"https:\/\/13.com.ar\/index.php\/wp-json\/wp\/v2\/media\/1478"}],"wp:attachment":[{"href":"https:\/\/13.com.ar\/index.php\/wp-json\/wp\/v2\/media?parent=1477"}],"wp:term":[{"taxonomy":"category","embeddable":true,"href":"https:\/\/13.com.ar\/index.php\/wp-json\/wp\/v2\/categories?post=1477"},{"taxonomy":"post_tag","embeddable":true,"href":"https:\/\/13.com.ar\/index.php\/wp-json\/wp\/v2\/tags?post=1477"}],"curies":[{"name":"wp","href":"https:\/\/api.w.org\/{rel}","templated":true}]}}