{"id":1475,"date":"2025-02-03T00:21:02","date_gmt":"2025-02-03T03:21:02","guid":{"rendered":"https:\/\/13.com.ar\/index.php\/felices-100-anos-querido-hospital-de-allen\/"},"modified":"2025-02-03T00:21:02","modified_gmt":"2025-02-03T03:21:02","slug":"felices-100-anos-querido-hospital-de-allen","status":"publish","type":"post","link":"https:\/\/13.com.ar\/index.php\/felices-100-anos-querido-hospital-de-allen\/","title":{"rendered":"\u201c\u00a1Felices 100 a\u00f1os, querido hospital de Allen!\u201d"},"content":{"rendered":"<p> <br \/>\n<br \/><img decoding=\"async\" src=\"https:\/\/13.com.ar\/wp-content\/uploads\/2025\/02\/\u00a1Felices-100-anos-querido-hospital-de-Allen.jpg\" \/><\/p>\n<div id=\"cuerpo\">\n<div class=\"sc-80531b6b-0 chRIGJ container-text text-embed\">\n<p>En los albores del siglo pasado, un grupo de sanitaristas planific\u00f3 la construcci\u00f3n de tres hospitales gemelos. Uno en C\u00f3rdoba, otro en la norpatagonia y lamentablemente el tercero no lo recuerdo y he extraviado la documentaci\u00f3n pertinente. De acuerdo a lo que evaluaron y estudiaron, decidieron construirlo en la ciudad de Allen. Sin documentaci\u00f3n que lo acredite, al menos en la comunidad y hospital , los viejos pobladores y empleados del nosocomio estimaron, alrededor de 1915, el inicio de la obra, de igual manera su finalizaci\u00f3n alrededor 1922. Por razones desconocidas se inaugur\u00f3 en febrero de 1925.<\/p>\n<\/div>\n<div class=\"sc-80531b6b-0 chRIGJ container-text text-embed\">\n<p>Felices 100 a\u00f1os querido hospital, el primero de la Patagonia. El predio fue donado por un poblador de la ciudad.<\/p>\n<\/div>\n<div class=\"sc-80531b6b-0 chRIGJ container-text text-embed\">\n<p>En estos a\u00f1os se han utilizado parte de los terrenos para la construcci\u00f3n de planes de viviendas, Escuela Superior de Enfermer\u00eda , actualmente dependiente de la UNCo y la Facultad de Odontolog\u00eda de URN. Todo un lujo, dos sedes universitarias de dos universidades distintas.<\/p>\n<\/div>\n<div class=\"sc-80531b6b-0 chRIGJ container-text text-embed\">\n<p>\u00a1Qu\u00e9 orgullo que sus terrenos han sido utilizados con fines sociales diversos, de suma importancia en la comunidad! El hospital alberga edificios que representan ejemplos de toda la arquitectura sanitaria del siglo pasado.<\/p>\n<\/div>\n<div class=\"sc-80531b6b-0 chRIGJ container-text text-embed\">\n<p>Invito a toda la comunidad allense y del alto valle, a festejar tan importante y emotivo aniversario. Mi m\u00e1s sentido y caluroso homenaje a quienes se desempe\u00f1aron y se desempe\u00f1an actualmente en mi querido hospital.<\/p>\n<\/div>\n<div class=\"sc-80531b6b-0 chRIGJ container-text text-embed\">\n<p><strong>V\u00edctor Alberto D\u00e1lesson \/ <\/strong>PEDIATRA, SANITARISTA, EX DIRECTOR HOSPITAL DE ALLEN \/ victordalesson@gmail.com<\/p>\n<\/div>\n<p><h2>La marcha LGBT contra los dichos de Milei<\/h2>\n<\/p>\n<div class=\"sc-80531b6b-0 chRIGJ container-text text-embed\">\n<p>Me pregunto si Milei es consciente de la reacci\u00f3n que generan sus dichos agresivos, casi amenazantes, cuando se refiere a quienes no lo cuestionan, a quienes \u2013aun habi\u00e9ndolo votado tal vez- conservan una actitud cr\u00edtica, no obsecuente.<\/p>\n<\/div>\n<div class=\"sc-80531b6b-0 chRIGJ container-text text-embed\">\n<p>La marcha del s\u00e1bado fue indiscutiblemente multitudinaria, una clara muestra del desagrado e insatisfacci\u00f3n de muchos.  \u00bfNo lo obliga a Milei a reflexionar y hacer una autocr\u00edtica? \u00bfTan poca escucha tiene el Presidente de los argentinos? \u00bfTan soberbio es como para no cuestionarse en absoluto? Toda acci\u00f3n genera una reacci\u00f3n, y la reacci\u00f3n de las miles de personas que se manifestaron en la marcha del s\u00e1bado 1\u00b0 de febrero, habla por s\u00ed misma.<\/p>\n<\/div>\n<div class=\"sc-80531b6b-0 chRIGJ container-text text-embed\">\n<p><strong>Irene Bianchi \/ <\/strong>irenebeatrizbianchi@hotmail.com<\/p>\n<\/div>\n<p><h2>Un banco \u201cno me otorga la tarjeta de cr\u00e9dito\u201d<\/h2>\n<\/p>\n<div class=\"sc-80531b6b-0 chRIGJ container-text text-embed\">\n<p>El BNA ofrece pr\u00e9stamos, pero a mi en particular, no me otorga tarjeta de cr\u00e9dito por un interdicto de 1978, pese a que me otorgaron un pr\u00e9stamo y en otra sucursal (lejana de mi domicilio) tienen una Visa cr\u00e9dito en un caj\u00f3n que no utilic\u00e9 por cambiar a sucursal Flores de Av Rivadavia 7000.<\/p>\n<\/div>\n<div class=\"sc-80531b6b-0 chRIGJ container-text text-embed\">\n<p>Cuando quise saber c\u00f3mo seguir, nadie supo darme respuesta y la soluci\u00f3n ofrecida es ir a 3er. piso Casa Central, Recursos Humanos. Como si mi tiempo no tuviera valor alguno. Una verg\u00fcenza.<\/p>\n<\/div>\n<div class=\"sc-80531b6b-0 chRIGJ container-text text-embed\">\n<p><strong>Alberto J. Villarino \/ <\/strong>alberto_villi@yahoo.com.ar<\/p>\n<\/div>\n<p><h2>Controles policiales: \u201cPara las multas y la seguridad\u201d<\/h2>\n<\/p>\n<div class=\"sc-80531b6b-0 chRIGJ container-text text-embed\">\n<p>En mi experiencia conduciendo autos en otros pa\u00edses, est\u00e1 claro que no es reduciendo las velocidades m\u00e1ximas que se reducir\u00edan los siniestros viales. Es la presencia permanente de los controles policiales la que lo logra. Recurrir s\u00f3lo a la consciencia de los conductores es irrelevante. Si un m\u00f3vil policial persiguiera a quienes excedan la velocidad antes de que cometa un accidente fatal, ser\u00eda mucho m\u00e1s efectivo. Y las motos&#8230; Es impresionante la cantidad de infracciones que cometen. Pareciera que est\u00e1n buscando la muerte permanentemente.<\/p>\n<\/div>\n<div class=\"sc-80531b6b-0 chRIGJ container-text text-embed\">\n<p>Control es lo que se necesita. Nada m\u00e1s. Tanto en las calles como en las autopistas. En casi todo el mundo es as\u00ed&#8230; como era hace muchos a\u00f1os en nuestro pa\u00eds cuando la Polic\u00eda ten\u00eda injerencia en el tr\u00e1nsito. Presencia policial, igual que lo que se est\u00e1 pidiendo en lo que respecta a la seguridad p\u00fablica.<\/p>\n<\/div>\n<div class=\"sc-80531b6b-0 chRIGJ container-text text-embed\">\n<p><strong>Alberto A. Allegrini \/ <\/strong>allegrinialberto@gmail.com<\/p>\n<\/div>\n<\/div>\n<p><br \/>\n<br \/><a href=\"https:\/\/www.clarin.com\/cartas-al-pais\/felices-100-anos-querido-hospital-allen_0_0cfuRMBXqm.html\">Fuente Clarin.com <\/a><\/p>\n","protected":false},"excerpt":{"rendered":"<p>En los albores del siglo pasado, un grupo de sanitaristas planific\u00f3 la construcci\u00f3n de tres hospitales gemelos. Uno en C\u00f3rdoba, otro en la norpatagonia y lamentablemente el tercero no lo recuerdo y he extraviado la documentaci\u00f3n pertinente. De acuerdo a lo que evaluaron y estudiaron, decidieron construirlo en la ciudad de Allen. Sin documentaci\u00f3n que [&hellip;]<\/p>\n","protected":false},"author":1,"featured_media":1476,"comment_status":"open","ping_status":"open","sticky":false,"template":"","format":"standard","meta":{"footnotes":""},"categories":[2],"tags":[3130,636,3128,154,3129],"class_list":["post-1475","post","type-post","status-publish","format-standard","has-post-thumbnail","hentry","category-ultimas-noticias","tag-allen","tag-anos","tag-felices","tag-hospital","tag-querido"],"_links":{"self":[{"href":"https:\/\/13.com.ar\/index.php\/wp-json\/wp\/v2\/posts\/1475","targetHints":{"allow":["GET"]}}],"collection":[{"href":"https:\/\/13.com.ar\/index.php\/wp-json\/wp\/v2\/posts"}],"about":[{"href":"https:\/\/13.com.ar\/index.php\/wp-json\/wp\/v2\/types\/post"}],"author":[{"embeddable":true,"href":"https:\/\/13.com.ar\/index.php\/wp-json\/wp\/v2\/users\/1"}],"replies":[{"embeddable":true,"href":"https:\/\/13.com.ar\/index.php\/wp-json\/wp\/v2\/comments?post=1475"}],"version-history":[{"count":0,"href":"https:\/\/13.com.ar\/index.php\/wp-json\/wp\/v2\/posts\/1475\/revisions"}],"wp:featuredmedia":[{"embeddable":true,"href":"https:\/\/13.com.ar\/index.php\/wp-json\/wp\/v2\/media\/1476"}],"wp:attachment":[{"href":"https:\/\/13.com.ar\/index.php\/wp-json\/wp\/v2\/media?parent=1475"}],"wp:term":[{"taxonomy":"category","embeddable":true,"href":"https:\/\/13.com.ar\/index.php\/wp-json\/wp\/v2\/categories?post=1475"},{"taxonomy":"post_tag","embeddable":true,"href":"https:\/\/13.com.ar\/index.php\/wp-json\/wp\/v2\/tags?post=1475"}],"curies":[{"name":"wp","href":"https:\/\/api.w.org\/{rel}","templated":true}]}}