{"id":1467,"date":"2025-02-02T23:12:30","date_gmt":"2025-02-03T02:12:30","guid":{"rendered":"https:\/\/13.com.ar\/index.php\/puerta-12-la-tragedia-del-monumental-verdades-y-mentiras-detras-del-mayor-desastre-en-la-historia-del-futbol-argentino\/"},"modified":"2025-02-02T23:12:30","modified_gmt":"2025-02-03T02:12:30","slug":"puerta-12-la-tragedia-del-monumental-verdades-y-mentiras-detras-del-mayor-desastre-en-la-historia-del-futbol-argentino","status":"publish","type":"post","link":"https:\/\/13.com.ar\/index.php\/puerta-12-la-tragedia-del-monumental-verdades-y-mentiras-detras-del-mayor-desastre-en-la-historia-del-futbol-argentino\/","title":{"rendered":"Puerta 12, la tragedia del Monumental verdades y mentiras detr\u00e1s del mayor desastre en la historia del f\u00fatbol argentino"},"content":{"rendered":"<p> <br \/>\n<\/p>\n<div id=\"cuerpo\">\n<div class=\"sc-80531b6b-0 chRIGJ container-text text-embed\">\n<p>Era otro domingo t\u00edpico del f\u00fatbol argentino. En el <strong>estadio Monumental<\/strong>, el supercl\u00e1sico, entre <strong>River y Boca<\/strong>, hab\u00eda terminado sin goles. Poco despu\u00e9s del minuto 90, en una tarde fr\u00eda, los simpatizantes de Boca comenzaron a salir por la <strong>Puerta 12<\/strong>. Entonces, ocurri\u00f3 la tragedia.<\/p>\n<\/div>\n<div class=\"sc-80531b6b-0 chRIGJ container-text text-embed\">\n<p>En solo 10 minutos, <strong>el 23 de junio de 1968<\/strong>, <strong>una estampida provoc\u00f3 la muerte de 71 personas<\/strong>, seg\u00fan las cifras oficiales. Durante a\u00f1os <strong>se dijo que el port\u00f3n estaba cerrado<\/strong> y esto hizo que la gente quedara atrapada, siendo aplastada por quienes ven\u00edan detr\u00e1s.<\/p>\n<\/div>\n<div class=\"sc-80531b6b-0 chRIGJ container-text text-embed\">\n<p>Sin embargo, como el episodio nunca fue esclarecido, existen otras versiones, que incluyen el <strong>accionar de la Polic\u00eda montada<\/strong> contra los hinchas y o el hecho de que la puerta estuviera semiabierta. Tambi\u00e9n se afirma que los muertos fueron 100, incluso 200.<\/p>\n<\/div>\n<div class=\"sc-80531b6b-0 chRIGJ container-text text-embed\">\n<p>A varias d\u00e9cadas del episodio, <strong>persisten las dudas y los interrogantes sobre la tragedia de la Puerta 12<\/strong>.<\/p>\n<\/div>\n<p><h2>Puerta 12, el mayor desastre en la historia del f\u00fatbol argentino<\/h2>\n<\/p>\n<div class=\"sc-198be8ec-0 cynXbu image-embed  image-embed \"><picture class=\"sc-198be8ec-1 kOjRiQ\"><source media=\"(min-width: 975px)\" width=\"720\" height=\"480\" \/><img alt=\"24 de junio de 1968, el d\u00eda despu\u00e9s de la tragedia de Puerta 12. Foto: Clar\u00edn.\" loading=\"lazy\" width=\"720\" height=\"480\" decoding=\"async\" data-nimg=\"1\" style=\"color:transparent\" src=\"https:\/\/13.com.ar\/wp-content\/uploads\/2025\/02\/Puerta-12-la-tragedia-del-Monumental-verdades-y-mentiras-detras.jpg\"\/><span class=\"epigraphe\">24 de junio de 1968, el d\u00eda despu\u00e9s de la tragedia de Puerta 12. Foto: Clar\u00edn.<\/span><span class=\"bkg\"\/><span class=\"picture-open\"><button class=\"open-image\" aria-label=\"Open Image\"\/><\/span><\/picture><\/div>\n<div class=\"sc-80531b6b-0 chRIGJ container-text text-embed\">\n<p>Seg\u00fan distintos testimonios, como Boca estaba atacando en los \u00faltimos minutos, sus hinchas esperaron hasta el pitazo final para irse. \u201cApenas termin\u00f3 el partido, todo el mundo dijo \u201cVamos\u201d. Nosotros nos hab\u00edamos ubicado cerca de una de las troneras de la tribuna Centenario, as\u00ed que salimos relativamente pronto&#8221;, <strong>record\u00f3 Alberto Villegas<\/strong> a la revista<em> El Gr\u00e1fico<\/em>.<\/p>\n<\/div>\n<div class=\"sc-80531b6b-0 chRIGJ container-text text-embed\">\n<p>Los hinchas sal\u00edan por la Puerta 12 (ahora M), donde bajaban por una serie de escaleras y descansos hasta llegar a la salida. \u201cHasta el \u00faltimo descanso ven\u00edamos apretados, t\u00edpica salida de la cancha. No hab\u00eda luz, solo una bombita en el \u00faltimo tramo. <strong>Yo ten\u00eda una sensaci\u00f3n mala, quer\u00eda irme r\u00e1pido de ah\u00ed adentro, hab\u00eda una adrenalina extra\u00f1a<\/strong>&#8220;, destaca Villegas.<\/p>\n<\/div>\n<div class=\"sc-4306f4f9-0 bAPCpp\">\n<div class=\"inner-card-m\">\n<div class=\"related-content\">\n<p><span class=\"body-title\">Mir\u00e1 tambi\u00e9n<\/span><\/p>\n<h3>El s\u00e1tiro de San Isidro: la historia detr\u00e1s del criminal que aterroriz\u00f3 a Argentina en solo seis meses<\/h3>\n<source media=\"(min-width: 975px)\" width=\"340\" height=\"340\" \/><img alt=\"El s\u00e1tiro de San Isidro: la historia detr\u00e1s del criminal que aterroriz\u00f3 a Argentina en solo seis meses\" loading=\"lazy\" width=\"340\" height=\"340\" decoding=\"async\" data-nimg=\"1\" style=\"color:transparent\" src=\"https:\/\/13.com.ar\/wp-content\/uploads\/2025\/02\/1738548750_325_Puerta-12-la-tragedia-del-Monumental-verdades-y-mentiras-detras.jpg\"\/><\/div>\n<\/div>\n<\/div>\n<div class=\"sc-80531b6b-0 chRIGJ container-text text-embed\">\n<p>Otro sobreviviente, <strong>Miguel Durrieu, que entonces ten\u00eda 14 a\u00f1os<\/strong>, le dijo a <em>Clar\u00edn<\/em>: \u201cEn un principio era una avalancha normal, pero despu\u00e9s se acrecent\u00f3. Iba por el aire, sin tocar el piso. La avalancha se detuvo. Cada vez estaba m\u00e1s apretado. Hab\u00eda gritos de p\u00e1nico, de mucho miedo. <strong>Est\u00e1bamos uno arriba de otro bajo una terrible presi\u00f3n que no dejaba respirar<\/strong>. Me ca\u00ed y despu\u00e9s me desmay\u00e9; me salv\u00e9 de milagro\u201d.<\/p>\n<\/div>\n<div class=\"sc-80531b6b-0 chRIGJ container-text text-embed\">\n<p>El <strong>exinspector municipal, Juan Carlos Tabanera<\/strong>, tambi\u00e9n entrevistado por <em>Clar\u00edn<\/em>, dijo: \u201cHubo agentes que actuaron sobre la gente que se desconcentraba por la escalera de la Puerta 12, mientras era <strong>obstruida por la Polic\u00eda montada<\/strong>. All\u00ed se produjo el desbande y la tragedia. <strong>La puerta estaba abierta y los molinetes, retirados<\/strong>. Yo estaba ah\u00ed y doy fe de ello\u201d.<\/p>\n<\/div>\n<div class=\"sc-198be8ec-0 cynXbu image-embed  image-embed \"><picture class=\"sc-198be8ec-1 kOjRiQ\"><source media=\"(min-width: 975px)\" width=\"720\" height=\"480\" \/><img alt=\"Una pila de zapatos, postal de la desesperaci\u00f3n. Foto: Clar\u00edn.\" loading=\"lazy\" width=\"720\" height=\"480\" decoding=\"async\" data-nimg=\"1\" style=\"color:transparent\" src=\"https:\/\/13.com.ar\/wp-content\/uploads\/2025\/02\/1738548750_922_Puerta-12-la-tragedia-del-Monumental-verdades-y-mentiras-detras.jpg\"\/><span class=\"epigraphe\">Una pila de zapatos, postal de la desesperaci\u00f3n. Foto: Clar\u00edn.<\/span><span class=\"bkg\"\/><span class=\"picture-open\"><button class=\"open-image\" aria-label=\"Open Image\"\/><\/span><\/picture><\/div>\n<div class=\"sc-80531b6b-0 chRIGJ container-text text-embed\">\n<p>En tanto, <strong>el periodista Pablo Lisotto<\/strong> afirma en su libro <em>Una tarde de junio <\/em>(Al Arco, 2023) que <strong>la Puerta 12 no estaba cerrada<\/strong> y detalla que \u201cdel total de apertura (4 metros), solo estaban abiertos 3,08 metros. Los otros 92 cent\u00edmetros estaban bloqueados por la propia puerta plegada\u201d. Por otro lado, afirma que<strong> <\/strong>hubo<strong> m\u00e1s de 100 muertos<\/strong>.<\/p>\n<\/div>\n<div class=\"sc-80531b6b-0 chRIGJ container-text text-embed\">\n<p>Por el hecho, <strong>fueron detenidos<\/strong> por poco tiempo el intendente de River, Am\u00e9rico Di Vietro, el capataz y los encargados de retirar los molinetes y abrir las puertas. Como las pericias judiciales y la declaraci\u00f3n de testigos dejaron en evidencia que<strong> las puertas estaban abiertas y los molinetes hab\u00edan sido retirados, quedaron libres<\/strong>.<\/p>\n<\/div>\n<div class=\"sc-80531b6b-0 chRIGJ container-text text-embed\">\n<p>Lisotto asegura en su libro que eran \u201cunos perejiles puestos a dedo. Nadie acus\u00f3 a la Polic\u00eda. De hecho, en los diarios de los d\u00edas posteriores se lee un texto donde se destaca el impecable operativo policial. <strong>Los de River creyeron que la culpa era de Boca por salir muy r\u00e1pido y a las corridas, y los de Boca creyeron que fue culpa de River por no abrir las puertas<\/strong>\u201d.<\/p>\n<\/div>\n<\/div>\n<p><br \/>\n<br \/><a href=\"https:\/\/www.clarin.com\/informacion-general\/puerta-12-tragedia-monumental-verdades-mentiras-detras-mayor-desastre-historia-futbol-argentino_0_9qBYx8TjBl.html\">Fuente Clarin.com <\/a><\/p>\n","protected":false},"excerpt":{"rendered":"<p>Era otro domingo t\u00edpico del f\u00fatbol argentino. En el estadio Monumental, el supercl\u00e1sico, entre River y Boca, hab\u00eda terminado sin goles. Poco despu\u00e9s del minuto 90, en una tarde fr\u00eda, los simpatizantes de Boca comenzaron a salir por la Puerta 12. Entonces, ocurri\u00f3 la tragedia. En solo 10 minutos, el 23 de junio de 1968, [&hellip;]<\/p>\n","protected":false},"author":1,"featured_media":1468,"comment_status":"open","ping_status":"open","sticky":false,"template":"","format":"standard","meta":{"footnotes":""},"categories":[2],"tags":[508,100,3120,269,2964,1329,817,3119,1900,857,1573,3118],"class_list":["post-1467","post","type-post","status-publish","format-standard","has-post-thumbnail","hentry","category-ultimas-noticias","tag-argentino","tag-del","tag-desastre","tag-detras","tag-futbol","tag-historia","tag-mayor","tag-mentiras","tag-monumental","tag-puerta","tag-tragedia","tag-verdades"],"_links":{"self":[{"href":"https:\/\/13.com.ar\/index.php\/wp-json\/wp\/v2\/posts\/1467","targetHints":{"allow":["GET"]}}],"collection":[{"href":"https:\/\/13.com.ar\/index.php\/wp-json\/wp\/v2\/posts"}],"about":[{"href":"https:\/\/13.com.ar\/index.php\/wp-json\/wp\/v2\/types\/post"}],"author":[{"embeddable":true,"href":"https:\/\/13.com.ar\/index.php\/wp-json\/wp\/v2\/users\/1"}],"replies":[{"embeddable":true,"href":"https:\/\/13.com.ar\/index.php\/wp-json\/wp\/v2\/comments?post=1467"}],"version-history":[{"count":0,"href":"https:\/\/13.com.ar\/index.php\/wp-json\/wp\/v2\/posts\/1467\/revisions"}],"wp:featuredmedia":[{"embeddable":true,"href":"https:\/\/13.com.ar\/index.php\/wp-json\/wp\/v2\/media\/1468"}],"wp:attachment":[{"href":"https:\/\/13.com.ar\/index.php\/wp-json\/wp\/v2\/media?parent=1467"}],"wp:term":[{"taxonomy":"category","embeddable":true,"href":"https:\/\/13.com.ar\/index.php\/wp-json\/wp\/v2\/categories?post=1467"},{"taxonomy":"post_tag","embeddable":true,"href":"https:\/\/13.com.ar\/index.php\/wp-json\/wp\/v2\/tags?post=1467"}],"curies":[{"name":"wp","href":"https:\/\/api.w.org\/{rel}","templated":true}]}}