{"id":1463,"date":"2025-02-02T23:03:27","date_gmt":"2025-02-03T02:03:27","guid":{"rendered":"https:\/\/13.com.ar\/index.php\/el-fuego-no-cede-en-el-parque-lanin-y-ya-hay-mas-de-2500-hectareas-quemadas\/"},"modified":"2025-02-02T23:03:27","modified_gmt":"2025-02-03T02:03:27","slug":"el-fuego-no-cede-en-el-parque-lanin-y-ya-hay-mas-de-2500-hectareas-quemadas","status":"publish","type":"post","link":"https:\/\/13.com.ar\/index.php\/el-fuego-no-cede-en-el-parque-lanin-y-ya-hay-mas-de-2500-hectareas-quemadas\/","title":{"rendered":"el fuego no cede en el parque Lan\u00edn y ya hay m\u00e1s de 2500 hect\u00e1reas quemadas"},"content":{"rendered":"<p> <br \/>\n<br \/><img decoding=\"async\" src=\"https:\/\/13.com.ar\/wp-content\/uploads\/2025\/02\/el-fuego-no-cede-en-el-parque-Lanin-y-ya.jpg\" \/><\/p>\n<div>\n<p>Los <strong>incendios forestales no dan tregua en la Patagonia,<\/strong> y en el Parque Nacional Lan\u00edn, en el Valle Magdalena, la situaci\u00f3n es particularmente preocupante. Los bomberos no dan abasto para combatir las llamas, que ya arrasaron m\u00e1s de 2500 hect\u00e1reas. Para complicar a\u00fan m\u00e1s las cosas, se trata de un \u00e1rea de muy dif\u00edcil acceso.<\/p>\n<\/div>\n<div>\n<p>Por otro lado, la baja visibilidad y las fuertes r\u00e1fagas de viento no hacen m\u00e1s que complicar el trabajo de los brigadistas. El personal del Comando Unificado intent\u00f3 continuar con las tareas de contenci\u00f3n utilizando herramientas manuales y l\u00edneas de bombeo de agua, pero<strong> hacia la tarde debieron replegarse,<\/strong> dadas las condiciones adversas que enfrentaban.<\/p>\n<\/div>\n<div>\n<p>Esta no fue la \u00fanica complicaci\u00f3n que trajo el viento: desde Parques Nacionales se inform\u00f3 que <strong>el ingreso del frente fr\u00edo increment\u00f3 la actividad del fuego<\/strong>, &#8220;especialmente en la mitad del incendio hacia la cola&#8221;. Adem\u00e1s, las fuertes r\u00e1fagas impidieron la ejecuci\u00f3n de los vuelos programados para la lucha contra el incendio.<\/p>\n<\/div>\n<div>\n<p>Desde sus redes sociales, el Gobierno de Rio Negro inform\u00f3 que en los incendios de El Bols\u00f3n se dispuso de un cami\u00f3n hidrojet para suministrar agua a presi\u00f3n directamente en el frente de fuego, tarea que se desarrollar\u00e1 hasta la madrugada.<\/p>\n<\/div>\n<div>\n<p>Por otro lado, trabajan con m\u00e1quinas de Vialidad Provincial para crear l\u00edneas de defensa e intentar frenar el avance del fuego en las zonas m\u00e1s cr\u00edticas.<\/p>\n<\/div>\n<div>\n<p>Adem\u00e1s, informaron que, producto de los incendios que azotan la zona,<strong> ya hubo m\u00e1s de 850 evacuados.<\/strong><\/p>\n<\/div>\n<div>\n<p>El operativo para combatir el fuego cuenta con la participaci\u00f3n de fuerzas tales como el Ej\u00e9rcito Nacional, Bomberos Voluntarios de Jun\u00edn de los Andes, Gendarmer\u00eda Nacional, y la Polic\u00eda Neuqu\u00e9n, entre muchos otros. <\/p>\n<\/div>\n<div>\n<p>De todos modos, desde Parques Nacionales se inform\u00f3 que <strong>no se est\u00e1n solicitando donaciones ni la participaci\u00f3n de voluntarios<\/strong> para colaborar con las tareas de extinci\u00f3n, y se solicit\u00f3 a la comunidad que respete las indicaciones del Comit\u00e9 de Emergencia. <\/p>\n<\/div>\n<p><br \/>\n<br \/><a href=\"https:\/\/www.clarin.com\/sociedad\/incendios-patagonia-fuego-cede-parque-lanin-2500-hectareas-quemadas_0_LhCgVMrH9w.html\">Fuente Clarin.com <\/a><\/p>\n","protected":false},"excerpt":{"rendered":"<p>Los incendios forestales no dan tregua en la Patagonia, y en el Parque Nacional Lan\u00edn, en el Valle Magdalena, la situaci\u00f3n es particularmente preocupante. Los bomberos no dan abasto para combatir las llamas, que ya arrasaron m\u00e1s de 2500 hect\u00e1reas. Para complicar a\u00fan m\u00e1s las cosas, se trata de un \u00e1rea de muy dif\u00edcil acceso. [&hellip;]<\/p>\n","protected":false},"author":1,"featured_media":1464,"comment_status":"open","ping_status":"open","sticky":false,"template":"","format":"standard","meta":{"footnotes":""},"categories":[2],"tags":[304,853,942,3115,3114,155,787,3116],"class_list":["post-1463","post","type-post","status-publish","format-standard","has-post-thumbnail","hentry","category-ultimas-noticias","tag-cede","tag-fuego","tag-hay","tag-hectareas","tag-lanin","tag-mas","tag-parque","tag-quemadas"],"_links":{"self":[{"href":"https:\/\/13.com.ar\/index.php\/wp-json\/wp\/v2\/posts\/1463","targetHints":{"allow":["GET"]}}],"collection":[{"href":"https:\/\/13.com.ar\/index.php\/wp-json\/wp\/v2\/posts"}],"about":[{"href":"https:\/\/13.com.ar\/index.php\/wp-json\/wp\/v2\/types\/post"}],"author":[{"embeddable":true,"href":"https:\/\/13.com.ar\/index.php\/wp-json\/wp\/v2\/users\/1"}],"replies":[{"embeddable":true,"href":"https:\/\/13.com.ar\/index.php\/wp-json\/wp\/v2\/comments?post=1463"}],"version-history":[{"count":0,"href":"https:\/\/13.com.ar\/index.php\/wp-json\/wp\/v2\/posts\/1463\/revisions"}],"wp:featuredmedia":[{"embeddable":true,"href":"https:\/\/13.com.ar\/index.php\/wp-json\/wp\/v2\/media\/1464"}],"wp:attachment":[{"href":"https:\/\/13.com.ar\/index.php\/wp-json\/wp\/v2\/media?parent=1463"}],"wp:term":[{"taxonomy":"category","embeddable":true,"href":"https:\/\/13.com.ar\/index.php\/wp-json\/wp\/v2\/categories?post=1463"},{"taxonomy":"post_tag","embeddable":true,"href":"https:\/\/13.com.ar\/index.php\/wp-json\/wp\/v2\/tags?post=1463"}],"curies":[{"name":"wp","href":"https:\/\/api.w.org\/{rel}","templated":true}]}}