{"id":14627,"date":"2025-03-24T12:47:03","date_gmt":"2025-03-24T15:47:03","guid":{"rendered":"https:\/\/13.com.ar\/index.php\/lo-quiso-calmar-con-una-toma-en-el-cuello-y-lo-asfixio\/"},"modified":"2025-03-24T12:47:03","modified_gmt":"2025-03-24T15:47:03","slug":"lo-quiso-calmar-con-una-toma-en-el-cuello-y-lo-asfixio","status":"publish","type":"post","link":"https:\/\/13.com.ar\/index.php\/lo-quiso-calmar-con-una-toma-en-el-cuello-y-lo-asfixio\/","title":{"rendered":"Lo quiso calmar con una toma en el cuello y lo asfixi\u00f3"},"content":{"rendered":"<p> <br \/>\n<\/p>\n<div id=\"cuerpo\">\n<div class=\"sc-80531b6b-0 chRIGJ container-text text-embed\" id=\"element-body-0\">\n<p>Un confuso episodio tuvo lugar en una <strong>estaci\u00f3n de servicio<\/strong> de la ciudad de<strong> C\u00f3rdoba<\/strong> durante esta madrugada de lunes:<strong> un hombre muri\u00f3<\/strong> en el lugar y <strong>la Polic\u00eda<\/strong> qued\u00f3 apuntada como los responsable de un <strong>presunto homicidio<\/strong>. La familia de la v\u00edctima fue la que denunci\u00f3 el <strong>&#8220;accionar desmedido&#8221; <\/strong>por parte de los agentes que estaban all\u00ed, y un testigo complica a uno de los oficiales:<strong> declar\u00f3 que vio estrangularlo<\/strong>.<\/p>\n<\/div>\n<div class=\"sc-80531b6b-0 chRIGJ container-text text-embed\" id=\"element-body-1\">\n<p>Alrededor de las 4 de la madrugada,<em> <\/em><strong>Guillermo arrib\u00f3 a la estaci\u00f3n de servicio ubicada sobre calle Octavio Pinto<\/strong>, esquina Mariano Castex en el barrio Villa P\u00e1ez de C\u00f3rdoba capital, tras salir de trabajar en una panader\u00eda. Su intenci\u00f3n era cargar gas en su Ford Ecosport para volver a su casa. Le pidi\u00f3 al \u00fanico playero presente que le cargara 10 mil pesos.<\/p>\n<\/div>\n<div class=\"sc-80531b6b-0 chRIGJ container-text text-embed\" id=\"element-body-2\">\n<p>Hasta ah\u00ed es lo que se sabe fehacientemente, porque lo que sigue tiene <strong>versiones contrapuestas y est\u00e1 bajo investigaci\u00f3n<\/strong>. Seg\u00fan la versi\u00f3n de Agustina, la mujer de la v\u00edctima, <strong>discuti\u00f3 con el empleado porque no ten\u00eda plata para pagar<\/strong>. &#8220;Se la olvid\u00f3&#8221;, seg\u00fan lo que expres\u00f3 la mujer.<\/p>\n<\/div>\n<div class=\"sc-80531b6b-0 chRIGJ container-text text-embed\" id=\"element-body-3\">\n<p>Ese &#8220;olvido&#8221;, se\u00f1alado por la mujer deriv\u00f3 en una<strong> fuerte discusi\u00f3n<\/strong> entre Guillermo y el playero. El due\u00f1o de la Ecosport no ten\u00eda para pagar la carga de gas, y el playero no quer\u00eda que se fuera sin pagar. Y discut\u00edan por la retenci\u00f3n de la Ford. Un m\u00f3vil policial que estaba en la zona <strong>intervino para mediar<\/strong>.<\/p>\n<\/div>\n<div class=\"sc-80531b6b-0 chRIGJ container-text text-embed\" id=\"element-body-4\">\n<p>Seg\u00fan lo relatado por Agustina, la polic\u00eda la llam\u00f3 para que &#8220;pague la carga de combustible&#8221;. Su casa estaba a pocas cuadras. Pero cuando la mujer lleg\u00f3 al lugar con los 10 mil pesos, <strong>se encontr\u00f3 con un escenario inesperado<\/strong>.<\/p>\n<\/div>\n<div class=\"sc-c2c2a3c6-0 ecgiEX border-video video-embed horizontal border-video video-embed horizontal\" id=\"element-body-5\">\n<div class=\"sc-c2c2a3c6-1 kQhBlc videoText videoText\">\n<h2>Video<\/h2>\n<p>C\u00f3rdoba: un hombre muri\u00f3 en una estaci\u00f3n de servicio e investigan el accionar policial<\/p>\n<\/div>\n<\/div>\n<div class=\"sc-80531b6b-0 chRIGJ container-text text-embed\" id=\"element-body-6\">\n<p>Seg\u00fan cont\u00f3, <strong>vio a varios agentes forcejeando con su marido<\/strong>: intentaban subirlo al patrullero para llev\u00e1rselo detenido. &#8220;Se puso muy nervioso e intentamos calmarlo en vano&#8221;, explic\u00f3 uno de los polic\u00edas del operativo.<\/p>\n<\/div>\n<div class=\"sc-80531b6b-0 chRIGJ container-text text-embed\" id=\"element-body-7\">\n<p>La mujer certific\u00f3 que su marido estaba nervioso por su olvido del dinero, pero apunt\u00f3 directamente por el violento accionar policial: &#8220;Cuando llego a la estaci\u00f3n para pagar, los agentes me retienen a distancia diciendo que ya era tarde y que se lo iban a llevar detenido. Y que no me meta porque me iban llevar detenida a mi tambi\u00e9n&#8221;, cont\u00f3 Agustina.<\/p>\n<\/div>\n<div class=\"sc-80531b6b-0 chRIGJ container-text text-embed\" id=\"element-body-8\">\n<p>En charla con Mitre C\u00f3rdoba, la mujer de la v\u00edctima detall\u00f3 que fueron entre cuatro y cinco agentes quienes lo subieron dentro del patrullero, pero que su esposo estaba en una crisis nerviosa. &#8220;Les gritaba que se sent\u00eda mal y lo subieron de prepo en medio de los gritos. <strong>Se estaba descompensando<\/strong>. Fue un momento horrible. A m\u00ed no me dejaban pasar y yo les gritaba que lo dejen que lo iban a matar&#8221;, relat\u00f3 con angustia.<\/p>\n<\/div>\n<div class=\"sc-98b114a2-0 bkqiHH image-embed  image-embed \" id=\"element-body-9\"><picture class=\"sc-98b114a2-1 jRUlDm\"><source media=\"(min-width: 975px)\" width=\"720\" height=\"480\" \/><img alt=\"Agustina, la mujer de la v\u00edctima, culp\u00f3 a la polic\u00eda de C\u00f3rdoba. Foto: Captura El Doce TV\" loading=\"lazy\" width=\"720\" height=\"480\" decoding=\"async\" data-nimg=\"1\" style=\"color:transparent\" src=\"https:\/\/13.com.ar\/wp-content\/uploads\/2025\/03\/Lo-quiso-calmar-con-una-toma-en-el-cuello-y.jpg\"\/><span class=\"epigraphe\">Agustina, la mujer de la v\u00edctima, culp\u00f3 a la polic\u00eda de C\u00f3rdoba. Foto: Captura El Doce TV<\/span><span class=\"picture-open\"><button class=\"open-image\" aria-label=\"Open Image\"\/><\/span><\/picture><\/div>\n<div class=\"sc-80531b6b-0 chRIGJ container-text text-embed\" id=\"element-body-10\">\n<p>&#8220;<strong>Nunca me hicieron caso. Lo terminaron matando<\/strong>&#8220;, sentenci\u00f3 la mujer. &#8220;Yo veo que lo suben el m\u00f3vil y que luego <strong>lo bajan totalmente desplomado<\/strong>. Lo mataron por asfixia. Trataron de hacerle rehabilitaci\u00f3n en el piso, pero ya era tarde&#8221;, se lament\u00f3 la mujer.<\/p>\n<\/div>\n<div class=\"sc-80531b6b-0 chRIGJ container-text text-embed\" id=\"element-body-11\">\n<p>&#8220;A las 4.07 me informan que mi marido muri\u00f3 -cuenta Agustina en medio del llanto-.<strong> Me lo mat\u00f3 la Polic\u00eda<\/strong>. Mi marido ven\u00eda de trabajar&#8230; \u00bfC\u00f3mo lo van a mater preso porque no ten\u00eda los 10 mil pesos para pagar?&#8221;, continu\u00f3 la mujer.<\/p>\n<\/div>\n<div class=\"sc-98b114a2-0 bkqiHH image-embed  image-embed \" id=\"element-body-12\"><picture class=\"sc-98b114a2-1 jRUlDm\"><source media=\"(min-width: 975px)\" width=\"720\" height=\"480\" \/><img alt=\"La Ford Ecosport que manejaba el hombre que muri\u00f3 en una estaci\u00f3n de servicio, esta madrugada. Foto: Pedro Castillo \/ La Voz\" loading=\"lazy\" width=\"720\" height=\"480\" decoding=\"async\" data-nimg=\"1\" style=\"color:transparent\" src=\"https:\/\/13.com.ar\/wp-content\/uploads\/2025\/03\/1742831223_150_Lo-quiso-calmar-con-una-toma-en-el-cuello-y.jpg\"\/><span class=\"epigraphe\">La Ford Ecosport que manejaba el hombre que muri\u00f3 en una estaci\u00f3n de servicio, esta madrugada. Foto: Pedro Castillo \/ La Voz<\/span><span class=\"picture-open\"><button class=\"open-image\" aria-label=\"Open Image\"\/><\/span><\/picture><\/div>\n<div class=\"sc-80531b6b-0 chRIGJ container-text text-embed\" id=\"element-body-13\">\n<p>Y amenaz\u00f3: &#8220;Tengo videos que film\u00e9 pidi\u00e9ndoles que lo suelten, que lo estaban ahorcando. Pero todo lo que ped\u00ed nunca me hicieron caso. Me lo mataron&#8221;, repiti\u00f3.<\/p>\n<\/div>\n<p><h2>Un testigo complic\u00f3 a uno de los agentes: &#8220;Lo asfixi\u00f3 con una toma, le hizo una llave&#8221;<\/h2>\n<\/p>\n<div class=\"sc-80531b6b-0 chRIGJ container-text text-embed\" id=\"element-body-15\">\n<p>Uno de los testigos de la violenta escena en la estaci\u00f3n de servicio dio su testimonio a El DoceTV. &#8220;Lo mat\u00f3 la Polic\u00eda. <strong>Lo bajaron del auto del cuello y lo apretaron de m\u00e1s<\/strong>&#8220;, asegur\u00f3.<\/p>\n<\/div>\n<div class=\"sc-80531b6b-0 chRIGJ container-text text-embed\" id=\"element-body-16\">\n<p>El testigo, quien opt\u00f3 por no revelar su identidad por un tema de seguridad asegur\u00f3 que los polic\u00edas &#8220;estaban todos amontonados&#8221; para retener al hombre. &#8220;Pero cuando lo metieron al patrullero<strong> le hicieron una llave al cuello, y ah\u00ed el hombre cay\u00f3<\/strong>&#8220;, cont\u00f3 al canal cordob\u00e9s.<\/p>\n<\/div>\n<div class=\"sc-98b114a2-0 bkqiHH image-embed  image-embed \" id=\"element-body-17\"><picture class=\"sc-98b114a2-1 jRUlDm\"><source media=\"(min-width: 975px)\" width=\"720\" height=\"480\" \/><img alt=\"C\u00f3rdoba. Tras la muerte del hombre de 39 a\u00f1os, la Polic\u00eda qued\u00f3 bajo investigaci\u00f3n. Foto: Pedro Castillo \/ La Voz\" loading=\"lazy\" width=\"720\" height=\"480\" decoding=\"async\" data-nimg=\"1\" style=\"color:transparent\" src=\"https:\/\/13.com.ar\/wp-content\/uploads\/2025\/03\/1742831223_911_Lo-quiso-calmar-con-una-toma-en-el-cuello-y.jpg\"\/><span class=\"epigraphe\">C\u00f3rdoba. Tras la muerte del hombre de 39 a\u00f1os, la Polic\u00eda qued\u00f3 bajo investigaci\u00f3n. Foto: Pedro Castillo \/ La Voz<\/span><span class=\"picture-open\"><button class=\"open-image\" aria-label=\"Open Image\"\/><\/span><\/picture><\/div>\n<div class=\"sc-80531b6b-0 chRIGJ container-text text-embed\" id=\"element-body-18\">\n<p>&#8220;<strong>Le estaban pegando porque el hombre estaba como loco. Yo escuchaba todos los gritos<\/strong>. Pero el hombre no pidi\u00f3 ayuda, ni nada; les gritaba a los polic\u00edas que lo suelten. Forcejeaba con los polic\u00edas. No se dejaba agarrar. Y eso que hab\u00eda una banda de m\u00f3viles en el lugar. No lo pod\u00edan parar&#8221;, continu\u00f3 el testigo.<\/p>\n<\/div>\n<div class=\"sc-80531b6b-0 chRIGJ container-text text-embed\" id=\"element-body-19\">\n<p>Y sum\u00f3: &#8220;Entre varios lograron reducirlo y esposarlo. Pero como el hombre segu\u00eda nervioso, <strong>uno le hizo la toma en el cuello para calmarlo, pero lo asfixi\u00f3<\/strong>&#8220;, insisti\u00f3.<\/p>\n<\/div>\n<p><h2>La versi\u00f3n policial<\/h2>\n<\/p>\n<div class=\"sc-80531b6b-0 chRIGJ container-text text-embed\" id=\"element-body-21\">\n<p>Esta ma\u00f1ana, en conferencia de prensa, desde la Polic\u00eda indicaron que el hombre de 39 a\u00f1os <strong>muri\u00f3 de un paro cardio respiratorio<\/strong>, y que \u201cestaba en estado agresivo e intent\u00f3 agredir al personal policial\u201d. Adem\u00e1s, certificaron que el <strong>accionar de la Fuerza fue &#8220;correcto&#8221;<\/strong>.<\/p>\n<\/div>\n<div class=\"sc-80531b6b-0 chRIGJ container-text text-embed\" id=\"element-body-22\">\n<p>El comisario mayor Cristian Barrios, subdirector general de la fuerza inform\u00f3 que fue el playero el que llam\u00f3 al 911 porque un conductor no quer\u00eda pagarle el combustible. &#8220;Ante la presencia de los uniformados, el hombre se habr\u00eda resistido a abonar y se puso violento con el personal\u201d, dijo.<\/p>\n<\/div>\n<div class=\"sc-98b114a2-0 bkqiHH image-embed  image-embed \" id=\"element-body-23\"><picture class=\"sc-98b114a2-1 jRUlDm\"><source media=\"(min-width: 975px)\" width=\"720\" height=\"480\" \/><img alt=\"La Ecosport del hombre que result\u00f3 muerto esta madrugada fue retenida por la Polic\u00eda. Foto: Pedro Castillo \/ La Voz\" loading=\"lazy\" width=\"720\" height=\"480\" decoding=\"async\" data-nimg=\"1\" style=\"color:transparent\" src=\"https:\/\/13.com.ar\/wp-content\/uploads\/2025\/03\/1742831223_234_Lo-quiso-calmar-con-una-toma-en-el-cuello-y.jpg\"\/><span class=\"epigraphe\">La Ecosport del hombre que result\u00f3 muerto esta madrugada fue retenida por la Polic\u00eda. Foto: Pedro Castillo \/ La Voz<\/span><span class=\"picture-open\"><button class=\"open-image\" aria-label=\"Open Image\"\/><\/span><\/picture><\/div>\n<div class=\"sc-80531b6b-0 chRIGJ container-text text-embed\" id=\"element-body-24\">\n<p>\u201cLo redujeron, lo esposaron y lo subieron al m\u00f3vil. Quiso golpear al personal. Era un hombre de contextura muy grande, hubo que trabajar mucho para reducirlo e introducirlo en el m\u00f3vil, pero a\u00fan estando ah\u00ed y esposado, se zaf\u00f3 de uno de los anillos con la fuerza que estaba haciendo y termina golpeando el veh\u00edculo desde adentro\u201d, inform\u00f3 Barrios. <\/p>\n<\/div>\n<div class=\"sc-80531b6b-0 chRIGJ container-text text-embed\" id=\"element-body-25\">\n<p>Y agreg\u00f3: &#8220;Al parecer, <strong>el hombre se descompens\u00f3 dentro del patrullero, lo sacaron e intentaron reanimarlo, sin \u00e9xito<\/strong>&#8220;.<\/p>\n<\/div>\n<div class=\"sc-80531b6b-0 chRIGJ container-text text-embed\" id=\"element-body-26\">\n<p>El jefe policial sali\u00f3 al cruce de las versiones de los familiares y testigos que apuntan a que la Polic\u00eda mat\u00f3 a la v\u00edctima: &#8220;Se est\u00e1 investigando. Est\u00e1 todo el registro f\u00edlmico y la Justicia analizar\u00e1, tambi\u00e9n hay que esperar al informe forense para saber c\u00f3mo muri\u00f3. Ese dato ser\u00e1 clave para la investigaci\u00f3n\u201d, remarc\u00f3.<\/p>\n<\/div>\n<\/div>\n<p><br \/>\n<br \/><a href=\"https:\/\/www.clarin.com\/policiales\/pelea-10-mil-pesos-termino-muerte-absurda-complica-policia-cordoba-quiso-calmar-toma-cuello-asfixio_0_JotV76T4FM.html\">Fuente Clarin.com <\/a><\/p>\n","protected":false},"excerpt":{"rendered":"<p>Un confuso episodio tuvo lugar en una estaci\u00f3n de servicio de la ciudad de C\u00f3rdoba durante esta madrugada de lunes: un hombre muri\u00f3 en el lugar y la Polic\u00eda qued\u00f3 apuntada como los responsable de un presunto homicidio. La familia de la v\u00edctima fue la que denunci\u00f3 el &#8220;accionar desmedido&#8221; por parte de los agentes [&hellip;]<\/p>\n","protected":false},"author":1,"featured_media":14628,"comment_status":"open","ping_status":"open","sticky":false,"template":"","format":"standard","meta":{"footnotes":""},"categories":[2],"tags":[13393,13392,18,2594,2986,5449,73],"class_list":["post-14627","post","type-post","status-publish","format-standard","has-post-thumbnail","hentry","category-ultimas-noticias","tag-asfixio","tag-calmar","tag-con","tag-cuello","tag-quiso","tag-toma","tag-una"],"_links":{"self":[{"href":"https:\/\/13.com.ar\/index.php\/wp-json\/wp\/v2\/posts\/14627","targetHints":{"allow":["GET"]}}],"collection":[{"href":"https:\/\/13.com.ar\/index.php\/wp-json\/wp\/v2\/posts"}],"about":[{"href":"https:\/\/13.com.ar\/index.php\/wp-json\/wp\/v2\/types\/post"}],"author":[{"embeddable":true,"href":"https:\/\/13.com.ar\/index.php\/wp-json\/wp\/v2\/users\/1"}],"replies":[{"embeddable":true,"href":"https:\/\/13.com.ar\/index.php\/wp-json\/wp\/v2\/comments?post=14627"}],"version-history":[{"count":0,"href":"https:\/\/13.com.ar\/index.php\/wp-json\/wp\/v2\/posts\/14627\/revisions"}],"wp:featuredmedia":[{"embeddable":true,"href":"https:\/\/13.com.ar\/index.php\/wp-json\/wp\/v2\/media\/14628"}],"wp:attachment":[{"href":"https:\/\/13.com.ar\/index.php\/wp-json\/wp\/v2\/media?parent=14627"}],"wp:term":[{"taxonomy":"category","embeddable":true,"href":"https:\/\/13.com.ar\/index.php\/wp-json\/wp\/v2\/categories?post=14627"},{"taxonomy":"post_tag","embeddable":true,"href":"https:\/\/13.com.ar\/index.php\/wp-json\/wp\/v2\/tags?post=14627"}],"curies":[{"name":"wp","href":"https:\/\/api.w.org\/{rel}","templated":true}]}}