{"id":14626,"date":"2025-03-24T12:44:18","date_gmt":"2025-03-24T15:44:18","guid":{"rendered":"https:\/\/13.com.ar\/index.php\/desde-2019-los-gobiernos-solo-designaron-a-169-magistrados-entre-casi-500\/"},"modified":"2025-03-24T12:44:18","modified_gmt":"2025-03-24T15:44:18","slug":"desde-2019-los-gobiernos-solo-designaron-a-169-magistrados-entre-casi-500","status":"publish","type":"post","link":"https:\/\/13.com.ar\/index.php\/desde-2019-los-gobiernos-solo-designaron-a-169-magistrados-entre-casi-500\/","title":{"rendered":"desde 2019, los gobiernos s\u00f3lo designaron a 169 magistrados entre casi 500"},"content":{"rendered":"<p> <br \/>\n<br \/><img decoding=\"async\" src=\"https:\/\/13.com.ar\/wp-content\/uploads\/2025\/03\/Javier-Milei-prometio-mandar-al-Congreso-los-pliegos-del-Procurador.jpg\" \/><\/p>\n<div id=\"cuerpo\">\n<div class=\"sc-80531b6b-0 chRIGJ container-text text-embed\" id=\"element-body-0\">\n<p>El gobierno aguarda que se clarifique la situaci\u00f3n de sus dos candidatos para completar la Corte Suprema de Justicia, para despu\u00e9s dar otro paso: <strong>el env\u00edo al Congreso de 222 pliegos para reducir el porcentaje hist\u00f3rico de cargos vacantes en el Poder Judicial.<\/strong> Las cifras oficiales exponen que desde la gesti\u00f3n de Mauricio Macri a la actual, se enviaron 490 ternas al Poder Ejecutivo para su nombramiento final, sin embargo desde 2019 <strong>el 30,5% de los cargos de jueces nacionales y federales se encuentran sin cubrir<\/strong>. S\u00f3lo se designaron 169 magistrados.<\/p>\n<\/div>\n<div class=\"sc-80531b6b-0 chRIGJ container-text text-embed\" id=\"element-body-1\">\n<p>Cuando Alberto Fern\u00e1ndez asumi\u00f3 la presidencia, <strong>retir\u00f3 200 pliegos del Senado<\/strong> que Macri hab\u00eda remitido poco antes de dejar la Casa Rosada. Lo mismo ocurri\u00f3 cuando Javier Milei se convirti\u00f3 en el Jefe de Estado: su ministro de Justicia Mariano C\u00faneo Libarona, <strong>anunci\u00f3 el retiro de 160 pliegos<\/strong> que estaban a consideraci\u00f3n de los senadores.<\/p>\n<\/div>\n<div class=\"sc-80531b6b-0 chRIGJ container-text text-embed\" id=\"element-body-2\">\n<p>As\u00ed, con el correr de los a\u00f1os el Poder Judicial acrecent\u00f3 el porcentaje de sillones vac\u00edos.<\/p>\n<\/div>\n<div class=\"sc-80531b6b-0 chRIGJ container-text text-embed\" id=\"element-body-3\">\n<p>La justicia federal y nacional -la que tiene asiento en la Capital Federal pero a\u00fan no fue transferida a la Ciudad, como ordena la Constituci\u00f3n- tiene <strong>1.002 cargos.<\/strong> De ese universo de sillones en diversos fueros,<strong> 305 puestos est\u00e1n vacantes<\/strong>. <strong>Es decir, el 30,43%.<\/strong> Esos puestos cargos son cubiertos por suplencias entre los jueces designados, reglamentadas con la Ley de Subrogancias que deb\u00eda ser un paliativo pero \u201cse volvi\u00f3 la norma\u201d.<\/p>\n<\/div>\n<div class=\"sc-80531b6b-0 chRIGJ container-text text-embed\" id=\"element-body-4\">\n<p>Cuando Milei inaugur\u00f3 el a\u00f1o legislativo el pasado 1 de marzo, le dedic\u00f3 unas l\u00edneas al problema: \u201cNo podremos resolver la crisis de delincuencia en nuestro pa\u00eds sin una Justicia independiente, pero efectiva. Y l<strong>a Justicia no va a funcionar correctamente hasta que la pol\u00edtica se decida a dejar de politizar los nombramientos de los jueces, fiscales y defensores p\u00fablicos<\/strong>\u201d.<\/p>\n<\/div>\n<div class=\"sc-80531b6b-0 chRIGJ container-text text-embed\" id=\"element-body-5\">\n<p>El Jefe de Estado, a\u00f1adi\u00f3: &#8220;tenemos la intenci\u00f3n de avanzar en el env\u00edo de los pliegos de todos los cargos vacantes de la Justicia Federal, incluidos el procurador general, el defensor general, el defensor del pueblo, todos los juzgados federales, todas las fiscal\u00edas y todos los defensores p\u00fablicos que hoy faltan designar, que son alrededor del 40% de los magistrados de la Justicia Federal\u201d.<\/p>\n<\/div>\n<div class=\"sc-80531b6b-0 chRIGJ container-text text-embed\" id=\"element-body-6\">\n<p>Pese al discurso oficial, <strong>durante todo el 2024 el gobierno no design\u00f3 ning\u00fan juez.<\/strong><\/p>\n<\/div>\n<div class=\"sc-80531b6b-0 chRIGJ container-text text-embed\" id=\"element-body-7\">\n<p>Durante el \u00faltimo plenario del Consejo de la Magistratura del 2024, se aprobaron 23 ternas para cubrir cargos vacantes en diversos fueros. Ninguna corresponde a los cargos sin cubrir en Comodoro Py, el fuero al que m\u00e1s atenci\u00f3n le presta la pol\u00edtica.<\/p>\n<\/div>\n<div class=\"sc-80531b6b-0 chRIGJ container-text text-embed\" id=\"element-body-8\">\n<p>Sin embargo, en esa lista hay fueros sumamente relevantes como el Civil y Comercial, el Penal Econ\u00f3mico, cargos electorales, entre otros -como as\u00ed tambi\u00e9n, las C\u00e1maras revisoras-, que aguardan la decisi\u00f3n del Poder Ejecutivo.<\/p>\n<\/div>\n<p><h2>C\u00f3mo se designa a un juez<\/h2>\n<\/p>\n<div class=\"sc-80531b6b-0 chRIGJ container-text text-embed\" id=\"element-body-10\">\n<p>El proceso para designar un juez comienza en el Consejo de la Magistratura, el \u00f3rgano que elabora los ex\u00e1menes, realizar los tr\u00e1mites administrativos para conformar los jurados evaluadores, lleva adelante las entrevistas con los candidatos y finalmente confecciona el orden de m\u00e9rito que luego es remitido al Poder Ejecutivo en las ternas.<\/p>\n<\/div>\n<div class=\"sc-80531b6b-0 chRIGJ container-text text-embed\" id=\"element-body-11\">\n<p>El Gobierno debe seleccionar un candidato de cada terna y enviar los pliegos al Senado para su evaluaci\u00f3n en la Comisi\u00f3n de Acuerdos, y luego su aprobaci\u00f3n en el recinto. Una vez votados, los nuevos jueces son designados formalmente por el presidente con un decreto que es publicado en el Bolet\u00edn Oficial.<\/p>\n<\/div>\n<div class=\"sc-80531b6b-0 chRIGJ container-text text-embed\" id=\"element-body-12\">\n<p>En el Poder Judicial sostienen que <strong>el proceso \u201cse traba en la pol\u00edtica\u201d, ya que muchas<\/strong>  de las ternas enviadas al Ejecutivo, o de los candidatos remitidos luego al Senado, quedan sin votar o directamente fueron retirados por el gobierno siguiente.<\/p>\n<\/div>\n<div class=\"sc-80531b6b-0 chRIGJ container-text text-embed\" id=\"element-body-13\">\n<p>A las pocas ternas que el Poder Ejecutivo envi\u00f3 al Senado durante los \u00faltimos a\u00f1os, se sum\u00f3 otra realidad: <strong>175 jueces y juezas cesaron en sus cargos por diversos motivos<\/strong>. Esto increment\u00f3 la crisis de los sillones vac\u00edos.<\/p>\n<\/div>\n<div class=\"sc-80531b6b-0 chRIGJ container-text text-embed\" id=\"element-body-14\">\n<p>La cifra fue increment\u00e1ndose: s\u00f3lo en 2024 se mandaron al Gobierno 96 ternas. Se acumularon con otras que ya ten\u00eda el PEN en su poder y el n\u00famero -a la fecha-, asciende a 222 pliegos que est\u00e1n en manos del Ministerio de Justicia.<\/p>\n<\/div>\n<div class=\"sc-80531b6b-0 chRIGJ container-text text-embed\" id=\"element-body-15\">\n<p>Ese extenso listado que incluye 156 puestos de jueces suple los pliegos retirados de la C\u00e1mara Alta por parte del Ministerio de Justicia cuando asumi\u00f3 el gobierno libertario. Tambi\u00e9n hay en esas planillas cargos del Ministerio P\u00fablico Fiscal, que atraviesa su peor crisis: <strong>el 42% de sus puestos est\u00e1n vacantes.<\/strong><\/p>\n<\/div>\n<div class=\"sc-80531b6b-0 chRIGJ container-text text-embed\" id=\"element-body-16\">\n<p>En esas ternas tambi\u00e9n hay designaciones para cubrir puestos en el Ministerio P\u00fablico de la Defensa.<\/p>\n<\/div>\n<div class=\"sc-80531b6b-0 chRIGJ container-text text-embed\" id=\"element-body-17\">\n<p>Las planillas que hab\u00eda dejado el gobierno de Alberto Fern\u00e1ndez fueron revisadas y modificadas por el Ministerio que dirige C\u00faneo Libarona.<\/p>\n<\/div>\n<div class=\"sc-80531b6b-0 chRIGJ container-text text-embed\" id=\"element-body-18\">\n<p>Hay dos motivos por los cuales el gobierno tiene un moderado optimismo para que se aprueben esos 222 pliegos: <strong>en el Senado requieren una mayor\u00eda simple,<\/strong> a diferencia de los candidatos para la Corte Suprema que demanda el voto de los dos tercios de la C\u00e1mara.<\/p>\n<\/div>\n<div class=\"sc-80531b6b-0 chRIGJ container-text text-embed\" id=\"element-body-19\">\n<p>A su vez, en el extenso listado <strong>no hay candidatos para cubrir los sillones de vac\u00edo Comodoro Py,<\/strong> el fuero que investiga la corrupci\u00f3n, el narcotr\u00e1fico y el lavado de activos.<\/p>\n<\/div>\n<\/div>\n<p><br \/>\n<br \/><a href=\"https:\/\/www.clarin.com\/politica\/crisis-justicia-2019-gobiernos-solo-designaron-169-magistrados-500_0_lq74MYSmSa.html\">Fuente Clarin.com <\/a><\/p>\n","protected":false},"excerpt":{"rendered":"<p>El gobierno aguarda que se clarifique la situaci\u00f3n de sus dos candidatos para completar la Corte Suprema de Justicia, para despu\u00e9s dar otro paso: el env\u00edo al Congreso de 222 pliegos para reducir el porcentaje hist\u00f3rico de cargos vacantes en el Poder Judicial. Las cifras oficiales exponen que desde la gesti\u00f3n de Mauricio Macri a [&hellip;]<\/p>\n","protected":false},"author":1,"featured_media":9247,"comment_status":"open","ping_status":"open","sticky":false,"template":"","format":"standard","meta":{"footnotes":""},"categories":[2],"tags":[483,2184,9366,351,13391,28,7702,166],"class_list":["post-14626","post","type-post","status-publish","format-standard","has-post-thumbnail","hentry","category-ultimas-noticias","tag-casi","tag-desde","tag-designaron","tag-entre","tag-gobiernos","tag-los","tag-magistrados","tag-solo"],"_links":{"self":[{"href":"https:\/\/13.com.ar\/index.php\/wp-json\/wp\/v2\/posts\/14626","targetHints":{"allow":["GET"]}}],"collection":[{"href":"https:\/\/13.com.ar\/index.php\/wp-json\/wp\/v2\/posts"}],"about":[{"href":"https:\/\/13.com.ar\/index.php\/wp-json\/wp\/v2\/types\/post"}],"author":[{"embeddable":true,"href":"https:\/\/13.com.ar\/index.php\/wp-json\/wp\/v2\/users\/1"}],"replies":[{"embeddable":true,"href":"https:\/\/13.com.ar\/index.php\/wp-json\/wp\/v2\/comments?post=14626"}],"version-history":[{"count":0,"href":"https:\/\/13.com.ar\/index.php\/wp-json\/wp\/v2\/posts\/14626\/revisions"}],"wp:featuredmedia":[{"embeddable":true,"href":"https:\/\/13.com.ar\/index.php\/wp-json\/wp\/v2\/media\/9247"}],"wp:attachment":[{"href":"https:\/\/13.com.ar\/index.php\/wp-json\/wp\/v2\/media?parent=14626"}],"wp:term":[{"taxonomy":"category","embeddable":true,"href":"https:\/\/13.com.ar\/index.php\/wp-json\/wp\/v2\/categories?post=14626"},{"taxonomy":"post_tag","embeddable":true,"href":"https:\/\/13.com.ar\/index.php\/wp-json\/wp\/v2\/tags?post=14626"}],"curies":[{"name":"wp","href":"https:\/\/api.w.org\/{rel}","templated":true}]}}