{"id":14621,"date":"2025-03-24T12:24:42","date_gmt":"2025-03-24T15:24:42","guid":{"rendered":"https:\/\/13.com.ar\/index.php\/cuando-cae-y-como-quedaran-los-feriados-en-argentina\/"},"modified":"2025-03-24T12:24:42","modified_gmt":"2025-03-24T15:24:42","slug":"cuando-cae-y-como-quedaran-los-feriados-en-argentina","status":"publish","type":"post","link":"https:\/\/13.com.ar\/index.php\/cuando-cae-y-como-quedaran-los-feriados-en-argentina\/","title":{"rendered":"cu\u00e1ndo cae y c\u00f3mo quedar\u00e1n los feriados en Argentina"},"content":{"rendered":"<p> <br \/>\n<br \/><img decoding=\"async\" src=\"https:\/\/13.com.ar\/wp-content\/uploads\/2025\/03\/cuando-cae-y-como-quedaran-los-feriados-en-Argentina.jpg\" \/><\/p>\n<div id=\"element-body-0\">\n<p>La <strong>Semana Santa<\/strong> es una de las celebraciones m\u00e1s significativas del calendario cristiano. Marca el <strong>tramo final de la vida de Jes\u00fas de Nazaret<\/strong>, desde su entrada en Jerusal\u00e9n hasta su crucifixi\u00f3n y posterior resurrecci\u00f3n, seg\u00fan la tradici\u00f3n cat\u00f3lica. Durante estos d\u00edas, millones de fieles en todo el mundo participan en rituales y celebraciones que reviven la pasi\u00f3n de Cristo.<\/p>\n<\/div>\n<div id=\"element-body-1\">\n<p>Esta semana puede tener lugar <strong>entre mediados de marzo y abril, dependiendo del ciclo lunar.<\/strong> La <strong>Pascua de Resurrecci\u00f3n<\/strong> se celebra el domingo inmediatamente posterior a la primera Luna llena tras el equinoccio de marzo. Este c\u00e1lculo astron\u00f3mico determina que puede ocurrir entre el 22 de marzo y el 25 de abril.<\/p>\n<\/div>\n<div id=\"element-body-2\">\n<p>En pa\u00edses como <strong>Argentina<\/strong>, la <strong>Semana Santa<\/strong> no solo tiene un significado religioso, sino tambi\u00e9n cultural, ya que se suelen realizar celebraciones lit\u00fargicas y tradiciones familiares. Con la confirmaci\u00f3n del <strong>calendario de feriados 2025<\/strong>, ya se conocen las<strong> fechas del Jueves Santo y el Viernes Santo del pr\u00f3ximo a\u00f1o. <\/strong><\/p>\n<\/div>\n<div id=\"element-body-4\">\n<p>En <strong>2025<\/strong>, la <strong>Semana Santa comenzar\u00e1 el 13 de abril con el Domingo de Ramos y se extender\u00e1 hasta el s\u00e1bado 19 de abril.<\/strong> En Argentina, el <strong>fin de semana largo abarcar\u00e1 del jueves 17 al domingo 20 de abril. <\/strong><\/p>\n<\/div>\n<p><br \/>\n<br \/><a href=\"https:\/\/www.clarin.com\/informacion-general\/semana-santa-2025-cae-quedaran-feriados-argentina_0_uG1uPp5nfB.html\">Fuente Clarin.com <\/a><\/p>\n","protected":false},"excerpt":{"rendered":"<p>La Semana Santa es una de las celebraciones m\u00e1s significativas del calendario cristiano. Marca el tramo final de la vida de Jes\u00fas de Nazaret, desde su entrada en Jerusal\u00e9n hasta su crucifixi\u00f3n y posterior resurrecci\u00f3n, seg\u00fan la tradici\u00f3n cat\u00f3lica. Durante estos d\u00edas, millones de fieles en todo el mundo participan en rituales y celebraciones que [&hellip;]<\/p>\n","protected":false},"author":1,"featured_media":14622,"comment_status":"open","ping_status":"open","sticky":false,"template":"","format":"standard","meta":{"footnotes":""},"categories":[2],"tags":[288,129,66,677,4202,28,5841],"class_list":["post-14621","post","type-post","status-publish","format-standard","has-post-thumbnail","hentry","category-ultimas-noticias","tag-argentina","tag-cae","tag-como","tag-cuando","tag-feriados","tag-los","tag-quedaran"],"_links":{"self":[{"href":"https:\/\/13.com.ar\/index.php\/wp-json\/wp\/v2\/posts\/14621","targetHints":{"allow":["GET"]}}],"collection":[{"href":"https:\/\/13.com.ar\/index.php\/wp-json\/wp\/v2\/posts"}],"about":[{"href":"https:\/\/13.com.ar\/index.php\/wp-json\/wp\/v2\/types\/post"}],"author":[{"embeddable":true,"href":"https:\/\/13.com.ar\/index.php\/wp-json\/wp\/v2\/users\/1"}],"replies":[{"embeddable":true,"href":"https:\/\/13.com.ar\/index.php\/wp-json\/wp\/v2\/comments?post=14621"}],"version-history":[{"count":0,"href":"https:\/\/13.com.ar\/index.php\/wp-json\/wp\/v2\/posts\/14621\/revisions"}],"wp:featuredmedia":[{"embeddable":true,"href":"https:\/\/13.com.ar\/index.php\/wp-json\/wp\/v2\/media\/14622"}],"wp:attachment":[{"href":"https:\/\/13.com.ar\/index.php\/wp-json\/wp\/v2\/media?parent=14621"}],"wp:term":[{"taxonomy":"category","embeddable":true,"href":"https:\/\/13.com.ar\/index.php\/wp-json\/wp\/v2\/categories?post=14621"},{"taxonomy":"post_tag","embeddable":true,"href":"https:\/\/13.com.ar\/index.php\/wp-json\/wp\/v2\/tags?post=14621"}],"curies":[{"name":"wp","href":"https:\/\/api.w.org\/{rel}","templated":true}]}}