{"id":1459,"date":"2025-02-02T22:06:17","date_gmt":"2025-02-03T01:06:17","guid":{"rendered":"https:\/\/13.com.ar\/index.php\/alemania-se-enfrenta-a-retos-mayores\/"},"modified":"2025-02-02T22:06:17","modified_gmt":"2025-02-03T01:06:17","slug":"alemania-se-enfrenta-a-retos-mayores","status":"publish","type":"post","link":"https:\/\/13.com.ar\/index.php\/alemania-se-enfrenta-a-retos-mayores\/","title":{"rendered":"Alemania se enfrenta a retos mayores"},"content":{"rendered":"<p> <br \/>\n<br \/><img decoding=\"async\" src=\"https:\/\/13.com.ar\/wp-content\/uploads\/2025\/02\/Alemania-se-enfrenta-a-retos-mayores.jpg\" \/><\/p>\n<div id=\"cuerpo\">\n<div class=\"sc-80531b6b-0 chRIGJ container-text text-embed\">\n<p>Como la mayor econom\u00eda de la Uni\u00f3n Europea, Alemania se enfrenta a una encrucijada econ\u00f3mica y pol\u00edtica en un momento de grandes retos nacionales e internacionales. En noviembre de 2024, la coalici\u00f3n de gobierno de tres partidos ideol\u00f3gicamente muy heterog\u00e9neos -socialdem\u00f3cratas, verdes y liberales-, <strong>se fragment\u00f3.<\/strong><\/p>\n<\/div>\n<div class=\"sc-80531b6b-0 chRIGJ container-text text-embed\">\n<p>El principal punto de fricci\u00f3n era la pol\u00edtica econ\u00f3mica y la cuesti\u00f3n de c\u00f3mo responder a la actual recesi\u00f3n de la econom\u00eda alemana. Aqu\u00ed hab\u00eda dos conceptos opuestos: aumentar la deuda p\u00fablica a pesar del freno constitucional de la deuda para financiar las subvenciones estatales a la econom\u00eda, como exig\u00edan los dos partidos de izquierdas, y por el otro, reducir la burocracia, ahorrar en el extenso Estado del bienestar y recortar impuestos, a favor de lo cual est\u00e1bamos los liberales.<\/p>\n<\/div>\n<div class=\"sc-80531b6b-0 chRIGJ container-text text-embed\">\n<p>La coalici\u00f3n termin\u00f3 con la destituci\u00f3n del Ministro liberal de Hacienda, Christian Lindner, por parte del Canciller socialdem\u00f3crata Olaf Scholz. Desde entonces, la coalici\u00f3n rojiverde gobierna sin mayor\u00eda propia en el Bundestag. En diciembre, el Parlamento retir\u00f3 su confianza a Scholz, haciendo necesarias nuevas elecciones.<\/p>\n<\/div>\n<div class=\"sc-80531b6b-0 chRIGJ container-text text-embed\">\n<p>Los temas econ\u00f3micos tambi\u00e9n dominan la campa\u00f1a electoral de cara a la cita con las urnas el pr\u00f3ximo 23 de febrero de 2025. Para liberar a empresas y ciudadanos de la excesiva burocracia y devolver al pa\u00eds a la senda del crecimiento, los liberales han se\u00f1alado el ejemplo de Argentina: menos burocracia, menos gobierno y m\u00e1s iniciativa privada ser\u00edan tambi\u00e9n necesarios en Alemania para renovar su papel de ancla de estabilidad de la econom\u00eda europea y de la Uni\u00f3n Monetaria.<\/p>\n<\/div>\n<div class=\"sc-80531b6b-0 chRIGJ container-text text-embed\">\n<p>Otra cuesti\u00f3n que domina la campa\u00f1a electoral, como en toda Europa, es el auge de la extrema derecha, en Alemania con el partido \u00abAlternativa para Alemania\u00bb. Aunque tiene un 20% de intenci\u00f3n de voto en las encuestas, se ha aislado pol\u00edticamente por su radicalismo de derecha, su xenofobia y su lealtad a Putin, lo que significa que ninguno de los dem\u00e1s partidos formar\u00e1 coalici\u00f3n con \u00e9l. Esto dificultar\u00e1 probablemente la conformaci\u00f3n del gobierno y puede prolongar la crisis.<\/p>\n<\/div>\n<div class=\"sc-80531b6b-0 chRIGJ container-text text-embed\">\n<p>En vista de la enorme amenaza para la paz internacional que representa la ocupaci\u00f3n y los bombardeos continuos a Ucrania por parte de Rusia; las sistem\u00e1ticas violaciones al derecho internacional, y la presi\u00f3n ejercida sobre Alemania y Europa por el nuevo presidente estadounidense Donald Trump, Alemania tendr\u00e1 que aumentar significativamente el presupuesto en defensa.<\/p>\n<\/div>\n<div class=\"sc-80531b6b-0 chRIGJ container-text text-embed\">\n<p>Al mismo tiempo, <strong>el envejecimiento de la poblaci\u00f3n est\u00e1 disparando los costos de las pensiones y la sanidad<\/strong>, y hay una necesidad de una inversi\u00f3n considerable para modernizar el pa\u00eds (transporte, educaci\u00f3n, energ\u00eda, digitalizaci\u00f3n). Los liberales queremos responder a esta mayor necesidad de inversi\u00f3n con una disciplina fiscal que recorte el gasto p\u00fablico innecesario, en lugar de alimentar la inflaci\u00f3n con m\u00e1s deuda.<\/p>\n<\/div>\n<div class=\"sc-80531b6b-0 chRIGJ container-text text-embed\">\n<p>En la actualidad, Alemania no est\u00e1 preparada para afrontar estos m\u00faltiples retos. Sin embargo, un nuevo gobierno con una fuerte improntaliberal podr\u00eda aportar soluciones: una pol\u00edtica que est\u00e9 preparada para reformas sostenibles, que conf\u00ede en las empresas y los ciudadanos y les brinde libertad financiera y de organizaci\u00f3n.<\/p>\n<\/div>\n<div class=\"sc-80531b6b-0 chRIGJ container-text text-embed\">\n<p>Una pol\u00edtica que se centre en las tareas originales del Estado y las gestione con eficiencia y eficacia, y que abogue por una Alemania abierta al mundo, con relaciones comerciales m\u00e1s intensas con sus socios, y una legislaci\u00f3n moderna en materia de inmigraci\u00f3n. Esta es la <strong>clave para el futuro y estabilidad<\/strong> del pa\u00eds y de Europa.<\/p>\n<\/div>\n<\/div>\n<p><br \/>\n<br \/><a href=\"https:\/\/www.clarin.com\/opinion\/alemania-enfrenta-retos-mayores_0_RkqnfGnUyw.html\">Fuente Clarin.com <\/a><\/p>\n","protected":false},"excerpt":{"rendered":"<p>Como la mayor econom\u00eda de la Uni\u00f3n Europea, Alemania se enfrenta a una encrucijada econ\u00f3mica y pol\u00edtica en un momento de grandes retos nacionales e internacionales. En noviembre de 2024, la coalici\u00f3n de gobierno de tres partidos ideol\u00f3gicamente muy heterog\u00e9neos -socialdem\u00f3cratas, verdes y liberales-, se fragment\u00f3. El principal punto de fricci\u00f3n era la pol\u00edtica econ\u00f3mica [&hellip;]<\/p>\n","protected":false},"author":1,"featured_media":1460,"comment_status":"open","ping_status":"open","sticky":false,"template":"","format":"standard","meta":{"footnotes":""},"categories":[2],"tags":[3109,3110,2126,3111],"class_list":["post-1459","post","type-post","status-publish","format-standard","has-post-thumbnail","hentry","category-ultimas-noticias","tag-alemania","tag-enfrenta","tag-mayores","tag-retos"],"_links":{"self":[{"href":"https:\/\/13.com.ar\/index.php\/wp-json\/wp\/v2\/posts\/1459","targetHints":{"allow":["GET"]}}],"collection":[{"href":"https:\/\/13.com.ar\/index.php\/wp-json\/wp\/v2\/posts"}],"about":[{"href":"https:\/\/13.com.ar\/index.php\/wp-json\/wp\/v2\/types\/post"}],"author":[{"embeddable":true,"href":"https:\/\/13.com.ar\/index.php\/wp-json\/wp\/v2\/users\/1"}],"replies":[{"embeddable":true,"href":"https:\/\/13.com.ar\/index.php\/wp-json\/wp\/v2\/comments?post=1459"}],"version-history":[{"count":0,"href":"https:\/\/13.com.ar\/index.php\/wp-json\/wp\/v2\/posts\/1459\/revisions"}],"wp:featuredmedia":[{"embeddable":true,"href":"https:\/\/13.com.ar\/index.php\/wp-json\/wp\/v2\/media\/1460"}],"wp:attachment":[{"href":"https:\/\/13.com.ar\/index.php\/wp-json\/wp\/v2\/media?parent=1459"}],"wp:term":[{"taxonomy":"category","embeddable":true,"href":"https:\/\/13.com.ar\/index.php\/wp-json\/wp\/v2\/categories?post=1459"},{"taxonomy":"post_tag","embeddable":true,"href":"https:\/\/13.com.ar\/index.php\/wp-json\/wp\/v2\/tags?post=1459"}],"curies":[{"name":"wp","href":"https:\/\/api.w.org\/{rel}","templated":true}]}}