{"id":1453,"date":"2025-02-02T21:44:00","date_gmt":"2025-02-03T00:44:00","guid":{"rendered":"https:\/\/13.com.ar\/index.php\/milei-catequizar-y-castigar\/"},"modified":"2025-02-02T21:44:00","modified_gmt":"2025-02-03T00:44:00","slug":"milei-catequizar-y-castigar","status":"publish","type":"post","link":"https:\/\/13.com.ar\/index.php\/milei-catequizar-y-castigar\/","title":{"rendered":"Milei: catequizar y castigar"},"content":{"rendered":"<p> <br \/>\n<br \/><img decoding=\"async\" src=\"https:\/\/13.com.ar\/wp-content\/uploads\/2025\/02\/Milei-catequizar-y-castigar.jpg\" \/><\/p>\n<div id=\"cuerpo\">\n<div class=\"sc-80531b6b-0 chRIGJ container-text text-embed\">\n<p>Vivimos en un mundo diferente del mundo del siglo XX: cambi\u00f3 el modo de producir y tambi\u00e9n, el modo de relacionarse entre las personas. Emergen liderazgos diferentes. Milei, un outsider de la pol\u00edtica tradicional, resulta ser<strong> un prototipo de la pol\u00edtica que asoma en el siglo XXI,<\/strong> una pol\u00edtica que no tiene el monopolio de lo p\u00fablico y ciudadanos globales, habitantes de las redes, pobladores de tribus, guerreros virtuales no domesticados por normas, usos y costumbres establecidos y disponibles para escuchar la voz del jefe, int\u00e9rprete fiel de sus sentimientos.<\/p>\n<\/div>\n<div class=\"sc-80531b6b-0 chRIGJ container-text text-embed\">\n<p>La crisis de la representaci\u00f3n en este siglo vuelve a traer sanadores que gu\u00edan tribus evocando los tiempos oscuros de la d\u00e9cada del \u201820 del siglo pasado en Europa. Y lo hacen en los viejos moldes de los movimientos nacionales y populares, hoy englobados en el impreciso t\u00e9rmino de populismo.<\/p>\n<\/div>\n<div class=\"sc-80531b6b-0 chRIGJ container-text text-embed\">\n<p><strong>Un enemigo a combatir-el antipueblo- y un pueblo elegido<\/strong>. En las redes, las palabras son como granadas que estallan en la cabeza de los \u201cenemigos\u201d. Los desclasados encontraron un enemigo a combatir que abarca a los portadores de una ideolog\u00eda woke en la que ven un progresismo que ha olvidado una cuesti\u00f3n clave: c\u00f3mo generar fuentes de ingreso. Ese es el electorado de las ultraderechas que crecen en las democracias occidentales.<\/p>\n<\/div>\n<div class=\"sc-80531b6b-0 chRIGJ container-text text-embed\">\n<p>En 2024, apenas estrenando su gobierno, Milei present\u00f3 sus ideas <strong>anarco libertarias <\/strong>para catequizar a los poderosos empresarios del Foro de Davos. Hizo entonces una encendida defensa de los empresarios creadores de la riqueza, a los que llam\u00f3 verdaderos h\u00e9roes de este tiempo. Occidente est\u00e1 en peligro, les dijo, y proclam\u00f3 la necesidad de recuperar los valores perdidos tras los estragos causados por todas la variantes del colectivismo.<\/p>\n<\/div>\n<div class=\"sc-80531b6b-0 chRIGJ container-text text-embed\">\n<p>Propuso el retorno a los or\u00edgenes del  capitalismo competitivo que subyace a la f\u00f3rmula trumpiana de volver a hacer grande a los Estados Unidos y al  MAGA-volver a hacer grande a Argentina- para recomenzar la saga del progreso desde pasados gloriosos.<\/p>\n<\/div>\n<div class=\"sc-80531b6b-0 chRIGJ container-text text-embed\">\n<p>La nostalgia del pasado vuelve necesario releer las reflexiones sobre el tiempo en las palabras del d\u00fao dial\u00e9ctico que da vida a La Monta\u00f1a M\u00e1gica: <strong>una novela de Thomas Mann de 1924,que recupera su actualidad.<\/strong> Acaso las transformaciones ocurridas pueden ser cercenadas a golpes de motosierra o echando mano a decretos como los que inauguran la presidencia Trump.<\/p>\n<\/div>\n<div class=\"sc-80531b6b-0 chRIGJ container-text text-embed\">\n<p>En este 2025, Milei regres\u00f3 a Davos iluminado por su relaci\u00f3n privilegiada con Trump,  por el testimonio de lo que ha logrado en su pa\u00eds- la ca\u00edda de la inflaci\u00f3n, la estabilidad cambiaria, el descenso del riesgo pa\u00eds y lo m\u00e1s asombroso, la aprobaci\u00f3n mayoritaria de una sociedad dispuesta a atravesar el valle de l\u00e1grimas de un ajuste que Milei no vacila en calificar \u201cel m\u00e1s grande de la historia de la humanidad\u201d.<\/p>\n<\/div>\n<div class=\"sc-80531b6b-0 chRIGJ container-text text-embed\">\n<p>Y por \u00faltimo, pero no menos importante, lo anima el avance de los libertarios en el planeta.<strong> No est\u00e1 solo, dijo. Lo acompa\u00f1an Trump, Orban, Meloni, Netanyahu<\/strong>. Envalentonado por sus \u00e9xitos que no se priv\u00f3 de subrayar, Milei di\u00f3 lecciones: cuando se asumen riesgos, se triunfa; el coraje premia. Argentina adelanta el futuro para bien o para mal, les dijo. O terminan pareci\u00e9ndose a la Argentina decadente que \u00e9l rescat\u00f3 o reconstruyen los valores de Occidente y la ruta del progreso siguiendo su ejemplo.<\/p>\n<\/div>\n<div class=\"sc-80531b6b-0 chRIGJ container-text text-embed\">\n<p>Amigo de los empresarios tecnol\u00f3gicos megamillonarios  entre los que despunta el m\u00e1s rico del planeta, Elon Musk, empresario que hace campa\u00f1a por el triunfo de la derecha nazi en Alemania, que  apoy\u00f3 con sumas millonarias la campa\u00f1a de Trump,  que no dud\u00f3 en saludar parodiando el heil Hitler y que ya es funcionario de la administraci\u00f3n Trump, sin recaudos por el conflicto de intereses. Un extra\u00f1o clon de Federico Sturzenegger, economista y funcionario org\u00e1nico en el marco de esta administraci\u00f3n. Un Ministerio de la Desregulaci\u00f3n de Elon Musk que recuerda El Palacio de los Sue\u00f1os, la novela de  Ismail Kadar\u00e9, por la fuerza digna de demiurgos que se imprime a la tarea.<\/p>\n<\/div>\n<div class=\"sc-80531b6b-0 chRIGJ container-text text-embed\">\n<p>Milei batall\u00f3 en Davos por la restauraci\u00f3n de los valores perdidos, sus enemigos en el mundo son los defensores de la cultura woke, ese movimiento que busc\u00f3 despertar la conciencia ante la injusticia social de la que eran objeto todas las minor\u00edas. Sus consignas son: Dios Patria y Famila,  y liberalismo de mercado. \u201cQue Dios te ayude\u201d. Contra el feminismo, la cultura gay, la inmigraci\u00f3n \u201casesina\u201d, los defensores del cambio clim\u00e1tico y  del aborto-un mundo de ped\u00f3filos, asesinos y violadores en la mirada de Milei. Trampas  tendidas por una cultura subordinada a una izquierda que aprovecha de sus pol\u00edticas intervencionistas para saquear a los Estados.<\/p>\n<\/div>\n<div class=\"sc-80531b6b-0 chRIGJ container-text text-embed\">\n<p>No en vano Milei record\u00f3 en su discurso a La Rebeli\u00f3n del Atlas, el libro en el que la escritora ruso-norteamericana Ayn Rand, maestra de su venerado Rothbard, describe a los saqueadores el Estado. Por cierto, Rand se refer\u00eda al <strong>estado stalinista<\/strong>, pero para Milei las izquierdas son sin\u00f3nimo de saqueadores, sean comunistas, socialistas, fascistas.<\/p>\n<\/div>\n<div class=\"sc-80531b6b-0 chRIGJ container-text text-embed\">\n<p>Los miembros del Foro, los organismos internacionales, todos, son para Milei, c\u00f3mplices de la defensa de una cultura que alimenta a saqueadores del Estado. Estupor en una sala de notables del mundo de la riqueza que no esperaban ser castigados por este exc\u00e9ntrico personaje llegado del sur del continente americano; de un pa\u00eds irrelevante que no es una amenaza y que hasta ahora no es una fuente de recursos segura.<\/p>\n<\/div>\n<div class=\"sc-80531b6b-0 chRIGJ container-text text-embed\">\n<p>As\u00ed es Milei, <strong>desconcertante como los tiempos que nos tocan vivi<\/strong>r. Una vez m\u00e1s, con el tel\u00f3n de fondo de los Alpes suizos, Milei ocup\u00f3 el estrado: esta vez prefiri\u00f3 castigar y no s\u00f3lo catequizar<\/p>\n<\/div>\n<\/div>\n<p><br \/>\n<br \/><a href=\"https:\/\/www.clarin.com\/opinion\/milei-catequizar-castigar_0_sjqFLoaEcN.html\">Fuente Clarin.com <\/a><\/p>\n","protected":false},"excerpt":{"rendered":"<p>Vivimos en un mundo diferente del mundo del siglo XX: cambi\u00f3 el modo de producir y tambi\u00e9n, el modo de relacionarse entre las personas. Emergen liderazgos diferentes. Milei, un outsider de la pol\u00edtica tradicional, resulta ser un prototipo de la pol\u00edtica que asoma en el siglo XXI, una pol\u00edtica que no tiene el monopolio de [&hellip;]<\/p>\n","protected":false},"author":1,"featured_media":1454,"comment_status":"open","ping_status":"open","sticky":false,"template":"","format":"standard","meta":{"footnotes":""},"categories":[2],"tags":[3102,3101,77],"class_list":["post-1453","post","type-post","status-publish","format-standard","has-post-thumbnail","hentry","category-ultimas-noticias","tag-castigar","tag-catequizar","tag-milei"],"_links":{"self":[{"href":"https:\/\/13.com.ar\/index.php\/wp-json\/wp\/v2\/posts\/1453","targetHints":{"allow":["GET"]}}],"collection":[{"href":"https:\/\/13.com.ar\/index.php\/wp-json\/wp\/v2\/posts"}],"about":[{"href":"https:\/\/13.com.ar\/index.php\/wp-json\/wp\/v2\/types\/post"}],"author":[{"embeddable":true,"href":"https:\/\/13.com.ar\/index.php\/wp-json\/wp\/v2\/users\/1"}],"replies":[{"embeddable":true,"href":"https:\/\/13.com.ar\/index.php\/wp-json\/wp\/v2\/comments?post=1453"}],"version-history":[{"count":0,"href":"https:\/\/13.com.ar\/index.php\/wp-json\/wp\/v2\/posts\/1453\/revisions"}],"wp:featuredmedia":[{"embeddable":true,"href":"https:\/\/13.com.ar\/index.php\/wp-json\/wp\/v2\/media\/1454"}],"wp:attachment":[{"href":"https:\/\/13.com.ar\/index.php\/wp-json\/wp\/v2\/media?parent=1453"}],"wp:term":[{"taxonomy":"category","embeddable":true,"href":"https:\/\/13.com.ar\/index.php\/wp-json\/wp\/v2\/categories?post=1453"},{"taxonomy":"post_tag","embeddable":true,"href":"https:\/\/13.com.ar\/index.php\/wp-json\/wp\/v2\/tags?post=1453"}],"curies":[{"name":"wp","href":"https:\/\/api.w.org\/{rel}","templated":true}]}}