{"id":14522,"date":"2025-03-24T06:23:37","date_gmt":"2025-03-24T09:23:37","guid":{"rendered":"https:\/\/13.com.ar\/index.php\/el-vino-y-la-musica-se-fusionan-para-recibir-a-los-turistas\/"},"modified":"2025-03-24T06:23:37","modified_gmt":"2025-03-24T09:23:37","slug":"el-vino-y-la-musica-se-fusionan-para-recibir-a-los-turistas","status":"publish","type":"post","link":"https:\/\/13.com.ar\/index.php\/el-vino-y-la-musica-se-fusionan-para-recibir-a-los-turistas\/","title":{"rendered":"el vino y la m\u00fasica se fusionan para recibir a los turistas"},"content":{"rendered":"<p> <br \/>\n<\/p>\n<div id=\"cuerpo\">\n<div class=\"sc-80531b6b-0 chRIGJ container-text text-embed\" id=\"element-body-0\">\n<p>El<strong> fin de cosecha <\/strong>en Mendoza, con la cordillera de fondo y el impactante <strong>paisaje de vi\u00f1edos<\/strong> que abandonan el verde y pasan a tonos naranjas y amarillos, sirven de marco para <strong>grandes festivales de m\u00fasica al aire libre.<\/strong><\/p>\n<\/div>\n<div class=\"sc-80531b6b-0 chRIGJ container-text text-embed\" id=\"element-body-1\">\n<p>El <strong>comienzo del oto\u00f1o<\/strong> en la regi\u00f3n de Cuyo, con la mayor\u00eda de sus d\u00edas soleados y temperatura promedio de 20 grados, es una <strong>\u00e9poca ideal para recorrer bodegas y disfrutar de la enogastronom\u00eda<\/strong> y paseos al aire libre.<\/p>\n<\/div>\n<div class=\"sc-80531b6b-0 chRIGJ container-text text-embed\" id=\"element-body-2\">\n<p>En <strong>abril de 2025<\/strong>, est\u00e1n confirmados<strong> dos importantes ciclos ligados al turismo del vino<\/strong>, que se destacan por su originalidad para degustar los vinos nuevos y disfrutar de una gran variedad de conciertos.<\/p>\n<\/div>\n<div class=\"sc-98b114a2-0 bkqiHH image-embed  image-embed \" id=\"element-body-3\"><picture class=\"sc-98b114a2-1 jRUlDm\"><source media=\"(min-width: 975px)\" width=\"720\" height=\"480\" \/><img alt=\"Abril en Mendoza, con grandes propuestas que unen la m\u00fasica y el vino. Foto Andr\u00e9s Larrovere \/ AFP\" loading=\"lazy\" width=\"720\" height=\"480\" decoding=\"async\" data-nimg=\"1\" style=\"color:transparent\" src=\"https:\/\/13.com.ar\/wp-content\/uploads\/2025\/03\/el-vino-y-la-musica-se-fusionan-para-recibir-a.jpg\"\/><span class=\"epigraphe\">Abril en Mendoza, con grandes propuestas que unen la m\u00fasica y el vino. Foto Andr\u00e9s Larrovere \/ AFP<\/span><span class=\"picture-open\"><button class=\"open-image\" aria-label=\"Open Image\"\/><\/span><\/picture><\/div>\n<p><h2>Qui\u00e9nes se presentar\u00e1n en el Wine Rock<\/h2>\n<\/p>\n<div class=\"sc-80531b6b-0 chRIGJ container-text text-embed\" id=\"element-body-5\">\n<p>El <strong>s\u00e1bado 5 de abril vuelve el Wine Rock<\/strong>, el festival que une la m\u00fasica y una experiencia \u00fanica entre el vino y la monta\u00f1a. <\/p>\n<\/div>\n<div class=\"sc-80531b6b-0 chRIGJ container-text text-embed\" id=\"element-body-6\">\n<p>El espect\u00e1culo cambi\u00f3 de locaci\u00f3n (\u00faltima edici\u00f3n fue en 2023, en el Valle de Uco) y este a\u00f1o se realiza en el <strong>resort vitivin\u00edcola Lomas de Malbec<\/strong>, Luj\u00e1n de Cuyo, a 47 kil\u00f3metros de la ciudad de Mendoza.<\/p>\n<\/div>\n<div class=\"sc-98b114a2-0 bkqiHH image-embed  image-embed \" id=\"element-body-7\"><picture class=\"sc-98b114a2-1 jRUlDm\"><source media=\"(min-width: 975px)\" width=\"720\" height=\"480\" \/><img alt=\"Wine Rock 2025 ser\u00e1 el s\u00e1bado 5 de abril el resort vitivin\u00edcola Lomas del Malbec.\" loading=\"lazy\" width=\"720\" height=\"480\" decoding=\"async\" data-nimg=\"1\" style=\"color:transparent\" src=\"https:\/\/13.com.ar\/wp-content\/uploads\/2025\/03\/1742808217_308_el-vino-y-la-musica-se-fusionan-para-recibir-a.jpg\"\/><span class=\"epigraphe\">Wine Rock 2025 ser\u00e1 el s\u00e1bado 5 de abril el resort vitivin\u00edcola Lomas del Malbec.<\/span><span class=\"picture-open\"><button class=\"open-image\" aria-label=\"Open Image\"\/><\/span><\/picture><\/div>\n<div class=\"sc-80531b6b-0 chRIGJ container-text text-embed\" id=\"element-body-8\">\n<p>El Wine Rock tendr\u00e1 <strong>dos escenarios, cata de vinos<\/strong> dirigidas por conocidos sommeliers, puestos de<strong> gastronom\u00eda<\/strong> y degustaci\u00f3n de<strong> dulces<\/strong>, entre otras actividades. <strong>Arranca a las 15.30 y termina al anochecer<\/strong>.<\/p>\n<\/div>\n<div class=\"sc-80531b6b-0 chRIGJ container-text text-embed\" id=\"element-body-9\">\n<p>El Wine Rock naci\u00f3 en 2011 a partir de una idea del en\u00f3logo y m\u00fasico mendocino Marcelo Pelleriti, quien junto al guitarrista Rano Sarbach, decidi\u00f3 celebrar con distintos show de m\u00fasica el fin de la cosecha de uva. <\/p>\n<\/div>\n<div class=\"sc-80531b6b-0 chRIGJ container-text text-embed\" id=\"element-body-10\">\n<p>&#8220;Toc\u00f3 la banda que yo ten\u00eda en ese momento, la de Rano, que se llama Tr\u00edo Sarbach, y tambi\u00e9n estuvo 4to Espacio, de Mat\u00edas Camisani. Fue algo muy peque\u00f1o con 100 o 150 personas y despu\u00e9s empez\u00f3 a crecer hasta transformarse en un gran festival&#8221;, recuerda el creador.<\/p>\n<\/div>\n<div class=\"sc-98b114a2-0 bkqiHH image-embed  image-embed \" id=\"element-body-11\"><picture class=\"sc-98b114a2-1 jRUlDm\"><source media=\"(min-width: 975px)\" width=\"720\" height=\"480\" \/><img alt=\"La mexicana Julieta Venegas, entre las artistas internacionales del festival.\" loading=\"lazy\" width=\"720\" height=\"480\" decoding=\"async\" data-nimg=\"1\" style=\"color:transparent\" src=\"https:\/\/13.com.ar\/wp-content\/uploads\/2025\/03\/1742808217_929_el-vino-y-la-musica-se-fusionan-para-recibir-a.jpg\"\/><span class=\"epigraphe\">La mexicana Julieta Venegas, entre las artistas internacionales del festival.<\/span><span class=\"picture-open\"><button class=\"open-image\" aria-label=\"Open Image\"\/><\/span><\/picture><\/div>\n<div class=\"sc-80531b6b-0 chRIGJ container-text text-embed\" id=\"element-body-12\">\n<p>En esta edici\u00f3n 2025, la <strong>artista mexicana Julieta Venegas<\/strong> es una de las principales figuras del festival, quien presentar\u00e1 su \u00faltimo sencillo Tristeza en la Ciudad y repasar\u00e1 muchos de sus \u00e9xitos.<\/p>\n<\/div>\n<div class=\"sc-80531b6b-0 chRIGJ container-text text-embed\" id=\"element-body-13\">\n<p>El mega evento entre vi\u00f1edos incorpora <strong>m\u00fasica electr\u00f3nica<\/strong>, con la presentaci\u00f3n del Dj y productor de m\u00fasica house S\u00e9bastien L\u00e9ger. <\/p>\n<\/div>\n<div class=\"sc-98b114a2-0 bkqiHH image-embed  image-embed \" id=\"element-body-14\"><picture class=\"sc-98b114a2-1 jRUlDm\"><source media=\"(min-width: 975px)\" width=\"720\" height=\"480\" \/><img alt=\"Se presentar\u00e1 el DJ franc\u00e9s Sebastien L\u00e9ger.\" loading=\"lazy\" width=\"720\" height=\"480\" decoding=\"async\" data-nimg=\"1\" style=\"color:transparent\" src=\"https:\/\/13.com.ar\/wp-content\/uploads\/2025\/03\/1742808217_501_el-vino-y-la-musica-se-fusionan-para-recibir-a.jpg\"\/><span class=\"epigraphe\">Se presentar\u00e1 el DJ franc\u00e9s Sebastien L\u00e9ger.<\/span><span class=\"picture-open\"><button class=\"open-image\" aria-label=\"Open Image\"\/><\/span><\/picture><\/div>\n<div class=\"sc-80531b6b-0 chRIGJ container-text text-embed\" id=\"element-body-15\">\n<p>Otra de las figuras internacionales que participa es el reconocido m\u00fasico de blues estadounidense Lorenzo Thompson, quien estar\u00e1 acompa\u00f1ado por el guitarrista y productor brasile\u00f1o Bruno Marques.<\/p>\n<\/div>\n<div class=\"sc-80531b6b-0 chRIGJ container-text text-embed\" id=\"element-body-16\">\n<p>En la grilla de artistas nacionales del Wine Rock, <strong>har\u00e1 su debut El Kuelgue<\/strong>, la banda de Juli\u00e1n Kartun, con la presentaci\u00f3n de su \u00faltimo disco Hola Precioso.<\/p>\n<\/div>\n<div class=\"sc-80531b6b-0 chRIGJ container-text text-embed\" id=\"element-body-17\">\n<p>Conociendo Rusia es otro de los grandes invitados de la edici\u00f3n. El m\u00fasico Mateo Sujatovich regresa a Mendoza luego de su exitoso tour Jet Love y consagrarse con un premio Grammy Latino.<\/p>\n<\/div>\n<div class=\"sc-98b114a2-0 bkqiHH image-embed  image-embed \" id=\"element-body-18\"><picture class=\"sc-98b114a2-1 jRUlDm\"><source media=\"(min-width: 975px)\" width=\"720\" height=\"480\" \/><img alt=\"El Kuelgue, tendr\u00e1 su primera presentaci\u00f3n en el festival de fin de cosecha en Mendoza.\" loading=\"lazy\" width=\"720\" height=\"480\" decoding=\"async\" data-nimg=\"1\" style=\"color:transparent\" src=\"https:\/\/13.com.ar\/wp-content\/uploads\/2025\/03\/1742808217_639_el-vino-y-la-musica-se-fusionan-para-recibir-a.jpg\"\/><span class=\"epigraphe\">El Kuelgue, tendr\u00e1 su primera presentaci\u00f3n en el festival de fin de cosecha en Mendoza.<\/span><span class=\"picture-open\"><button class=\"open-image\" aria-label=\"Open Image\"\/><\/span><\/picture><\/div>\n<div class=\"sc-80531b6b-0 chRIGJ container-text text-embed\" id=\"element-body-19\">\n<p>En tanto, Javier Malosetti se presentar\u00e1 en formato power tr\u00edo con su nueva banda.<\/p>\n<\/div>\n<div class=\"sc-80531b6b-0 chRIGJ container-text text-embed\" id=\"element-body-20\">\n<p>El line up tendr\u00e1 dos figuras j\u00f3venes del pop rock nacional; la solista Chechi De Marcos, y el mendocino Feli Ruiz. Y el Jazz and Blues Club se completa con la presentaci\u00f3n de la cantante Denise Izaguirre y la Willy Blues Band.<\/p>\n<\/div>\n<div class=\"sc-80531b6b-0 chRIGJ container-text text-embed\" id=\"element-body-21\">\n<p>Los asistentes podr\u00e1n disfrutar de una <strong>selecci\u00f3n gastron\u00f3mica dise\u00f1ada para complementar la experiencia enotur\u00edstica<\/strong>, con los sabores m\u00e1s representativos de la regi\u00f3n y una amplia oferta de vinos que reflejan la esencia de Luj\u00e1n de Cuyo.<\/p>\n<\/div>\n<div class=\"sc-80531b6b-0 chRIGJ container-text text-embed\" id=\"element-body-22\">\n<p>Habr\u00e1 <strong>cata de vinos, maridaje <\/strong>con platos preparados para la ocasi\u00f3n, y experiencias inmersivas en el mundo del vino y la m\u00fasica. Las experiencias gratuitas requieren de una inscripci\u00f3n previa y para las pagas, los tickets se compran en Tuentrada.com.<\/p>\n<\/div>\n<div class=\"sc-98b114a2-0 bkqiHH image-embed  image-embed \" id=\"element-body-23\"><picture class=\"sc-98b114a2-1 jRUlDm\"><source media=\"(min-width: 975px)\" width=\"720\" height=\"480\" \/><img alt=\"Agustina de Alba, la conocida sommelier que har\u00e1 una cata dirigida.\" loading=\"lazy\" width=\"720\" height=\"480\" decoding=\"async\" data-nimg=\"1\" style=\"color:transparent\" src=\"https:\/\/13.com.ar\/wp-content\/uploads\/2025\/03\/1742808217_561_el-vino-y-la-musica-se-fusionan-para-recibir-a.jpg\"\/><span class=\"epigraphe\">Agustina de Alba, la conocida sommelier que har\u00e1 una cata dirigida.<\/span><span class=\"picture-open\"><button class=\"open-image\" aria-label=\"Open Image\"\/><\/span><\/picture><\/div>\n<div class=\"sc-80531b6b-0 chRIGJ container-text text-embed\" id=\"element-body-25\">\n<ul>\n<li>El valor de la entrada general para la el Wine Rock es de $ 89.600 (con servicio) con acceso a todos los shows, propuestas gastron\u00f3micas y experiencias art\u00edsticas. <\/li>\n<\/ul>\n<\/div>\n<div class=\"sc-80531b6b-0 chRIGJ container-text text-embed\" id=\"element-body-26\">\n<ul>\n<li>La entrada Vip vale $ 392.000 (con servicio), en un sector exclusivo con beneficios como gastronom\u00eda y bebida de cortes\u00eda, ba\u00f1os exclusivos, vista privilegiada a los escenarios y acceso a estacionamiento propio dentro del predio.<\/li>\n<\/ul>\n<\/div>\n<p><h2>M\u00fasica cl\u00e1sica en los vi\u00f1edos<\/h2>\n<\/p>\n<div class=\"sc-80531b6b-0 chRIGJ container-text text-embed\" id=\"element-body-28\">\n<p>El festival<strong> M\u00fasica Cl\u00e1sica por los Caminos del Vino 2025 <\/strong>celebrar\u00e1 su 25.\u00b0 aniversario, en diferentes locaciones ligadas al vino de Mendoza, <strong>desde el 12 hasta el 20 de abril, con motivo del fin de Semana Santa<\/strong>.<\/p>\n<\/div>\n<div class=\"sc-98b114a2-0 bkqiHH image-embed  image-embed \" id=\"element-body-29\"><picture class=\"sc-98b114a2-1 jRUlDm\"><source media=\"(min-width: 975px)\" width=\"720\" height=\"480\" \/><img alt=\"El Festival M\u00fasica Cl\u00e1sica en los Caminos del Vino suele coincidir con Semana Santa.\" loading=\"lazy\" width=\"720\" height=\"480\" decoding=\"async\" data-nimg=\"1\" style=\"color:transparent\" src=\"https:\/\/13.com.ar\/wp-content\/uploads\/2025\/03\/1742808217_299_el-vino-y-la-musica-se-fusionan-para-recibir-a.jpg\"\/><span class=\"epigraphe\">El Festival M\u00fasica Cl\u00e1sica en los Caminos del Vino suele coincidir con Semana Santa.<\/span><span class=\"picture-open\"><button class=\"open-image\" aria-label=\"Open Image\"\/><\/span><\/picture><\/div>\n<div class=\"sc-80531b6b-0 chRIGJ container-text text-embed\" id=\"element-body-30\">\n<p>El <strong>cl\u00e1sico espect\u00e1culo de oto\u00f1o es organizado por el Ente de Turismo y la Secretar\u00eda de Cultura de Mendoza<\/strong>.<\/p>\n<\/div>\n<div class=\"sc-80531b6b-0 chRIGJ container-text text-embed\" id=\"element-body-31\">\n<p>Esta edici\u00f3n ser\u00e1 en <strong>homenaje a los 500 a\u00f1os del nacimiento de Giovanni Pierluigi da Palestrina y el 340 aniversario de los nacimientos de Johann Sebastian Bach y Georg Friedrich H\u00e4ndel<\/strong>.<\/p>\n<\/div>\n<div class=\"sc-80531b6b-0 chRIGJ container-text text-embed\" id=\"element-body-32\">\n<p>Los artistas que participan son seleccionados a trav\u00e9s de una convocatoria p\u00fablica y abierta, hasta el viernes 28 de marzo de 2025.<\/p>\n<\/div>\n<div class=\"sc-98b114a2-0 bkqiHH image-embed  image-embed \" id=\"element-body-33\"><picture class=\"sc-98b114a2-1 jRUlDm\"><source media=\"(min-width: 975px)\" width=\"720\" height=\"480\" \/><img alt=\"La apertura del festival, el 10 de abril, ser\u00e1 en la Reserva Natural Villavicencio.\" loading=\"lazy\" width=\"720\" height=\"480\" decoding=\"async\" data-nimg=\"1\" style=\"color:transparent\" src=\"https:\/\/13.com.ar\/wp-content\/uploads\/2025\/03\/1742808217_314_el-vino-y-la-musica-se-fusionan-para-recibir-a.jpg\"\/><span class=\"epigraphe\">La apertura del festival, el 10 de abril, ser\u00e1 en la Reserva Natural Villavicencio.<\/span><span class=\"picture-open\"><button class=\"open-image\" aria-label=\"Open Image\"\/><\/span><\/picture><\/div>\n<div class=\"sc-80531b6b-0 chRIGJ container-text text-embed\" id=\"element-body-34\">\n<p>La <strong>grilla definitiva de conciertos (ser\u00e1n 100), la mayor\u00eda gratuitos, y sus locaciones <\/strong>(a Mendoza se suman tambi\u00e9n San Luis, San Juan y Chile)<strong>,<\/strong> se publicar\u00e1 la primera semana de abril en la p\u00e1gina oficial www.mendoza.gov.ar\/cultura.<\/p>\n<\/div>\n<\/div>\n<p><br \/>\n<br \/><a href=\"https:\/\/www.clarin.com\/viajes\/fin-cosecha-mendoza-vino-musica-fusionan-recibir-turistas_0_KpwPvs7StT.html\">Fuente Clarin.com <\/a><\/p>\n","protected":false},"excerpt":{"rendered":"<p>El fin de cosecha en Mendoza, con la cordillera de fondo y el impactante paisaje de vi\u00f1edos que abandonan el verde y pasan a tonos naranjas y amarillos, sirven de marco para grandes festivales de m\u00fasica al aire libre. El comienzo del oto\u00f1o en la regi\u00f3n de Cuyo, con la mayor\u00eda de sus d\u00edas soleados [&hellip;]<\/p>\n","protected":false},"author":1,"featured_media":14523,"comment_status":"open","ping_status":"open","sticky":false,"template":"","format":"standard","meta":{"footnotes":""},"categories":[2],"tags":[1114,28,175,16,1907,1337,6145],"class_list":["post-14522","post","type-post","status-publish","format-standard","has-post-thumbnail","hentry","category-ultimas-noticias","tag-fusionan","tag-los","tag-musica","tag-para","tag-recibir","tag-turistas","tag-vino"],"_links":{"self":[{"href":"https:\/\/13.com.ar\/index.php\/wp-json\/wp\/v2\/posts\/14522","targetHints":{"allow":["GET"]}}],"collection":[{"href":"https:\/\/13.com.ar\/index.php\/wp-json\/wp\/v2\/posts"}],"about":[{"href":"https:\/\/13.com.ar\/index.php\/wp-json\/wp\/v2\/types\/post"}],"author":[{"embeddable":true,"href":"https:\/\/13.com.ar\/index.php\/wp-json\/wp\/v2\/users\/1"}],"replies":[{"embeddable":true,"href":"https:\/\/13.com.ar\/index.php\/wp-json\/wp\/v2\/comments?post=14522"}],"version-history":[{"count":0,"href":"https:\/\/13.com.ar\/index.php\/wp-json\/wp\/v2\/posts\/14522\/revisions"}],"wp:featuredmedia":[{"embeddable":true,"href":"https:\/\/13.com.ar\/index.php\/wp-json\/wp\/v2\/media\/14523"}],"wp:attachment":[{"href":"https:\/\/13.com.ar\/index.php\/wp-json\/wp\/v2\/media?parent=14522"}],"wp:term":[{"taxonomy":"category","embeddable":true,"href":"https:\/\/13.com.ar\/index.php\/wp-json\/wp\/v2\/categories?post=14522"},{"taxonomy":"post_tag","embeddable":true,"href":"https:\/\/13.com.ar\/index.php\/wp-json\/wp\/v2\/tags?post=14522"}],"curies":[{"name":"wp","href":"https:\/\/api.w.org\/{rel}","templated":true}]}}