{"id":1449,"date":"2025-02-02T21:00:46","date_gmt":"2025-02-03T00:00:46","guid":{"rendered":"https:\/\/13.com.ar\/index.php\/ayer-saliste-a-la-calle-a-defender-derechos-mientras-el-derecho-a-la-vida-esta-a-la-deriva-en-la-provincia\/"},"modified":"2025-02-02T21:00:46","modified_gmt":"2025-02-03T00:00:46","slug":"ayer-saliste-a-la-calle-a-defender-derechos-mientras-el-derecho-a-la-vida-esta-a-la-deriva-en-la-provincia","status":"publish","type":"post","link":"https:\/\/13.com.ar\/index.php\/ayer-saliste-a-la-calle-a-defender-derechos-mientras-el-derecho-a-la-vida-esta-a-la-deriva-en-la-provincia\/","title":{"rendered":"Ayer saliste a la calle a defender &#8216;derechos&#8217;, mientras el derecho a la vida est\u00e1 a la deriva en la Provincia"},"content":{"rendered":"<p> <br \/>\n<br \/><img decoding=\"async\" src=\"https:\/\/13.com.ar\/wp-content\/uploads\/2025\/02\/Ayer-saliste-a-la-calle-a-defender-derechos-mientras-el.jpg\" \/><\/p>\n<div>\n<p>Patricia Bullrich se hizo eco de los \u00faltimos hechos de inseguridad en el Conurbano y aprovech\u00f3 la circunstancia para salir <strong>al cruce de Axel Kicillof<\/strong> por su participaci\u00f3n en la marcha LGTB convocada en repudio a los dichos de Javier Milei contra los homosexuales durante su participaci\u00f3n en el Foro de Davos. <strong>\u201cSaliste a la calle a defender &#8216;derechos&#8217;, mientras el derecho a la vida est\u00e1 a la deriva en la Provincia&#8221;<\/strong>, le apunt\u00f3 la ministra de Seguridad al gobernador.<\/p>\n<\/div>\n<div>\n<p><strong>\u201cAyer saliste a la calle a defender &#8216;derechos&#8217;, mientras los derechos m\u00e1s b\u00e1sicos, como el derecho a la vida, est\u00e1n a la deriva en la Provincia\u201d,<\/strong> escribi\u00f3 la ministra de Seguridad en el mensaje que ten\u00eda como destinatario a Kicillof. Sostuvo a su vez que mientras el gobernador participaba de la masiva movilizaci\u00f3n en la Ciudad de Buenos Aires, \u201cPaloma y Josu\u00e9 fueron encontrados muertos el s\u00e1bado&#8221;.<\/p>\n<\/div>\n<div>\n<p>La ministra inst\u00f3 al gobernador a que se concentre porque, afirm\u00f3, &#8220;los j\u00f3venes de la Provincia sufren el abandono\u201d y \u00e9l se enfoca, enfatiz\u00f3,<strong> \u201cen luchas ideol\u00f3gicas mientras ellos siguen padeciendo\u201d.<\/strong><\/p>\n<\/div>\n<div>\n<p>Y en una chicana por la interna que atraviesa el kirchnerismo por la sucesi\u00f3n de liderazgo, con La C\u00e1mpora y Cristina Kirchner por un lado, y Kicillof y sus funcionarios m\u00e1s leales por el otro, afirm\u00f3: \u201cLos j\u00f3venes muertos en la Provincia son cosa de todos los d\u00edas. <strong>Pens\u00e1 menos en tu competencia pol\u00edtica con Cristina y m\u00e1s en la tarea de gobernar<\/strong>\u201d.<\/p>\n<\/div>\n<div>\n<p>&#8220;Tantas vidas sacrificadas a tu desidia. Con nosotros, el que las hace, las paga. Sea delincuente o gobernador\u201d, coment\u00f3 en un fuerte cierre donde, desde lo ret\u00f3rico, compar\u00f3 a los delincuentes con Kicillof.<\/p>\n<\/div>\n<div>\n<p>Bullrich fue, as\u00ed, la primera en salir a hablar de manera expl\u00edcita sobre la movilizaci\u00f3n sucedida el \u00faltimo s\u00e1bado, que reuni\u00f3 a las organizaciones LGTB, sindicalistas, partidos pol\u00edticos, dirigentes que concurrieron por motus propio y organizaciones sociales. <\/p>\n<\/div>\n<div>\n<p><strong>&#8220;Me apena mucho que hayan sido usados por las basuras del Partido del Estado mediante un video que fue editado, cuando la versi\u00f3n completa del mensaje no brinda lugar a la dudas&#8221;,<\/strong> le respondi\u00f3 Milei de manera escueta y sin hacer referencia precisa a la movilizaci\u00f3n.<\/p>\n<\/div>\n<p><br \/>\n<br \/><a href=\"https:\/\/www.clarin.com\/politica\/patricia-bullrich-cruzo-kicillof-inseguridad-ayer-saliste-calle-defender-derechos-derecho-vida-deriva-provincia_0_qRjB0WKdKD.html\">Fuente Clarin.com <\/a><\/p>\n","protected":false},"excerpt":{"rendered":"<p>Patricia Bullrich se hizo eco de los \u00faltimos hechos de inseguridad en el Conurbano y aprovech\u00f3 la circunstancia para salir al cruce de Axel Kicillof por su participaci\u00f3n en la marcha LGTB convocada en repudio a los dichos de Javier Milei contra los homosexuales durante su participaci\u00f3n en el Foro de Davos. \u201cSaliste a la [&hellip;]<\/p>\n","protected":false},"author":1,"featured_media":1450,"comment_status":"open","ping_status":"open","sticky":false,"template":"","format":"standard","meta":{"footnotes":""},"categories":[2],"tags":[3095,520,2103,2936,3097,3098,300,57,490,3096,113],"class_list":["post-1449","post","type-post","status-publish","format-standard","has-post-thumbnail","hentry","category-ultimas-noticias","tag-ayer","tag-calle","tag-defender","tag-derecho","tag-derechos","tag-deriva","tag-esta","tag-mientras","tag-provincia","tag-saliste","tag-vida"],"_links":{"self":[{"href":"https:\/\/13.com.ar\/index.php\/wp-json\/wp\/v2\/posts\/1449","targetHints":{"allow":["GET"]}}],"collection":[{"href":"https:\/\/13.com.ar\/index.php\/wp-json\/wp\/v2\/posts"}],"about":[{"href":"https:\/\/13.com.ar\/index.php\/wp-json\/wp\/v2\/types\/post"}],"author":[{"embeddable":true,"href":"https:\/\/13.com.ar\/index.php\/wp-json\/wp\/v2\/users\/1"}],"replies":[{"embeddable":true,"href":"https:\/\/13.com.ar\/index.php\/wp-json\/wp\/v2\/comments?post=1449"}],"version-history":[{"count":0,"href":"https:\/\/13.com.ar\/index.php\/wp-json\/wp\/v2\/posts\/1449\/revisions"}],"wp:featuredmedia":[{"embeddable":true,"href":"https:\/\/13.com.ar\/index.php\/wp-json\/wp\/v2\/media\/1450"}],"wp:attachment":[{"href":"https:\/\/13.com.ar\/index.php\/wp-json\/wp\/v2\/media?parent=1449"}],"wp:term":[{"taxonomy":"category","embeddable":true,"href":"https:\/\/13.com.ar\/index.php\/wp-json\/wp\/v2\/categories?post=1449"},{"taxonomy":"post_tag","embeddable":true,"href":"https:\/\/13.com.ar\/index.php\/wp-json\/wp\/v2\/tags?post=1449"}],"curies":[{"name":"wp","href":"https:\/\/api.w.org\/{rel}","templated":true}]}}