{"id":1447,"date":"2025-02-02T20:56:54","date_gmt":"2025-02-02T23:56:54","guid":{"rendered":"https:\/\/13.com.ar\/index.php\/quienes-eran-paloma-gallardo-y-josue-salvatierra-los-dos-adolescentes-asesinados-en-florencio-varela\/"},"modified":"2025-02-02T20:56:54","modified_gmt":"2025-02-02T23:56:54","slug":"quienes-eran-paloma-gallardo-y-josue-salvatierra-los-dos-adolescentes-asesinados-en-florencio-varela","status":"publish","type":"post","link":"https:\/\/13.com.ar\/index.php\/quienes-eran-paloma-gallardo-y-josue-salvatierra-los-dos-adolescentes-asesinados-en-florencio-varela\/","title":{"rendered":"Qui\u00e9nes eran Paloma Gallardo y Josu\u00e9 Salvatierra, los dos adolescentes asesinados en Florencio Varela"},"content":{"rendered":"<p> <br \/>\n<\/p>\n<div id=\"cuerpo\">\n<div class=\"sc-80531b6b-0 chRIGJ container-text text-embed\">\n<p>El jueves 30 de enero, Paloma le dijo a su pap\u00e1 que se iba al gimnasio, pero nunca regres\u00f3. Tampoco su compa\u00f1ero de escuela y de andanzas, Josu\u00e9. <\/p>\n<\/div>\n<div class=\"sc-80531b6b-0 chRIGJ container-text text-embed\">\n<p>En las \u00faltimas horas los cuerpos de los dos chicos fueron encontrados en un descampado en <strong>Bosques<\/strong>, en Florencio Varela. Los <strong>mataron para robarles<\/strong> lo poco que ten\u00edan, seg\u00fan la investigaci\u00f3n.<\/p>\n<\/div>\n<div class=\"sc-80531b6b-0 chRIGJ container-text text-embed\">\n<p><strong>Paloma Abigail Gallardo<\/strong> naci\u00f3 el 7 de mayo de 2008. Ten\u00eda 16 a\u00f1os. <strong>Josu\u00e9 Salvatierra <\/strong>naci\u00f3 el 31 de diciembre de 2010. Ten\u00eda 14. Hab\u00edan forjado una estrecha relaci\u00f3n, una amistad que los llevaba juntos a todos lados. Se conocieron en la escuela secundaria 63 de Bosques. Ella era alumna regular de quinto a\u00f1o y \u00e9l cursaba segundo a\u00f1o.<\/p>\n<\/div>\n<div class=\"sc-80531b6b-0 chRIGJ container-text text-embed\">\n<p>Iban al mismo gimnasio, ubicado en Marcos Paz y Cramer y compart\u00edan las tardes caminando. Uno de los lugares por los que paseaban era un descampado, ubicado en Avenida Calchaqu\u00ed y Capdevilla. <\/p>\n<\/div>\n<div class=\"sc-80531b6b-0 chRIGJ container-text text-embed\">\n<p>El predio tiene varias hect\u00e1reas donde hay una antena telef\u00f3nica, est\u00e1 el puente de Bosques y linda con la f\u00e1brica de Bater\u00edas Champion. Pero tambi\u00e9n es un lugar que da cobijo a personas en situaci\u00f3n de calle y a delincuentes.<\/p>\n<\/div>\n<div class=\"sc-80531b6b-0 chRIGJ container-text text-embed\">\n<p>Hija de una familia constituida y presente, Paloma ten\u00eda un hermano mayor, Santiago. <strong>Su hobbie era la costura<\/strong>. Sus padres, Alicia Pita y Omar Gallardo, transmiten ense\u00f1anzas de fe cristiana en un programa de <em>streaming <\/em>en <em>YouTube<\/em>. <\/p>\n<\/div>\n<div class=\"sc-80531b6b-0 chRIGJ container-text text-embed\">\n<p>Y este mediod\u00eda, utilizaron el espacio para expresar su profundo dolor por la p\u00e9rdida de su hija y relataron las horas de angustia que vivieron durante los dos d\u00edas de b\u00fasqueda.<\/p>\n<\/div>\n<div class=\"sc-198be8ec-0 cynXbu image-embed  image-embed \"><picture class=\"sc-198be8ec-1 kOjRiQ\"><source media=\"(min-width: 975px)\" width=\"720\" height=\"480\" \/><img alt=\"Josu\u00e9 Salvatierra y Paloma Gallardo fueron hallados muertos en Florencio Varela.\" loading=\"lazy\" width=\"720\" height=\"480\" decoding=\"async\" data-nimg=\"1\" style=\"color:transparent\" src=\"https:\/\/13.com.ar\/wp-content\/uploads\/2025\/02\/Quienes-eran-Paloma-Gallardo-y-Josue-Salvatierra-los-dos-adolescentes.jpg\"\/><span class=\"epigraphe\">Josu\u00e9 Salvatierra y Paloma Gallardo fueron hallados muertos en Florencio Varela.<\/span><span class=\"bkg\"\/><span class=\"picture-open\"><button class=\"open-image\" aria-label=\"Open Image\"\/><\/span><\/picture><\/div>\n<div class=\"sc-80531b6b-0 chRIGJ container-text text-embed\">\n<p>&#8220;<em>Paloma <\/em><strong><em>sali\u00f3 con su ropa puesta y una botella de agua<\/em><\/strong><em>, pensando en volver pronto. No llevaba nada m\u00e1s porque no ten\u00eda planeado no volver. Ellos no se fueron de sus casas, no abandonaron a sus familias, no fue una aventura juvenil. Fueron v\u00edctimas de la delincuencia inmunda<\/em>\u201d, explic\u00f3 Alicia.<\/p>\n<\/div>\n<div class=\"sc-80531b6b-0 chRIGJ container-text text-embed\">\n<p>Y agreg\u00f3: \u201c<em>Estamos con el coraz\u00f3n roto, pero enteros y firmes en Cristo (&#8230;) Nunca sabemos cu\u00e1ndo nos puede tocar, tenemos que estar listos<\/em>\u201d.<\/p>\n<\/div>\n<div class=\"sc-80531b6b-0 chRIGJ container-text text-embed\">\n<p>En las \u00faltimas im\u00e1genes con vida de Josu\u00e9 que muestra <em>GoogleMaps<\/em>, puede verse al joven meses antes del crimen en el mismo lugar donde fue hallado.<\/p>\n<\/div>\n<div class=\"sc-80531b6b-0 chRIGJ container-text text-embed\">\n<p>Seg\u00fan cont\u00f3 al medio <em>A24 <\/em>Marina, una vecina de la zona y testigo del macabro hallazgo, fue <strong>un ni\u00f1o el que localiz\u00f3 los cuerpos de los adolescentes<\/strong> y les avis\u00f3 a sus familiares, que dieron alerta a las autoridades policiales y de seguridad.<\/p>\n<\/div>\n<div class=\"sc-80531b6b-0 chRIGJ container-text text-embed\">\n<p>El caso gener\u00f3 una fuerte indignaci\u00f3n entre los vecinos quienes protestaron en el lugar, cortaron la ruta 36 y quemaron gomas y pastizales para reclamar mayor seguridad en la zona. En medio de un clima de tensi\u00f3n, hubo un fuerte despliegue de polic\u00edas.<\/p>\n<\/div>\n<\/div>\n<p><br \/>\n<br \/><a href=\"https:\/\/www.clarin.com\/policiales\/paloma-gallardo-josue-salvatierra-adolescentes-asesinados-florencio-varela_0_dPKiN91a2f.html\">Fuente Clarin.com <\/a><\/p>\n","protected":false},"excerpt":{"rendered":"<p>El jueves 30 de enero, Paloma le dijo a su pap\u00e1 que se iba al gimnasio, pero nunca regres\u00f3. Tampoco su compa\u00f1ero de escuela y de andanzas, Josu\u00e9. En las \u00faltimas horas los cuerpos de los dos chicos fueron encontrados en un descampado en Bosques, en Florencio Varela. Los mataron para robarles lo poco que [&hellip;]<\/p>\n","protected":false},"author":1,"featured_media":1448,"comment_status":"open","ping_status":"open","sticky":false,"template":"","format":"standard","meta":{"footnotes":""},"categories":[2],"tags":[2943,3092,59,1785,3093,3089,3090,28,3088,1784,3091,3094],"class_list":["post-1447","post","type-post","status-publish","format-standard","has-post-thumbnail","hentry","category-ultimas-noticias","tag-adolescentes","tag-asesinados","tag-dos","tag-eran","tag-florencio","tag-gallardo","tag-josue","tag-los","tag-paloma","tag-quienes","tag-salvatierra","tag-varela"],"_links":{"self":[{"href":"https:\/\/13.com.ar\/index.php\/wp-json\/wp\/v2\/posts\/1447","targetHints":{"allow":["GET"]}}],"collection":[{"href":"https:\/\/13.com.ar\/index.php\/wp-json\/wp\/v2\/posts"}],"about":[{"href":"https:\/\/13.com.ar\/index.php\/wp-json\/wp\/v2\/types\/post"}],"author":[{"embeddable":true,"href":"https:\/\/13.com.ar\/index.php\/wp-json\/wp\/v2\/users\/1"}],"replies":[{"embeddable":true,"href":"https:\/\/13.com.ar\/index.php\/wp-json\/wp\/v2\/comments?post=1447"}],"version-history":[{"count":0,"href":"https:\/\/13.com.ar\/index.php\/wp-json\/wp\/v2\/posts\/1447\/revisions"}],"wp:featuredmedia":[{"embeddable":true,"href":"https:\/\/13.com.ar\/index.php\/wp-json\/wp\/v2\/media\/1448"}],"wp:attachment":[{"href":"https:\/\/13.com.ar\/index.php\/wp-json\/wp\/v2\/media?parent=1447"}],"wp:term":[{"taxonomy":"category","embeddable":true,"href":"https:\/\/13.com.ar\/index.php\/wp-json\/wp\/v2\/categories?post=1447"},{"taxonomy":"post_tag","embeddable":true,"href":"https:\/\/13.com.ar\/index.php\/wp-json\/wp\/v2\/tags?post=1447"}],"curies":[{"name":"wp","href":"https:\/\/api.w.org\/{rel}","templated":true}]}}