{"id":1443,"date":"2025-02-02T20:26:29","date_gmt":"2025-02-02T23:26:29","guid":{"rendered":"https:\/\/13.com.ar\/index.php\/tamara-pettinato-y-un-sorpresivo-cambio-de-look-irreconocible\/"},"modified":"2025-02-02T20:26:29","modified_gmt":"2025-02-02T23:26:29","slug":"tamara-pettinato-y-un-sorpresivo-cambio-de-look-irreconocible","status":"publish","type":"post","link":"https:\/\/13.com.ar\/index.php\/tamara-pettinato-y-un-sorpresivo-cambio-de-look-irreconocible\/","title":{"rendered":"Tamara Pettinato y un sorpresivo cambio de look: &#8220;Irreconocible&#8221;"},"content":{"rendered":"<p> <br \/>\n<br \/><img decoding=\"async\" src=\"https:\/\/13.com.ar\/wp-content\/uploads\/2025\/02\/Tamara-Pettinato-y-un-sorpresivo-cambio-de-look-Irreconocible.jpg\" \/><\/p>\n<div>\n<p><strong>Tamara Pettinato<\/strong> (40) decidi\u00f3 pasar por la peluquer\u00eda y pedir un rotundo cambio de look.<\/p>\n<\/div>\n<div>\n<p>En sus redes, la medi\u00e1tica comparti\u00f3 un video y mostr\u00f3 el paso a paso de su cambio de color de pelo: <strong>pas\u00f3 de morocha a rubia platinada.<\/strong><\/p>\n<\/div>\n<div>\n<p><strong>&#8220;Un peque\u00f1o cambio de look. <\/strong>El barrido llev\u00f3 muchas horas y Rodri me quiso matar si&#8230; pero pod\u00e9s salir ilesa de una decisi\u00f3n as\u00ed&#8221;, escribi\u00f3 Tamara en su posteo en Instagram, donde acumula m\u00e1s de 320 mil seguidores.<\/p>\n<\/div>\n<div>\n<p>Luego de hacer menci\u00f3n y agradecer a su peluquero y a la peluquer\u00eda, la medi\u00e1tica sum\u00f3:<strong> &#8220;\u00bfSiempre despu\u00e9s de una crisis viene una tocada de pelo? En mi caso si&#8221;.<\/strong><\/p>\n<\/div>\n<div>\n<p>La hija de Roberto Pettinato complet\u00f3 su posteo con una selfie frente al espejo mostrando su nuevo look. Sonriente, dej\u00f3 ver su cabellera rubia.<\/p>\n<\/div>\n<div>\n<p>En los comentarios, Tamara recibi\u00f3 un gran n\u00famero de elogios por su cambio de look de parte de sus seguidores, pero tambi\u00e9n acumul\u00f3 varias cuestionamientos, principalmente recordando su relaci\u00f3n con el ex presidente.<\/p>\n<\/div>\n<div>\n<p><strong>&#8220;Irreconocible&#8221;<\/strong>, le escribi\u00f3 un usuario en su publicaci\u00f3n. Otros expresaron: &#8220;Amo q volviste a tu escencia rubia&#8221;, &#8220;Preciosa&#8221;, &#8220;Hermosa como siempre&#8221;, &#8220;Ummm no,te queda mejor el casta\u00f1o&#8221;, &#8220;Noooooo!si estabas re bonita!&#8221;, &#8220;Me encanta escorpiana favorita. Amo como te queda el rubio&#8221; y &#8220;La mejor tercera dama del planeta&#8221;, fueron algunos de los comentarios que le dejaron.<\/p>\n<\/div>\n<div>\n<p>No es la primera vez que Tamara se anima a la cabellera blonda. <\/p>\n<\/div>\n<div>\n<p>A\u00f1os atr\u00e1s tambi\u00e9n luci\u00f3 por un tiempo un tono similar, antes de volver a su melena casta\u00f1a natural.<\/p>\n<\/div>\n<p><br \/>\n<br \/><a href=\"https:\/\/www.clarin.com\/fama\/tamara-pettinato-sorpresivo-cambio-look-irreconocible_0_ZOlUSk00WT.html\">Fuente Clarin.com <\/a><\/p>\n","protected":false},"excerpt":{"rendered":"<p>Tamara Pettinato (40) decidi\u00f3 pasar por la peluquer\u00eda y pedir un rotundo cambio de look. En sus redes, la medi\u00e1tica comparti\u00f3 un video y mostr\u00f3 el paso a paso de su cambio de color de pelo: pas\u00f3 de morocha a rubia platinada. &#8220;Un peque\u00f1o cambio de look. El barrido llev\u00f3 muchas horas y Rodri me [&hellip;]<\/p>\n","protected":false},"author":1,"featured_media":1444,"comment_status":"open","ping_status":"open","sticky":false,"template":"","format":"standard","meta":{"footnotes":""},"categories":[2],"tags":[809,3087,3085,3086,3084],"class_list":["post-1443","post","type-post","status-publish","format-standard","has-post-thumbnail","hentry","category-ultimas-noticias","tag-cambio","tag-irreconocible","tag-pettinato","tag-sorpresivo","tag-tamara"],"_links":{"self":[{"href":"https:\/\/13.com.ar\/index.php\/wp-json\/wp\/v2\/posts\/1443","targetHints":{"allow":["GET"]}}],"collection":[{"href":"https:\/\/13.com.ar\/index.php\/wp-json\/wp\/v2\/posts"}],"about":[{"href":"https:\/\/13.com.ar\/index.php\/wp-json\/wp\/v2\/types\/post"}],"author":[{"embeddable":true,"href":"https:\/\/13.com.ar\/index.php\/wp-json\/wp\/v2\/users\/1"}],"replies":[{"embeddable":true,"href":"https:\/\/13.com.ar\/index.php\/wp-json\/wp\/v2\/comments?post=1443"}],"version-history":[{"count":0,"href":"https:\/\/13.com.ar\/index.php\/wp-json\/wp\/v2\/posts\/1443\/revisions"}],"wp:featuredmedia":[{"embeddable":true,"href":"https:\/\/13.com.ar\/index.php\/wp-json\/wp\/v2\/media\/1444"}],"wp:attachment":[{"href":"https:\/\/13.com.ar\/index.php\/wp-json\/wp\/v2\/media?parent=1443"}],"wp:term":[{"taxonomy":"category","embeddable":true,"href":"https:\/\/13.com.ar\/index.php\/wp-json\/wp\/v2\/categories?post=1443"},{"taxonomy":"post_tag","embeddable":true,"href":"https:\/\/13.com.ar\/index.php\/wp-json\/wp\/v2\/tags?post=1443"}],"curies":[{"name":"wp","href":"https:\/\/api.w.org\/{rel}","templated":true}]}}