{"id":14410,"date":"2025-03-23T16:00:31","date_gmt":"2025-03-23T19:00:31","guid":{"rendered":"https:\/\/13.com.ar\/index.php\/a-que-hora-es-el-eclipse-solar-de-marzo-2025\/"},"modified":"2025-03-23T16:00:31","modified_gmt":"2025-03-23T19:00:31","slug":"a-que-hora-es-el-eclipse-solar-de-marzo-2025","status":"publish","type":"post","link":"https:\/\/13.com.ar\/index.php\/a-que-hora-es-el-eclipse-solar-de-marzo-2025\/","title":{"rendered":"A qu\u00e9 hora es el eclipse solar de marzo 2025"},"content":{"rendered":"<p> <br \/>\n<br \/><img decoding=\"async\" src=\"https:\/\/13.com.ar\/wp-content\/uploads\/2025\/03\/A-que-hora-es-el-eclipse-solar-de-marzo-2025.jpg\" \/><\/p>\n<div id=\"element-body-0\">\n<p>Este <strong>s\u00e1bado 29 de enero<\/strong>, el cielo nos regalar\u00e1 un <strong>eclipse solar<\/strong>, el primero de este tipo en el a\u00f1o y el segundo de la temporada de eclipses 2025. <\/p>\n<\/div>\n<div id=\"element-body-1\">\n<p>En esta oportunidad, ser\u00e1 un <strong>eclipse solar parcial<\/strong> que ser\u00e1 visible desde varias <strong>regiones<\/strong> del hemisferio norte de nuestro planeta Tierra.<\/p>\n<\/div>\n<div id=\"element-body-2\">\n<p>As\u00ed, podr\u00e1 verse en \u00e1reas del este de <strong>Am\u00e9rica del norte<\/strong>, <strong>Europa<\/strong>, <strong>\u00c1frica<\/strong>, el norte de <strong>Asia<\/strong>, una muy peque\u00f1a zona del <strong>extremo este de Sudam\u00e9rica<\/strong>, <strong>Groenlandia e Islandia<\/strong>, y una gran parte de los oc\u00e9anos<strong> Atl\u00e1ntico y \u00c1rtico<\/strong>. <\/p>\n<\/div>\n<div id=\"element-body-3\">\n<p>Quienes no se encuentren all\u00ed, podr\u00e1n seguir la <strong>transmisi\u00f3n online en vivo<\/strong> del fen\u00f3meno astron\u00f3mico.<\/p>\n<\/div>\n<div id=\"element-body-5\">\n<p>De acuerdo a lo que explica la <strong>NASA<\/strong>, el eclipse solar se ver\u00e1 en estas diferentes ciudades este 29 de marzo:<\/p>\n<\/div>\n<div id=\"element-body-9\">\n<p>El eclipse comenzar\u00e1 a las <strong>08:50 (TU). <\/strong>Esto es: <\/p>\n<\/div>\n<div id=\"element-body-11\">\n<p>El eclipse finalizar\u00e1 a las <strong>12:43 (TU)<\/strong>. Esto es:<\/p>\n<\/div>\n<div id=\"element-body-13\">\n<p>El momento m\u00e1ximo del eclipse ser\u00e1 a las <strong>10:47 (TU)<\/strong>, cuando el <strong>0.93 del di\u00e1metro del Sol est\u00e9 oscurecido<\/strong>. Esto es: <\/p>\n<\/div>\n<div id=\"element-body-16\">\n<p>Un <strong>eclipse solar <\/strong>ocurre cuando la <strong>Luna se interpone entre el Sol y la Tierra<\/strong>, y bloquea la luz solar, lo que provoca que su <strong>sombra<\/strong> se proyecte sobre nuestro  planeta. <\/p>\n<\/div>\n<div id=\"element-body-18\">\n<p>Durante este fen\u00f3meno, la <strong>Luna pasa frente al Sol<\/strong> y provoca el oscurecimiento del cielo en pleno d\u00eda.<\/p>\n<\/div>\n<div id=\"element-body-19\">\n<p>Existen <strong>tres tipos diferentes de eclipses solares<\/strong>. En particular, un eclipse solar parcial como este se da cuando la <strong>Luna no recubre por completo al sol. <\/strong>Se producen al menos dos veces por a\u00f1o tambi\u00e9n en algunas regiones del planeta. A la vista, aparece como una media Luna brillante.<\/p>\n<\/div>\n<p><br \/>\n<br \/><a href=\"https:\/\/www.clarin.com\/internacional\/hora-eclipse-solar-marzo-2025_0_94zyDzgAtt.html\">Fuente Clarin.com <\/a><\/p>\n","protected":false},"excerpt":{"rendered":"<p>Este s\u00e1bado 29 de enero, el cielo nos regalar\u00e1 un eclipse solar, el primero de este tipo en el a\u00f1o y el segundo de la temporada de eclipses 2025. En esta oportunidad, ser\u00e1 un eclipse solar parcial que ser\u00e1 visible desde varias regiones del hemisferio norte de nuestro planeta Tierra. As\u00ed, podr\u00e1 verse en \u00e1reas [&hellip;]<\/p>\n","protected":false},"author":1,"featured_media":14411,"comment_status":"open","ping_status":"open","sticky":false,"template":"","format":"standard","meta":{"footnotes":""},"categories":[2],"tags":[11306,713,3073,286,9750],"class_list":["post-14410","post","type-post","status-publish","format-standard","has-post-thumbnail","hentry","category-ultimas-noticias","tag-eclipse","tag-hora","tag-marzo","tag-que","tag-solar"],"_links":{"self":[{"href":"https:\/\/13.com.ar\/index.php\/wp-json\/wp\/v2\/posts\/14410","targetHints":{"allow":["GET"]}}],"collection":[{"href":"https:\/\/13.com.ar\/index.php\/wp-json\/wp\/v2\/posts"}],"about":[{"href":"https:\/\/13.com.ar\/index.php\/wp-json\/wp\/v2\/types\/post"}],"author":[{"embeddable":true,"href":"https:\/\/13.com.ar\/index.php\/wp-json\/wp\/v2\/users\/1"}],"replies":[{"embeddable":true,"href":"https:\/\/13.com.ar\/index.php\/wp-json\/wp\/v2\/comments?post=14410"}],"version-history":[{"count":0,"href":"https:\/\/13.com.ar\/index.php\/wp-json\/wp\/v2\/posts\/14410\/revisions"}],"wp:featuredmedia":[{"embeddable":true,"href":"https:\/\/13.com.ar\/index.php\/wp-json\/wp\/v2\/media\/14411"}],"wp:attachment":[{"href":"https:\/\/13.com.ar\/index.php\/wp-json\/wp\/v2\/media?parent=14410"}],"wp:term":[{"taxonomy":"category","embeddable":true,"href":"https:\/\/13.com.ar\/index.php\/wp-json\/wp\/v2\/categories?post=14410"},{"taxonomy":"post_tag","embeddable":true,"href":"https:\/\/13.com.ar\/index.php\/wp-json\/wp\/v2\/tags?post=14410"}],"curies":[{"name":"wp","href":"https:\/\/api.w.org\/{rel}","templated":true}]}}