{"id":1441,"date":"2025-02-02T20:23:26","date_gmt":"2025-02-02T23:23:26","guid":{"rendered":"https:\/\/13.com.ar\/index.php\/hubo-una-manifestacion-en-el-estadio-y-las-redes-estan-al-rojo-vivo\/"},"modified":"2025-02-02T20:23:26","modified_gmt":"2025-02-02T23:23:26","slug":"hubo-una-manifestacion-en-el-estadio-y-las-redes-estan-al-rojo-vivo","status":"publish","type":"post","link":"https:\/\/13.com.ar\/index.php\/hubo-una-manifestacion-en-el-estadio-y-las-redes-estan-al-rojo-vivo\/","title":{"rendered":"hubo una manifestaci\u00f3n en el estadio y las redes est\u00e1n al rojo vivo"},"content":{"rendered":"<p> <br \/>\n<br \/><img decoding=\"async\" src=\"https:\/\/13.com.ar\/wp-content\/uploads\/2025\/02\/hubo-una-manifestacion-en-el-estadio-y-las-redes-estan.jpg\" \/><\/p>\n<div id=\"cuerpo\">\n<div class=\"sc-80531b6b-0 chRIGJ container-text text-embed\">\n<p>El traspaso de <strong>Luka Doncic<\/strong> a <strong>Los Angeles Lakers<\/strong>, en un &#8220;trueque&#8221; que llevar\u00e1 a <strong>Anthony Davis<\/strong> a los <strong>Mavericks<\/strong>, dej\u00f3 en shock a la <strong>NBA <\/strong>y al deporte estadounidense. Y gener\u00f3 una enorme indignaci\u00f3n entre los fan\u00e1ticos de Dallas, que le hicieron sentir a la franquicia texana su enojo por la salida de su gran estrella, a trav\u00e9s de las redes sociales, en las que el equipo sufri\u00f3 un masivo \u00e9xodo de seguidores, y tambi\u00e9n afuera del <strong><em>American Airlines Center<\/em><\/strong>. <\/p>\n<\/div>\n<div class=\"sc-80531b6b-0 chRIGJ container-text text-embed\">\n<p>&#8220;El peor traspaso en la historia de la NBA&#8221;. &#8220;Nico es corrupto&#8221;. &#8220;Estoy enfermo&#8221;. &#8220;Exigimos respuestas&#8221;. &#8220;Despidan a Nico&#8221;. Los carteles de los hinchas texanos que se acercaron este domingo al estadio ubicado en el barrio <strong>Victory Park<\/strong>, en el centro de Dallas, no dejaron dudas sobre lo que pensaban sobre el arreglo que se confirm\u00f3 el s\u00e1bado a la noche y que tom\u00f3 por sorpresa a todos, incluso a los jugadores involucrados. Hasta hubo algunos fan\u00e1ticos que se acercaron al lugar con un ata\u00fad con el logo del equipo estampado arriba e improvisaron una especie de funeral.<\/p>\n<\/div>\n<div class=\"sc-80531b6b-0 chRIGJ container-text text-embed\">\n<p>A los pies de la estatua de <strong>Dirk Nowitzki<\/strong>, que se levanta frente al estadio, muchos dejaron tambi\u00e9n pancartas y mensajes, junto a velas y un ramo de flores. Desde insultos dur\u00edsimos para <strong>Nico Harrison<\/strong>, el gerente general de los Mavs -&#8220;Nico y Dumont (Patrick, copropietario del equipo) traicionaron a Dallas. Que ardan en el infierno&#8221;- y reclamos por la falta de &#8220;lealtad&#8221; hacia sus fan\u00e1ticos y muchos &#8220;Gracias, Luka&#8221;. Hasta un cartelito que le\u00eda: &#8220;RIP Dallas&#8221;, con la hora y la fecha en el que se conoci\u00f3 el acuerdo, colocado junto a un mu\u00f1equito de Doncic. Y un letrero enorme con las letras MFFL (Mavericks Fan For Life -en espa\u00f1ol, Fan\u00e1tico de Mavericks de por Vida-) tachadas. <\/p>\n<\/div>\n<div class=\"sc-80531b6b-0 chRIGJ container-text text-embed\">\n<p>La indignaci\u00f3n se reflej\u00f3 tambi\u00e9n en las redes en las redes. La publicaci\u00f3n de Instagram en la que Dallas le dio la bienvenida a Davis se llen\u00f3 r\u00e1pidamente de comentarios de personas incr\u00e9dulas y enojadas. &#8220;\u00bfQu\u00e9 est\u00e1n haciendo?&#8221;, pregunt\u00f3 un fan\u00e1tico. &#8220;Esto apesta absolutamente. Mavs acaba de arrancar los corazones de su base de fans. Odio esto&#8221;, dijo otro. &#8220;Despi\u00e9rtenme de esta pesadilla&#8221;, coment\u00f3 alguien m\u00e1s. Y hubo hasta quien le reclam\u00f3 al equipo que nunca haya posteado un mensaje de agradecimiento y despedida para Doncic. <\/p>\n<\/div>\n<div class=\"sc-80531b6b-0 chRIGJ container-text text-embed\">\n<p>&#8220;C\u00f3mo perder a una generaci\u00f3n de fans en una noche&#8230;&#8221;, escribi\u00f3 otro usuario, llevando la atenci\u00f3n a la gran cantidad de seguidores que dejaron de seguir a la cuenta de Dallas tras conocerse el traspaso del base esloveno. Y es que en menos de 12 horas, los Mavs perdieron casi un mill\u00f3n de seguidores en Instagram: pasaron de 5,3 a 4,6 millones. Y hay comentarios de que se est\u00e1 organizando un boicot para dejar vac\u00edo el estadio cuando los Mavericks jueguen del local. <\/p>\n<\/div>\n<div class=\"sc-80531b6b-0 chRIGJ container-text text-embed\">\n<p>El propio Nowitzki, leyenda de la franquicia texana y de quien Doncic hered\u00f3 el status de super estrella del equipo, reaccion\u00f3 a la noticia con un emoji de una carita sorprendida. Y varios jugadores de los otros equipos de la liga tambi\u00e9n expresaron su sorpresa. <\/p>\n<\/div>\n<div class=\"sc-80531b6b-0 chRIGJ container-text text-embed\">\n<p>&#8220;\u00bf\u00bf\u00bfQu\u00e9 carajo???&#8221;, twitte\u00f3 <strong>Tyler Herro<\/strong> (Miami Heat). &#8220;GUAUUUUU, DE NINGUNA J* MANERA&#8221;, dijo <strong>Joel Embiid<\/strong> (Philadelphia 76ers) mientras que <strong>Jalen Brunson<\/strong> (New York Knicks), que adem\u00e1s fue compa\u00f1ero de Doncic en los Mavericks, se pregunt\u00f3 si hoy era el D\u00eda de los Inocentes, cuando se suelen dar estas informaciones que no tienen sustento. Por su parte, <strong>Tyrese Maxey<\/strong> (Philadelphia 76ers) y <strong>Josh Hart<\/strong> (New York Knicks) coincidieron en su escueta pero elocuente reacci\u00f3n: &#8220;Eh?&#8221;.<\/p>\n<\/div>\n<div class=\"sc-80531b6b-0 chRIGJ container-text text-embed\">\n<p>El sacud\u00f3n del terremoto que gener\u00f3 la noticia se extendi\u00f3 m\u00e1s all\u00e1 de la NBA. Por ejemplo, <strong>Patrick Mahomes<\/strong>, el estelar &#8216;quarterback&#8217; de los <strong>Kansas City Chiefs<\/strong> que se prepara para su tercer <strong>Super Bowl<\/strong> consecutivo en la <strong>NFL<\/strong>, coment\u00f3 lo sucedido: &#8220;Espera, \u00bfqu\u00e9?&#8221;.<\/p>\n<\/div>\n<div class=\"sc-80531b6b-0 chRIGJ container-text text-embed\">\n<p>Mahomes es un gran fan de los Mavericks y no parec\u00eda muy contento con la salida de Doncic: &#8220;Estoy enfermo ahora mismo&#8221;.<\/p>\n<\/div>\n<div class=\"sc-80531b6b-0 chRIGJ container-text text-embed\">\n<p>Claro que no hubo bronca ni indignaci\u00f3n m\u00e1s grande que las de los fan\u00e1ticos de Dallas, que se sintieron traicionados por Harrison y se lo hicieron sentir de muchas maneras al equipo. <\/p>\n<\/div>\n<\/div>\n<p><br \/>\n<br \/><a href=\"https:\/\/www.clarin.com\/deportes\/traspaso-doncic-provoco-ira-fanaticos-dallas-mavericks-manifestacion-estadio-redes-rojo-vivo_0_SHbT6UhjJj.html\">Fuente Clarin.com <\/a><\/p>\n","protected":false},"excerpt":{"rendered":"<p>El traspaso de Luka Doncic a Los Angeles Lakers, en un &#8220;trueque&#8221; que llevar\u00e1 a Anthony Davis a los Mavericks, dej\u00f3 en shock a la NBA y al deporte estadounidense. Y gener\u00f3 una enorme indignaci\u00f3n entre los fan\u00e1ticos de Dallas, que le hicieron sentir a la franquicia texana su enojo por la salida de su [&hellip;]<\/p>\n","protected":false},"author":1,"featured_media":1442,"comment_status":"open","ping_status":"open","sticky":false,"template":"","format":"standard","meta":{"footnotes":""},"categories":[2],"tags":[1194,2376,1633,48,734,505,2698,73,910],"class_list":["post-1441","post","type-post","status-publish","format-standard","has-post-thumbnail","hentry","category-ultimas-noticias","tag-estadio","tag-estan","tag-hubo","tag-las","tag-manifestacion","tag-redes","tag-rojo","tag-una","tag-vivo"],"_links":{"self":[{"href":"https:\/\/13.com.ar\/index.php\/wp-json\/wp\/v2\/posts\/1441","targetHints":{"allow":["GET"]}}],"collection":[{"href":"https:\/\/13.com.ar\/index.php\/wp-json\/wp\/v2\/posts"}],"about":[{"href":"https:\/\/13.com.ar\/index.php\/wp-json\/wp\/v2\/types\/post"}],"author":[{"embeddable":true,"href":"https:\/\/13.com.ar\/index.php\/wp-json\/wp\/v2\/users\/1"}],"replies":[{"embeddable":true,"href":"https:\/\/13.com.ar\/index.php\/wp-json\/wp\/v2\/comments?post=1441"}],"version-history":[{"count":0,"href":"https:\/\/13.com.ar\/index.php\/wp-json\/wp\/v2\/posts\/1441\/revisions"}],"wp:featuredmedia":[{"embeddable":true,"href":"https:\/\/13.com.ar\/index.php\/wp-json\/wp\/v2\/media\/1442"}],"wp:attachment":[{"href":"https:\/\/13.com.ar\/index.php\/wp-json\/wp\/v2\/media?parent=1441"}],"wp:term":[{"taxonomy":"category","embeddable":true,"href":"https:\/\/13.com.ar\/index.php\/wp-json\/wp\/v2\/categories?post=1441"},{"taxonomy":"post_tag","embeddable":true,"href":"https:\/\/13.com.ar\/index.php\/wp-json\/wp\/v2\/tags?post=1441"}],"curies":[{"name":"wp","href":"https:\/\/api.w.org\/{rel}","templated":true}]}}