{"id":14408,"date":"2025-03-23T15:57:31","date_gmt":"2025-03-23T18:57:31","guid":{"rendered":"https:\/\/13.com.ar\/index.php\/el-espectacular-festejo-de-cumpleanos-que-luciana-salazar-le-organizo-a-su-hija-matilda-todas-las-fotos\/"},"modified":"2025-03-23T15:57:31","modified_gmt":"2025-03-23T18:57:31","slug":"el-espectacular-festejo-de-cumpleanos-que-luciana-salazar-le-organizo-a-su-hija-matilda-todas-las-fotos","status":"publish","type":"post","link":"https:\/\/13.com.ar\/index.php\/el-espectacular-festejo-de-cumpleanos-que-luciana-salazar-le-organizo-a-su-hija-matilda-todas-las-fotos\/","title":{"rendered":"El espectacular festejo de cumplea\u00f1os que Luciana Salazar le organiz\u00f3 a su hija Matilda: todas las fotos"},"content":{"rendered":"<p> <br \/>\n<br \/><img decoding=\"async\" src=\"https:\/\/13.com.ar\/wp-content\/uploads\/2025\/03\/El-espectacular-festejo-de-cumpleanos-que-Luciana-Salazar-le-organizo.jpg\" \/><\/p>\n<div id=\"element-body-0\">\n<p><strong>Luciana Salazar<\/strong> le organiz\u00f3 un impactante cumplea\u00f1os a <strong>su hija Matilda<\/strong>, que cumpli\u00f3 8 a\u00f1os.<\/p>\n<\/div>\n<div id=\"element-body-1\">\n<p>Si bien la peque\u00f1a cumpli\u00f3 a\u00f1os en el mes de diciembre, por distintos motivos el festejo se posterg\u00f3 y reci\u00e9n pudo celebrar ahora.<\/p>\n<\/div>\n<div id=\"element-body-2\">\n<p>Sin embargo, la medi\u00e1tica se encarg\u00f3 de que su hija tenga una gran fiesta, junto a compa\u00f1eros del colegio y seres queridos.<\/p>\n<\/div>\n<div id=\"element-body-3\">\n<p>El sal\u00f3n fue ambientado con Melody, dibujo animado preferido de Matilda.<\/p>\n<\/div>\n<div id=\"element-body-4\">\n<p>Y entre los invitados famosos estuvieron Barby Franco con su hija Sarah, Flavio Mendoza con Dionisio y Marcelo Polino, \u00edntimo amigo de Salazar.<\/p>\n<\/div>\n<div id=\"element-body-5\">\n<p>Tambi\u00e9n estuvo Evangelina Salazar con su nieto Rams\u00e9s y la abogada Ana Rosenfeld.<\/p>\n<\/div>\n<div id=\"element-body-7\">\n<p>Globos, peluches, juegos inflables y hasta una calesita complementaron la ambientaci\u00f3n del festejo de Matilda, que luci\u00f3 un vestido rosa princesa.<\/p>\n<\/div>\n<div id=\"element-body-8\">\n<p>Un momento especial fue cuando la cumplea\u00f1era sali\u00f3 de una estructura similar a la torta, antes de cantar el feliz cumplea\u00f1os.<\/p>\n<\/div>\n<p><br \/>\n<br \/><a href=\"https:\/\/www.clarin.com\/fama\/espectacular-festejo-cumpleanos-luciana-salazar-organizo-hija-matilda-todas-fotos_0_CODY0JDN7L.html\">Fuente Clarin.com <\/a><\/p>\n","protected":false},"excerpt":{"rendered":"<p>Luciana Salazar le organiz\u00f3 un impactante cumplea\u00f1os a su hija Matilda, que cumpli\u00f3 8 a\u00f1os. Si bien la peque\u00f1a cumpli\u00f3 a\u00f1os en el mes de diciembre, por distintos motivos el festejo se posterg\u00f3 y reci\u00e9n pudo celebrar ahora. Sin embargo, la medi\u00e1tica se encarg\u00f3 de que su hija tenga una gran fiesta, junto a compa\u00f1eros [&hellip;]<\/p>\n","protected":false},"author":1,"featured_media":14409,"comment_status":"open","ping_status":"open","sticky":false,"template":"","format":"standard","meta":{"footnotes":""},"categories":[2],"tags":[3825,8883,478,1286,192,48,7900,13278,1964,13277,274],"class_list":["post-14408","post","type-post","status-publish","format-standard","has-post-thumbnail","hentry","category-ultimas-noticias","tag-cumpleanos","tag-espectacular","tag-festejo","tag-fotos","tag-hija","tag-las","tag-luciana","tag-matilda","tag-organizo","tag-salazar","tag-todas"],"_links":{"self":[{"href":"https:\/\/13.com.ar\/index.php\/wp-json\/wp\/v2\/posts\/14408","targetHints":{"allow":["GET"]}}],"collection":[{"href":"https:\/\/13.com.ar\/index.php\/wp-json\/wp\/v2\/posts"}],"about":[{"href":"https:\/\/13.com.ar\/index.php\/wp-json\/wp\/v2\/types\/post"}],"author":[{"embeddable":true,"href":"https:\/\/13.com.ar\/index.php\/wp-json\/wp\/v2\/users\/1"}],"replies":[{"embeddable":true,"href":"https:\/\/13.com.ar\/index.php\/wp-json\/wp\/v2\/comments?post=14408"}],"version-history":[{"count":0,"href":"https:\/\/13.com.ar\/index.php\/wp-json\/wp\/v2\/posts\/14408\/revisions"}],"wp:featuredmedia":[{"embeddable":true,"href":"https:\/\/13.com.ar\/index.php\/wp-json\/wp\/v2\/media\/14409"}],"wp:attachment":[{"href":"https:\/\/13.com.ar\/index.php\/wp-json\/wp\/v2\/media?parent=14408"}],"wp:term":[{"taxonomy":"category","embeddable":true,"href":"https:\/\/13.com.ar\/index.php\/wp-json\/wp\/v2\/categories?post=14408"},{"taxonomy":"post_tag","embeddable":true,"href":"https:\/\/13.com.ar\/index.php\/wp-json\/wp\/v2\/tags?post=14408"}],"curies":[{"name":"wp","href":"https:\/\/api.w.org\/{rel}","templated":true}]}}