{"id":14406,"date":"2025-03-23T15:09:31","date_gmt":"2025-03-23T18:09:31","guid":{"rendered":"https:\/\/13.com.ar\/index.php\/una-maestra-jardinera-fue-asesinada-a-punaladas-por-su-novio-dentro-de-un-mercado\/"},"modified":"2025-03-23T15:09:31","modified_gmt":"2025-03-23T18:09:31","slug":"una-maestra-jardinera-fue-asesinada-a-punaladas-por-su-novio-dentro-de-un-mercado","status":"publish","type":"post","link":"https:\/\/13.com.ar\/index.php\/una-maestra-jardinera-fue-asesinada-a-punaladas-por-su-novio-dentro-de-un-mercado\/","title":{"rendered":"una maestra jardinera fue asesinada a pu\u00f1aladas por su novio dentro de un mercado"},"content":{"rendered":"<p> <br \/>\n<br \/><img decoding=\"async\" src=\"https:\/\/13.com.ar\/wp-content\/uploads\/2025\/03\/una-maestra-jardinera-fue-asesinada-a-punaladas-por-su-novio.jpg\" \/><\/p>\n<div id=\"element-body-0\">\n<p>Una <strong>maestra jardinera de 27 a\u00f1os fue asesinada a pu\u00f1aladas <\/strong>en Mendoza por su pareja, quien luego se autolesion\u00f3. El agresor qued\u00f3 agonizando, fue trasladado a un hospital y muri\u00f3 una hora despu\u00e9s.<\/p>\n<\/div>\n<div id=\"element-body-1\">\n<p>El ataque ocurri\u00f3 el s\u00e1bado por la noche, pasadas las 22, <strong>en el interior de un almac\u00e9n <\/strong>del centro de Rivadavia, en la esquina de Lavalle y Remedios de Escalada,  65 kil\u00f3metros de la capital mendocina.<\/p>\n<\/div>\n<div id=\"element-body-2\">\n<p>El femicida fue identificado como <strong>Federico Acevedo (32)<\/strong>, mientras que la v\u00edctima era <strong>Carla Del Souc (27)<\/strong>. La joven trabajaba como docente en un jard\u00edn de infantes. Muri\u00f3 en el mismo lugar del ataque, a causa de las heridas. En sus redes sociales, la joven compart\u00eda frases contra la violencia machista: en uno de sus posteos hab\u00eda escrito: &#8220;Nac\u00ed para ser libre, no asesinada&#8221;.<\/p>\n<\/div>\n<div id=\"element-body-3\">\n<p>Los testigos relataron en la fiscal\u00eda que Acevedo ingres\u00f3 al negocio Mercadito El Tata Juan, en la esquina de Lavalle y Remedios Escalada. Comenz\u00f3 a<strong> hostigar a su novia<\/strong>, y luego sac\u00f3 un cuchillo tipo carnicero y la apu\u00f1al\u00f3 en el cuello.<\/p>\n<\/div>\n<div id=\"element-body-4\">\n<p>Cuando lleg\u00f3 la Polic\u00eda, que estaba patrullando el centro de Rivadavia, los agentes observaron que<strong> el agresor se estaba autolesionando<\/strong>, en el cuello y el t\u00f3rax. Los polic\u00edas lograron reducirlo e ingresarlo a una ambulancia.<\/p>\n<\/div>\n<div id=\"element-body-6\">\n<p>En el mismo lugar, los m\u00e9dicos del servicio de emergencias estatal SEC constataron el fallecimiento de la joven, a ra\u00edz del feroz ataque y ante la conmoci\u00f3n de los clientes y el personal del mercadito. <\/p>\n<\/div>\n<div id=\"element-body-7\">\n<p>El victimario fue trasladado en grave estado al hospital Saporitti, fue ingresado a terapia intensiva y una hora m\u00e1s tarde, falleci\u00f3. En el caso intervino la Oficina Fiscal de Rivadavia-Jun\u00edn.<\/p>\n<\/div>\n<div id=\"element-body-10\">\n<p>El instituto de educaci\u00f3n superior Humberto Tolosa, donde trabajaba la v\u00edctima, le dedic\u00f3 un emotivo posteo: &#8220;Esperamos que descanse en paz y brille para ella la luz que no tiene fin. Toda la Comunidad Educativa te recordar\u00e1 con mucho cari\u00f1o&#8221;.<\/p>\n<\/div>\n<div id=\"element-body-11\">\n<p>Tambi\u00e9n la Municipalidad de Rivadavia se solidariz\u00f3 con la familia d de la docente: &#8220;Acompa\u00f1amos a su familia, amigos y compa\u00f1eras de trabajo en este dif\u00edcil momento. Su compromiso con la educaci\u00f3n inicial fue y ser\u00e1 un gran aporte a nuestra comunidad&#8221;.<\/p>\n<\/div>\n<div id=\"element-body-12\">\n<p>Con gran dolor la despidi\u00f3 su hermana,Gisel Del Souc, en las redes sociales: &#8220;Tu coraz\u00f3n era tan noble tan puro qu<strong>e no pudiste nunca entender tanta maldad, tanta manipulaci\u00f3n <\/strong>que hizo con todos, me duele el alma, se me desgarra el coraz\u00f3n de imaginarme tu dolor no quiero dormir porque no quiero despertar y darme cuanta q no es una pesadilla es la realidad&#8221;.<\/p>\n<\/div>\n<div id=\"element-body-14\">\n<p>En tres meses de 2025, son 5 los casos de femicidios en Mendoza, causados por parejas o ex parejas. La cifra equivale al mismo n\u00famero de v\u00edctimas de 2004. Y se acerca a 2003, con 8 femicidios.<\/p>\n<\/div>\n<p><br \/>\n<br \/><a href=\"https:\/\/www.clarin.com\/sociedad\/conmocion-mendoza-maestra-jardinera-asesinada-punaladas-novio-dentro-mercado_0_plBtuzsT0q.html\">Fuente Clarin.com <\/a><\/p>\n","protected":false},"excerpt":{"rendered":"<p>Una maestra jardinera de 27 a\u00f1os fue asesinada a pu\u00f1aladas en Mendoza por su pareja, quien luego se autolesion\u00f3. El agresor qued\u00f3 agonizando, fue trasladado a un hospital y muri\u00f3 una hora despu\u00e9s. El ataque ocurri\u00f3 el s\u00e1bado por la noche, pasadas las 22, en el interior de un almac\u00e9n del centro de Rivadavia, en [&hellip;]<\/p>\n","protected":false},"author":1,"featured_media":14407,"comment_status":"open","ping_status":"open","sticky":false,"template":"","format":"standard","meta":{"footnotes":""},"categories":[2],"tags":[2006,107,105,13276,5498,1955,4983,142,2007,73],"class_list":["post-14406","post","type-post","status-publish","format-standard","has-post-thumbnail","hentry","category-ultimas-noticias","tag-asesinada","tag-dentro","tag-fue","tag-jardinera","tag-maestra","tag-mercado","tag-novio","tag-por","tag-punaladas","tag-una"],"_links":{"self":[{"href":"https:\/\/13.com.ar\/index.php\/wp-json\/wp\/v2\/posts\/14406","targetHints":{"allow":["GET"]}}],"collection":[{"href":"https:\/\/13.com.ar\/index.php\/wp-json\/wp\/v2\/posts"}],"about":[{"href":"https:\/\/13.com.ar\/index.php\/wp-json\/wp\/v2\/types\/post"}],"author":[{"embeddable":true,"href":"https:\/\/13.com.ar\/index.php\/wp-json\/wp\/v2\/users\/1"}],"replies":[{"embeddable":true,"href":"https:\/\/13.com.ar\/index.php\/wp-json\/wp\/v2\/comments?post=14406"}],"version-history":[{"count":0,"href":"https:\/\/13.com.ar\/index.php\/wp-json\/wp\/v2\/posts\/14406\/revisions"}],"wp:featuredmedia":[{"embeddable":true,"href":"https:\/\/13.com.ar\/index.php\/wp-json\/wp\/v2\/media\/14407"}],"wp:attachment":[{"href":"https:\/\/13.com.ar\/index.php\/wp-json\/wp\/v2\/media?parent=14406"}],"wp:term":[{"taxonomy":"category","embeddable":true,"href":"https:\/\/13.com.ar\/index.php\/wp-json\/wp\/v2\/categories?post=14406"},{"taxonomy":"post_tag","embeddable":true,"href":"https:\/\/13.com.ar\/index.php\/wp-json\/wp\/v2\/tags?post=14406"}],"curies":[{"name":"wp","href":"https:\/\/api.w.org\/{rel}","templated":true}]}}