{"id":14400,"date":"2025-03-23T14:45:31","date_gmt":"2025-03-23T17:45:31","guid":{"rendered":"https:\/\/13.com.ar\/index.php\/otra-vez-caputo-sturzenegger-y-el-mito-del-eterno-retorno\/"},"modified":"2025-03-23T14:45:31","modified_gmt":"2025-03-23T17:45:31","slug":"otra-vez-caputo-sturzenegger-y-el-mito-del-eterno-retorno","status":"publish","type":"post","link":"https:\/\/13.com.ar\/index.php\/otra-vez-caputo-sturzenegger-y-el-mito-del-eterno-retorno\/","title":{"rendered":"Otra vez Caputo, Sturzenegger y el mito del eterno retorno"},"content":{"rendered":"<p> <br \/>\n<br \/><img decoding=\"async\" src=\"https:\/\/13.com.ar\/wp-content\/uploads\/2025\/03\/Otra-vez-Caputo-Sturzenegger-y-el-mito-del-eterno-retorno.jpg\" \/><\/p>\n<div id=\"element-body-0\">\n<p>El expresidente <strong>Alberto Fern\u00e1ndez<\/strong> reapareci\u00f3 p\u00fablicamente este domingo con un art\u00edculo period\u00edstico en el que <strong>critic\u00f3 el acuerdo que el Gobierno de Javier Milei intenta cerrar con el Fondo Monetario Internacional<\/strong>, destac\u00f3 que \u00e9l nunca tom\u00f3 deuda con ese organismo de cr\u00e9dito, y apunt\u00f3 contra el ministro de Econom\u00eda, Luis Caputo, y otras figuras del Gabinete.<\/p>\n<\/div>\n<div id=\"element-body-1\">\n<p>&#8220;El gobierno nacional devalu\u00f3 la moneda, ajust\u00f3 el gasto p\u00fablico hasta la impudicia, llev\u00f3 adelante un sistem\u00e1tico plan de supresi\u00f3n del Estado, provoc\u00f3 el cierre de un n\u00famero incontable de comercios e industrias, aument\u00f3 el desempleo, deprimi\u00f3 los salarios y perdi\u00f3 reservas. En este contexto en el que se registran los valores m\u00e1s bajos de consumo de carne y leche, <strong>recurre otra vez al endeudamiento como soluci\u00f3n<\/strong>&#8220;, escribi\u00f3 Fern\u00e1ndez en una columna de opini\u00f3n que apareci\u00f3 este domingo en el diario Perfil.<\/p>\n<\/div>\n<div id=\"element-body-2\">\n<p>&#8220;Para endeudarse dicta un DNU que le otorga facultades extraordinarias al Poder Ejecutivo para cerrar un acuerdo con el FMI cuyos t\u00e9rminos reales nadie conoce. Eso significa que sabe perfectamente que su deber constitucional era someter un eventual acuerdo de endeudamiento a la aprobaci\u00f3n del Congreso Nacional&#8221;, agreg\u00f3, cuestionando directamente la manera que adopt\u00f3 el Gobierno para obtener el visto bueno legislativo a sus tratativas con el FMI.<\/p>\n<\/div>\n<div id=\"element-body-3\">\n<p>El expresidente destac\u00f3 que, durante su mandato, \u00e9l rechaz\u00f3 aceptar unos 10 mil millones de d\u00f3lares que quedaban como remanente del endeudamiento que hab\u00eda tomado anteriormente Mauricio Macri.<\/p>\n<\/div>\n<div id=\"element-body-4\">\n<p>&#8220;Cuando el FMI me propuso que tomara el cr\u00e9dito remanente que le hab\u00edan otorgado a Macri, les dije simplemente: &#8216;<em>Si no podemos pagar 45 mil millones de d\u00f3lares, \u00bfc\u00f3mo vamos a hacer para pagar m\u00e1s de 55 mil millones?&#8230; Sean responsables porque hasta aqu\u00ed no lo han sido<\/em>&#8216;. Me pregunto ahora: \u00bfvan a darle 20 mil millones de d\u00f3lares a un pa\u00eds que debe el doble de esa suma y no puede pagarla?&#8221;, reflexion\u00f3 Fern\u00e1ndez.<\/p>\n<\/div>\n<div id=\"element-body-5\">\n<p>Y mencion\u00f3 que tanto el FMI como la Justicia federal argentina investigan la manera en que se otorg\u00f3 ese cr\u00e9dito fue otorgado. <\/p>\n<\/div>\n<div id=\"element-body-6\">\n<p>&#8220;<strong>Luis Caputo es uno de los afectados en ambas investigaciones<\/strong>. El mismo Luis Caputo que otra vez endeuda a la Argentina para congraciarse con los saqueadores de la Patria que desde que asumi\u00f3 Milei acumularon fortunas con maniobras financieras que ahora necesitan efectivizar en d\u00f3lares&#8221;, dijo, apuntando directamente contra el ministro de Econom\u00eda.<\/p>\n<\/div>\n<div id=\"element-body-7\">\n<p>&#8220;Otra vez Luis Caputo. Otra vez Sturzenegger. Otra vez los neoliberales. El &#8216;mito del eterno retorno&#8217;\u201d, sentenci\u00f3.<\/p>\n<\/div>\n<p><br \/>\n<br \/><a href=\"https:\/\/www.clarin.com\/politica\/reaparecio-alberto-fernandez-criticas-acuerdo-fmi-vez-caputo-sturzenegger-mito-eterno-retorno_0_QFBy6nzKBg.html\">Fuente Clarin.com <\/a><\/p>\n","protected":false},"excerpt":{"rendered":"<p>El expresidente Alberto Fern\u00e1ndez reapareci\u00f3 p\u00fablicamente este domingo con un art\u00edculo period\u00edstico en el que critic\u00f3 el acuerdo que el Gobierno de Javier Milei intenta cerrar con el Fondo Monetario Internacional, destac\u00f3 que \u00e9l nunca tom\u00f3 deuda con ese organismo de cr\u00e9dito, y apunt\u00f3 contra el ministro de Econom\u00eda, Luis Caputo, y otras figuras del [&hellip;]<\/p>\n","protected":false},"author":1,"featured_media":14401,"comment_status":"open","ping_status":"open","sticky":false,"template":"","format":"standard","meta":{"footnotes":""},"categories":[2],"tags":[45,100,13272,3388,305,7293,3916,111],"class_list":["post-14400","post","type-post","status-publish","format-standard","has-post-thumbnail","hentry","category-ultimas-noticias","tag-caputo","tag-del","tag-eterno","tag-mito","tag-otra","tag-retorno","tag-sturzenegger","tag-vez"],"_links":{"self":[{"href":"https:\/\/13.com.ar\/index.php\/wp-json\/wp\/v2\/posts\/14400","targetHints":{"allow":["GET"]}}],"collection":[{"href":"https:\/\/13.com.ar\/index.php\/wp-json\/wp\/v2\/posts"}],"about":[{"href":"https:\/\/13.com.ar\/index.php\/wp-json\/wp\/v2\/types\/post"}],"author":[{"embeddable":true,"href":"https:\/\/13.com.ar\/index.php\/wp-json\/wp\/v2\/users\/1"}],"replies":[{"embeddable":true,"href":"https:\/\/13.com.ar\/index.php\/wp-json\/wp\/v2\/comments?post=14400"}],"version-history":[{"count":0,"href":"https:\/\/13.com.ar\/index.php\/wp-json\/wp\/v2\/posts\/14400\/revisions"}],"wp:featuredmedia":[{"embeddable":true,"href":"https:\/\/13.com.ar\/index.php\/wp-json\/wp\/v2\/media\/14401"}],"wp:attachment":[{"href":"https:\/\/13.com.ar\/index.php\/wp-json\/wp\/v2\/media?parent=14400"}],"wp:term":[{"taxonomy":"category","embeddable":true,"href":"https:\/\/13.com.ar\/index.php\/wp-json\/wp\/v2\/categories?post=14400"},{"taxonomy":"post_tag","embeddable":true,"href":"https:\/\/13.com.ar\/index.php\/wp-json\/wp\/v2\/tags?post=14400"}],"curies":[{"name":"wp","href":"https:\/\/api.w.org\/{rel}","templated":true}]}}