{"id":1440,"date":"2025-02-02T20:16:41","date_gmt":"2025-02-02T23:16:41","guid":{"rendered":"https:\/\/13.com.ar\/index.php\/un-grupo-de-senadores-radicales-quiere-que-el-gobierno-habilite-a-china-a-participar-de-la-licitacion\/"},"modified":"2025-02-02T20:16:41","modified_gmt":"2025-02-02T23:16:41","slug":"un-grupo-de-senadores-radicales-quiere-que-el-gobierno-habilite-a-china-a-participar-de-la-licitacion","status":"publish","type":"post","link":"https:\/\/13.com.ar\/index.php\/un-grupo-de-senadores-radicales-quiere-que-el-gobierno-habilite-a-china-a-participar-de-la-licitacion\/","title":{"rendered":"un grupo de senadores radicales quiere que el Gobierno habilite a China a participar de la licitaci\u00f3n"},"content":{"rendered":"<p> <br \/>\n<br \/><img decoding=\"async\" src=\"https:\/\/13.com.ar\/wp-content\/uploads\/2025\/01\/sigue-la-polemica-por-la-licitacion-y-dos-empresas-volveran.jpg\" \/><\/p>\n<div id=\"cuerpo\">\n<div class=\"sc-80531b6b-0 chRIGJ container-text text-embed\">\n<p>Un grupo de<strong> senadores radicales de Corrientes, Entre R\u00edos y Santa Fe<\/strong> le pidi\u00f3 al jefe de Gabinete, Guillermo Francos, que establezca una serie<strong> cambios en el pliego de la licitaci\u00f3n para la concesi\u00f3n del dragado y balizamiento de la V\u00eda Navegable Troncal (VNT)<\/strong> sobre los r\u00edos Paraguay y Paran\u00e1, m\u00e1s conocida como &#8220;<strong>Hidrov\u00eda<\/strong>&#8220;. Entre ellas, <strong>que se habilite la participaci\u00f3n de la empresa estatal china Shanghai Dredging Company<\/strong>.<\/p>\n<\/div>\n<div class=\"sc-80531b6b-0 chRIGJ container-text text-embed\">\n<p>En una carta enviada el jueves 30 de enero, los senadores <strong>Eduardo Vischi, Gabriela Valenzuela, Stella Maris Olalla, Carolina Losada y Eduardo Galaretto<\/strong> le &#8220;recomendaron&#8221; al Gobierno <strong>fraccionar la concesi\u00f3n en dos o tres tramos<\/strong> para que haya una &#8220;mayor participaci\u00f3n de oferentes&#8221; y un &#8220;control m\u00e1s eficiente de los servicios&#8221;.<\/p>\n<\/div>\n<div class=\"sc-80531b6b-0 chRIGJ container-text text-embed\">\n<p>Adem\u00e1s, solicitaron <strong>bajar el plazo de la concesi\u00f3n<\/strong>, que se prev\u00e9 en 30 a\u00f1os prorrogables por otros 30 m\u00e1s, <strong>a entre 10 y 15 a\u00f1os<\/strong>, con una posibilidad de extenderla sujeto al cumplimiento de distintas obligaciones.<\/p>\n<\/div>\n<div class=\"sc-80531b6b-0 chRIGJ container-text text-embed\">\n<p>Por otro lado, piden <strong>profundizar el calado a 42 y 44 pies<\/strong> para maximizar la capacidad de carga de los buques, lo que beneficiar\u00eda a las cerealeras exportadoras con una <strong>baja de los costos log\u00edsticos<\/strong> por unidad de flete.<\/p>\n<\/div>\n<div class=\"sc-80531b6b-0 chRIGJ container-text text-embed\">\n<p>Sin embargo, uno de los puntos m\u00e1s destacados de la carta es la sugerencia de que se modifiquen los criterios t\u00e9cnicos de elegibilidad y ponderaci\u00f3n t\u00e9cnica, que lo piden principalmente la compa\u00f1\u00eda belga <strong>DEME <\/strong>y la danesa <strong>Rhode Nielsen<\/strong>, que fueron a la Justicia. Y, sobre todo, el cambio que exigen los senadores de la Uni\u00f3n C\u00edvica Radical (UCR) permitir\u00eda la participaci\u00f3n de China, que fue vedada por el Gobierno al impedir que hagan ofertas quienes tengan entre sus accionistas a los Estados soberanos.<\/p>\n<\/div>\n<div class=\"sc-80531b6b-0 chRIGJ container-text text-embed\">\n<p>La licitaci\u00f3n tiene un plazo para la presentaci\u00f3n de ofertas hasta el mi\u00e9rcoles 12 de febrero, aunque las cerealeras y varias empresas que van a competir pidieron una extensi\u00f3n.<\/p>\n<\/div>\n<div class=\"sc-80531b6b-0 chRIGJ container-text text-embed\">\n<p><strong>La Hidrov\u00eda es uno de los principales puntos de conflicto pol\u00edtico entre el presidente Javier Milei y el ex presidente Mauricio Macri<\/strong>, ya que La Libertad Avanza (LLA) acusa al PRO de operar para que se favorezca a la empresa neerlandesa <strong>Boskalis<\/strong>, favorita de la reina M\u00e1xima Zorreguieta.<\/p>\n<\/div>\n<div class=\"sc-80531b6b-0 chRIGJ container-text text-embed\">\n<p>Asimismo, en el macrismo denuncian que el pliego que dise\u00f1\u00f3 el Gobierno est\u00e1 direccionado a la belga <strong>Jan de Nul<\/strong>, que hasta 2021 tuvo la concesi\u00f3n junto al Grupo Emepa, del empresario argentino Gabriel Romero. <\/p>\n<\/div>\n<div class=\"sc-80531b6b-0 chRIGJ container-text text-embed\">\n<p>Fuentes que est\u00e1n al tanto del proceso indicaron a Clar\u00edn que una divisi\u00f3n de la licitaci\u00f3n en tramos restar\u00eda inter\u00e9s, en vez de sumarlo, ya que habr\u00eda zonas no rentables, como todo lo que est\u00e1 al norte de Rosario. De la misma forma, consideraron m\u00e1s viable reducir el plazo de la concesi\u00f3n.<\/p>\n<\/div>\n<div class=\"sc-80531b6b-0 chRIGJ container-text text-embed\">\n<p>Por la Hidrov\u00eda transita aproximadamente el 80% de las exportaciones argentinas; es decir, m\u00e1s de US$ 60.000 millones de d\u00f3lares. Los exportadores pagar\u00edan unos US$ 410 millones -estimado en el pliego- al concesionario, por lo que el negocio a 30 a\u00f1os superar\u00eda los US$ 12.000 millones.<\/p>\n<\/div>\n<\/div>\n<p><br \/>\n<br \/><a href=\"https:\/\/www.clarin.com\/economia\/sorpresa-hidrovia-grupo-senadores-radicales-quiere-gobierno-habilite-china-participar-licitacion_0_QgXKe8jhyH.html\">Fuente Clarin.com <\/a><\/p>\n","protected":false},"excerpt":{"rendered":"<p>Un grupo de senadores radicales de Corrientes, Entre R\u00edos y Santa Fe le pidi\u00f3 al jefe de Gabinete, Guillermo Francos, que establezca una serie cambios en el pliego de la licitaci\u00f3n para la concesi\u00f3n del dragado y balizamiento de la V\u00eda Navegable Troncal (VNT) sobre los r\u00edos Paraguay y Paran\u00e1, m\u00e1s conocida como &#8220;Hidrov\u00eda&#8220;. Entre [&hellip;]<\/p>\n","protected":false},"author":1,"featured_media":630,"comment_status":"open","ping_status":"open","sticky":false,"template":"","format":"standard","meta":{"footnotes":""},"categories":[2],"tags":[72,71,599,3082,1649,3083,1273,3081,3080],"class_list":["post-1440","post","type-post","status-publish","format-standard","has-post-thumbnail","hentry","category-ultimas-noticias","tag-china","tag-gobierno","tag-grupo","tag-habilite","tag-licitacion","tag-participar","tag-quiere","tag-radicales","tag-senadores"],"_links":{"self":[{"href":"https:\/\/13.com.ar\/index.php\/wp-json\/wp\/v2\/posts\/1440","targetHints":{"allow":["GET"]}}],"collection":[{"href":"https:\/\/13.com.ar\/index.php\/wp-json\/wp\/v2\/posts"}],"about":[{"href":"https:\/\/13.com.ar\/index.php\/wp-json\/wp\/v2\/types\/post"}],"author":[{"embeddable":true,"href":"https:\/\/13.com.ar\/index.php\/wp-json\/wp\/v2\/users\/1"}],"replies":[{"embeddable":true,"href":"https:\/\/13.com.ar\/index.php\/wp-json\/wp\/v2\/comments?post=1440"}],"version-history":[{"count":0,"href":"https:\/\/13.com.ar\/index.php\/wp-json\/wp\/v2\/posts\/1440\/revisions"}],"wp:featuredmedia":[{"embeddable":true,"href":"https:\/\/13.com.ar\/index.php\/wp-json\/wp\/v2\/media\/630"}],"wp:attachment":[{"href":"https:\/\/13.com.ar\/index.php\/wp-json\/wp\/v2\/media?parent=1440"}],"wp:term":[{"taxonomy":"category","embeddable":true,"href":"https:\/\/13.com.ar\/index.php\/wp-json\/wp\/v2\/categories?post=1440"},{"taxonomy":"post_tag","embeddable":true,"href":"https:\/\/13.com.ar\/index.php\/wp-json\/wp\/v2\/tags?post=1440"}],"curies":[{"name":"wp","href":"https:\/\/api.w.org\/{rel}","templated":true}]}}