{"id":14399,"date":"2025-03-23T14:33:29","date_gmt":"2025-03-23T17:33:29","guid":{"rendered":"https:\/\/13.com.ar\/index.php\/tras-confirmar-el-paro-general-la-cgt-cuestiona-la-falta-de-dialogo-del-gobierno-y-se-suma-a-la-marcha-del-dia-de-la-memoria\/"},"modified":"2025-03-23T14:33:29","modified_gmt":"2025-03-23T17:33:29","slug":"tras-confirmar-el-paro-general-la-cgt-cuestiona-la-falta-de-dialogo-del-gobierno-y-se-suma-a-la-marcha-del-dia-de-la-memoria","status":"publish","type":"post","link":"https:\/\/13.com.ar\/index.php\/tras-confirmar-el-paro-general-la-cgt-cuestiona-la-falta-de-dialogo-del-gobierno-y-se-suma-a-la-marcha-del-dia-de-la-memoria\/","title":{"rendered":"Tras confirmar el paro general, la CGT cuestiona la falta de di\u00e1logo del Gobierno y se suma a la marcha del D\u00eda de la Memoria"},"content":{"rendered":"<p> <br \/>\n<br \/><img decoding=\"async\" src=\"https:\/\/13.com.ar\/wp-content\/uploads\/2025\/03\/Hector-Daer-adelanto-que-preparan-dos-movilizaciones-y-confirmo-el.jpg\" \/><\/p>\n<div id=\"element-body-0\">\n<p>Luego de confirmar el <strong>tercer paro general <\/strong>al gobierno del presidente <strong>Javier Milei<\/strong>, que se har\u00e1 el 10 de abril<strong>, la Confederaci\u00f3n General del Trabajo (CGT) cuestion\u00f3 la falta de di\u00e1logo<\/strong> con funcionarios nacionales y que <strong>las paritarias est\u00e9n &#8220;pisadas&#8221;<\/strong>.<\/p>\n<\/div>\n<div id=\"element-body-1\">\n<p>As\u00ed lo expres\u00f3 <strong>H\u00e9ctor Daer<\/strong>, uno de los jefes de la central obrera. Si bien destac\u00f3 que hay &#8220;buena amabilidad&#8221; con el jefe de Gabinete, Guillermo Francos, aclar\u00f3 que &#8220;<strong>deben haber pasado siete meses del \u00faltimo contacto<\/strong>, y m\u00e1s all\u00e1 de los saludos con funcionarios, asesores del gobierno para Fin de A\u00f1o y Navidad,<strong> no construyen un di\u00e1logo sobre las cosas sustanciales<\/strong> al momento que estamos viviendo&#8221;, expres\u00f3 en di\u00e1logo con radio Con Vos.<\/p>\n<\/div>\n<div id=\"element-body-2\">\n<p>En esa l\u00ednea, cuestion\u00f3 que <strong>el Ejecutivo no &#8220;homologa&#8221; los acuerdos paritarios <\/strong>y que las empresas est\u00e1n dando incrementos salariales muy por debajo de la inflaci\u00f3n.<\/p>\n<\/div>\n<div id=\"element-body-3\">\n<p>&#8220;Se da la ecuaci\u00f3n de precios liberados y paritarias pisadas, esto como funci\u00f3n del aparato del Ejecutivo, as\u00ed no cierra para nadie las cosas&#8221;, agreg\u00f3.<\/p>\n<\/div>\n<div id=\"element-body-4\">\n<p>Adem\u00e1s, el jefe sindical ratific\u00f3 que el lunes, la CGT participar\u00e1 de la marcha por el aniversario del 24 de marzo y cuestion\u00f3 el &#8220;revisionismo&#8221; del oficialismo en torno a la \u00faltima dictadura militar. <\/p>\n<\/div>\n<div id=\"element-body-5\">\n<p>&#8220;Ma\u00f1ana nos volvemos a movilizar. A veces fue mas articulado, menos articulado, pero los gremios siempre estuvieron presentes en la marcha, y creemos que tiene que ser masiva m\u00e1s cuando se quiere hacer un revisionismo de la etapa m\u00e1s tr\u00e1gica que nuestras generaciones vivieron&#8221;, argument\u00f3.<\/p>\n<\/div>\n<div id=\"element-body-7\">\n<p>El jueves, el consejo directivo de la CGT vot\u00f3 realizar una movilizaci\u00f3n el 9 de abril, en apoyo a las protestas de los jubilados, y un paro general al d\u00eda siguiente, que ser\u00e1 la tercera huelga a la gesti\u00f3n libertaria.<\/p>\n<\/div>\n<div id=\"element-body-8\">\n<p>&#8220;Sali\u00f3 por aclamaci\u00f3n la toma de esta dedisi\u00f3n por parte de todo el cuerpo&#8221;, expres\u00f3 Daer, quien agreg\u00f3 que los 50 gremios que integran la central estuvieron de acuerdo con la medida de fuerza.<\/p>\n<\/div>\n<div id=\"element-body-9\">\n<p>Antes que se ratificara la medida, fue el vocero presidencial Manuel Adorni quien sali\u00f3 a cruzar el jueves al mediod\u00eda una protesta, que aunque en ese momento no se hab\u00eda oficializado, ya se daba por descontada.<\/p>\n<\/div>\n<div id=\"element-body-10\">\n<p>&#8220;Este es el Gobierno que m\u00e1s r\u00e1pido sufri\u00f3 un paro nacional, fue a los poquitos d\u00edas. Estos paros son para defender intereses propios, no hay nada que lo amerite cuando del desastre heredado se han corregido temas que fueron un reclamo de la sociedad y los trabajadores que es el tema de la inflaci\u00f3n&#8221;, enfatiz\u00f3.<\/p>\n<\/div>\n<div id=\"element-body-11\">\n<p>El jefe cegetista expres\u00f3 que las cuatro variables de las que habla el presidente Milei, d\u00f3lar, precios mayoristas, precios minoristas y salarios, todos suben menos los sueldos de los trabajadores.<\/p>\n<\/div>\n<div id=\"element-body-12\">\n<p>En ese escenario, y con -seg\u00fan dijo- un clima social complejo, con movilizaciones que finalizan en incidentes, es que se termin\u00f3 decidiendo la huelga.<\/p>\n<\/div>\n<div id=\"element-body-13\">\n<p>&#8220;El gobierno tiene que entender que cuando la gente se moviliza, hay que dejar que la gente se movilice, nadie del movimiento organizado va a vandalizar nada, creo m\u00e1s que esas son provocaciones que se nos quiere adjudicar a sectores ligados a cualquiera de estos que aparecen acusados por el gobierno&#8221;, manifest\u00f3.<\/p>\n<\/div>\n<div id=\"element-body-14\">\n<p>Al tiempo que critic\u00f3 que en las anteriores marchas se haya puesto un &#8220;ej\u00e9rcito&#8221;, en refencia al dispositivo de seguridad implementado por la cartera que dirige Patricia Bullrich. <\/p>\n<\/div>\n<p><br \/>\n<br \/><a href=\"https:\/\/www.clarin.com\/politica\/confirmar-paro-general-cgt-cuestiona-falta-dialogo-gobierno-suma-marcha-dia-memoria_0_RbjsuivPpR.html\">Fuente Clarin.com <\/a><\/p>\n","protected":false},"excerpt":{"rendered":"<p>Luego de confirmar el tercer paro general al gobierno del presidente Javier Milei, que se har\u00e1 el 10 de abril, la Confederaci\u00f3n General del Trabajo (CGT) cuestion\u00f3 la falta de di\u00e1logo con funcionarios nacionales y que las paritarias est\u00e9n &#8220;pisadas&#8221;. As\u00ed lo expres\u00f3 H\u00e9ctor Daer, uno de los jefes de la central obrera. Si bien [&hellip;]<\/p>\n","protected":false},"author":1,"featured_media":12918,"comment_status":"open","ping_status":"open","sticky":false,"template":"","format":"standard","meta":{"footnotes":""},"categories":[2],"tags":[3917,13271,8818,100,1154,2468,943,1239,71,1126,2526,8177,9,312],"class_list":["post-14399","post","type-post","status-publish","format-standard","has-post-thumbnail","hentry","category-ultimas-noticias","tag-cgt","tag-confirmar","tag-cuestiona","tag-del","tag-dia","tag-dialogo","tag-falta","tag-general","tag-gobierno","tag-marcha","tag-memoria","tag-paro","tag-suma","tag-tras"],"_links":{"self":[{"href":"https:\/\/13.com.ar\/index.php\/wp-json\/wp\/v2\/posts\/14399","targetHints":{"allow":["GET"]}}],"collection":[{"href":"https:\/\/13.com.ar\/index.php\/wp-json\/wp\/v2\/posts"}],"about":[{"href":"https:\/\/13.com.ar\/index.php\/wp-json\/wp\/v2\/types\/post"}],"author":[{"embeddable":true,"href":"https:\/\/13.com.ar\/index.php\/wp-json\/wp\/v2\/users\/1"}],"replies":[{"embeddable":true,"href":"https:\/\/13.com.ar\/index.php\/wp-json\/wp\/v2\/comments?post=14399"}],"version-history":[{"count":0,"href":"https:\/\/13.com.ar\/index.php\/wp-json\/wp\/v2\/posts\/14399\/revisions"}],"wp:featuredmedia":[{"embeddable":true,"href":"https:\/\/13.com.ar\/index.php\/wp-json\/wp\/v2\/media\/12918"}],"wp:attachment":[{"href":"https:\/\/13.com.ar\/index.php\/wp-json\/wp\/v2\/media?parent=14399"}],"wp:term":[{"taxonomy":"category","embeddable":true,"href":"https:\/\/13.com.ar\/index.php\/wp-json\/wp\/v2\/categories?post=14399"},{"taxonomy":"post_tag","embeddable":true,"href":"https:\/\/13.com.ar\/index.php\/wp-json\/wp\/v2\/tags?post=14399"}],"curies":[{"name":"wp","href":"https:\/\/api.w.org\/{rel}","templated":true}]}}