{"id":14397,"date":"2025-03-23T14:24:28","date_gmt":"2025-03-23T17:24:28","guid":{"rendered":"https:\/\/13.com.ar\/index.php\/tragedia-en-la-previa-del-entrenamiento-de-brasil-antes-de-viajar-a-la-argentina-para-el-superclasico-de-las-eliminatorias\/"},"modified":"2025-03-23T14:24:28","modified_gmt":"2025-03-23T17:24:28","slug":"tragedia-en-la-previa-del-entrenamiento-de-brasil-antes-de-viajar-a-la-argentina-para-el-superclasico-de-las-eliminatorias","status":"publish","type":"post","link":"https:\/\/13.com.ar\/index.php\/tragedia-en-la-previa-del-entrenamiento-de-brasil-antes-de-viajar-a-la-argentina-para-el-superclasico-de-las-eliminatorias\/","title":{"rendered":"Tragedia en la previa del entrenamiento de Brasil antes de viajar a la Argentina para el Supercl\u00e1sico de las Eliminatorias"},"content":{"rendered":"<p> <br \/>\n<br \/><img decoding=\"async\" src=\"https:\/\/13.com.ar\/wp-content\/uploads\/2025\/03\/Tragedia-en-la-previa-del-entrenamiento-de-Brasil-antes-de.jpg\" \/><\/p>\n<div id=\"element-body-0\">\n<p><strong>Un tr\u00e1gico accidente afect\u00f3 el antepen\u00faltimo entrenamiento de la Selecci\u00f3n de Brasil antes de viajar a la Argentina para el Supercl\u00e1sico por las Eliminatorias Sudamericanas <\/strong>que se jugar\u00e1 el martes en el estadio Monumental.<strong> <\/strong>Es que un operario que trabajaba montando un escenario para un evento en el estadio Man\u00e9 Garrincha, de la capital Brasilia, sufri\u00f3 una descarga el\u00e9ctrica y, pese a que fue atendido r\u00e1pidamente, <strong>no pudieron reanimarlo y perdi\u00f3 la vida<\/strong>.<\/p>\n<\/div>\n<div id=\"element-body-1\">\n<p>Al hombre, de 32 a\u00f1os, le practicaron RCP pero falleci\u00f3 casi una hora despu\u00e9s. Esto <strong>retras\u00f3 durante bastante tiempo el arranque del entrenamiento de la Selecao,<\/strong> que tuvo lugar en el mismo estadio donde el jueves pasado derrot\u00f3 ag\u00f3nicamente a Colombia para recuperar la sonrisa en el camino al Mundial 2026.<\/p>\n<\/div>\n<div id=\"element-body-3\">\n<p>La Verdeamarela ten\u00eda previsto entrenarse en el Man\u00e9 Garrincha este domingo y el lunes por la ma\u00f1ana, antes de viajar rumbo a Buenos Aires para el duelo del martes contra la Selecci\u00f3n en el estadio Monumental.<\/p>\n<\/div>\n<div id=\"element-body-5\">\n<p>Una vez que Brasil sali\u00f3 al campo de juego, los futbolistas realizaron ejercicios con pelota y lo que llam\u00f3 la atenci\u00f3n fue <strong>la ausencia de Vin\u00edcius J\u00fanior<\/strong>. El autor del gol ag\u00f3nico para ganarle a Colombia el jueves pasado ni siquiera se puso los botines y apenas dio unas vueltas por el c\u00e9sped. Claro, el desgaste y el cuidado que hay que tener sobre el crack del Real Madrid as\u00ed lo requiere.<\/p>\n<\/div>\n<div id=\"element-body-7\">\n<p>S\u00ed estuvieron presentes <strong>Joao Gomes<\/strong>, <strong>Weverton<\/strong>, <strong>Beraldo <\/strong>y <strong>Ederson<\/strong>, los cuatro convocados de urgencia por Dorival ante las bajas que tiene en su equipo. Dos de ellos ser\u00edan titulares el martes contra Argentina, teniendo en cuenta que <strong>hay al menos cuatro bajas confirmadas: <\/strong>el arquero Alisson, Gabriel Magalhaes, Bruno Guimaraes y Gerson.<\/p>\n<\/div>\n<div id=\"element-body-9\">\n<p>\u201cEl Cuerpo Militar de Bomberos del Distrito Federal (CBMDF) respondi\u00f3 a este incidente a las 16:11 horas del d\u00eda 22\/03\/2025 comprometiendo 04 (cuatro) veh\u00edculos. El accidente ocurri\u00f3 en el Estadio Man\u00e9 Garrincha.<\/p>\n<\/div>\n<div id=\"element-body-10\">\n<p>&#8220;Al llegar al lugar, el equipo que atendi\u00f3 el llamado de emergencia encontr\u00f3 al se\u00f1or R. P. C, de 32 a\u00f1os, en el suelo, inconsciente, luego de sufrir una descarga el\u00e9ctrica. Al ser evaluado por nuestros rescatistas, se constat\u00f3 que se encontraba en <strong>paro cardiorrespiratorio.<\/strong><\/p>\n<\/div>\n<div id=\"element-body-11\">\n<p>Inmediatamente, los militares iniciaron protocolos de reanimaci\u00f3n cardiopulmonar, sin embargo, luego de aproximadamente una hora de maniobras, la v\u00edctima no reaccion\u00f3 y su muerte fue declarada por el m\u00e9dico de rescate a\u00e9reo del CBMDF.<\/p>\n<\/div>\n<div id=\"element-body-12\">\n<p>&#8220;El PCDF fue llamado al lugar. No sabemos en qu\u00e9 circunstancias se produjo el accidente&#8221;.<\/p>\n<\/div>\n<p><br \/>\n<br \/><a href=\"https:\/\/www.clarin.com\/deportes\/tragedia-previa-entrenamiento-brasil-viajar-argentina-superclasico-eliminatorias_0_UVV4xzXbvL.html\">Fuente Clarin.com <\/a><\/p>\n","protected":false},"excerpt":{"rendered":"<p>Un tr\u00e1gico accidente afect\u00f3 el antepen\u00faltimo entrenamiento de la Selecci\u00f3n de Brasil antes de viajar a la Argentina para el Supercl\u00e1sico por las Eliminatorias Sudamericanas que se jugar\u00e1 el martes en el estadio Monumental. Es que un operario que trabajaba montando un escenario para un evento en el estadio Man\u00e9 Garrincha, de la capital Brasilia, [&hellip;]<\/p>\n","protected":false},"author":1,"featured_media":14398,"comment_status":"open","ping_status":"open","sticky":false,"template":"","format":"standard","meta":{"footnotes":""},"categories":[2],"tags":[733,288,85,100,9365,1843,48,16,959,3324,1573,247],"class_list":["post-14397","post","type-post","status-publish","format-standard","has-post-thumbnail","hentry","category-ultimas-noticias","tag-antes","tag-argentina","tag-brasil","tag-del","tag-eliminatorias","tag-entrenamiento","tag-las","tag-para","tag-previa","tag-superclasico","tag-tragedia","tag-viajar"],"_links":{"self":[{"href":"https:\/\/13.com.ar\/index.php\/wp-json\/wp\/v2\/posts\/14397","targetHints":{"allow":["GET"]}}],"collection":[{"href":"https:\/\/13.com.ar\/index.php\/wp-json\/wp\/v2\/posts"}],"about":[{"href":"https:\/\/13.com.ar\/index.php\/wp-json\/wp\/v2\/types\/post"}],"author":[{"embeddable":true,"href":"https:\/\/13.com.ar\/index.php\/wp-json\/wp\/v2\/users\/1"}],"replies":[{"embeddable":true,"href":"https:\/\/13.com.ar\/index.php\/wp-json\/wp\/v2\/comments?post=14397"}],"version-history":[{"count":0,"href":"https:\/\/13.com.ar\/index.php\/wp-json\/wp\/v2\/posts\/14397\/revisions"}],"wp:featuredmedia":[{"embeddable":true,"href":"https:\/\/13.com.ar\/index.php\/wp-json\/wp\/v2\/media\/14398"}],"wp:attachment":[{"href":"https:\/\/13.com.ar\/index.php\/wp-json\/wp\/v2\/media?parent=14397"}],"wp:term":[{"taxonomy":"category","embeddable":true,"href":"https:\/\/13.com.ar\/index.php\/wp-json\/wp\/v2\/categories?post=14397"},{"taxonomy":"post_tag","embeddable":true,"href":"https:\/\/13.com.ar\/index.php\/wp-json\/wp\/v2\/tags?post=14397"}],"curies":[{"name":"wp","href":"https:\/\/api.w.org\/{rel}","templated":true}]}}