{"id":14388,"date":"2025-03-23T13:42:39","date_gmt":"2025-03-23T16:42:39","guid":{"rendered":"https:\/\/13.com.ar\/index.php\/telefe-y-el-trece-le-rindieron-homenaje-a-gasalla-en-la-semana-de-su-muerte-pero-el-tributo-no-fue-lo-mas-visto-del-sabado\/"},"modified":"2025-03-23T13:42:39","modified_gmt":"2025-03-23T16:42:39","slug":"telefe-y-el-trece-le-rindieron-homenaje-a-gasalla-en-la-semana-de-su-muerte-pero-el-tributo-no-fue-lo-mas-visto-del-sabado","status":"publish","type":"post","link":"https:\/\/13.com.ar\/index.php\/telefe-y-el-trece-le-rindieron-homenaje-a-gasalla-en-la-semana-de-su-muerte-pero-el-tributo-no-fue-lo-mas-visto-del-sabado\/","title":{"rendered":"Telefe y El Trece le rindieron homenaje a Gasalla en la semana de su muerte, pero el tributo no fue lo m\u00e1s visto del s\u00e1bado"},"content":{"rendered":"<p> <br \/>\n<br \/><img decoding=\"async\" src=\"https:\/\/13.com.ar\/wp-content\/uploads\/2025\/03\/Telefe-y-El-Trece-le-rindieron-homenaje-a-Gasalla-en.jpg\" \/><\/p>\n<div id=\"element-body-0\">\n<p>A cuatro d\u00edas de su muerte, a los 84 a\u00f1os, <strong>Antonio Gasalla fue una de las figuras de la TV de este s\u00e1bado 22 de marzo<\/strong>, en el contexto de los homenajes a su trayectoria. Pero ni el tributo que le rindi\u00f3 <strong>Mirtha Legrand en su programa ni la en\u00e9sima repetici\u00f3n de Esperando la carroza<\/strong> -una de sus pel\u00edculas m\u00e1s ic\u00f3nicas- lograron quedar como lo m\u00e1s visto del d\u00eda.<\/p>\n<\/div>\n<div id=\"element-body-1\">\n<p>En un s\u00e1bado at\u00edpico, en medio del fin de semana largo por el feriado del lunes 24 de marzo, <strong>ni el f\u00fatbol de la Selecci\u00f3n Argentina pudo, tampoco, escalar a lo m\u00e1s alto del Top Five<\/strong>.<\/p>\n<\/div>\n<div id=\"element-body-2\">\n<p>Arriba de todo, una vez m\u00e1s, qued\u00f3<strong> Iv\u00e1n de Pineda con su Pasapalabra<\/strong>, por Telefe, con un promedio de <strong>6,5 puntos<\/strong>, una buena marca para los tiempos que corren los s\u00e1bados, pero reflejando una merma de 2,4 puntos en relaci\u00f3n a la emisi\u00f3n anterior.<\/p>\n<\/div>\n<div id=\"element-body-3\">\n<p>En segundo lugar de ubic\u00f3 la pel\u00edcula protagonizada por Antonio Gasalla y otras grandes figuras, que <strong>promedi\u00f3 5,8 puntos<\/strong>. Si bien el canal la emite seguido, esta vez la coloc\u00f3 en su grilla (en la franja de la segunda tarde) para homenajear al artista que muri\u00f3 el martes.<strong> El tercer puesto fue para el ciclo Cine 13, con el filme La guerra del ma\u00f1ana<\/strong>, que consigui\u00f3 5,5 puntos.<\/p>\n<\/div>\n<div id=\"element-body-5\">\n<p>Y la tabla general del d\u00eda <strong>se complet\u00f3 con dos segmentos del especial Juntos por Bah\u00eda, un partido amistoso entre la Selecci\u00f3n Argentina campeona del mundo y la Sub 20<\/strong>: fueron 5 puntos y 4,9 para cada una de ellos.<\/p>\n<\/div>\n<div id=\"element-body-6\">\n<p>Con <strong>una mesa integrada por varios invitados que iban a recordar la figura de Gasalla<\/strong> (como Juana Molina, Campi y Daniel Ar\u00e1oz, entre otros), <strong>La noche de Mirtha, por El Trece, no pudo estar entre los cinco m\u00e1s vistos del d\u00eda: con apenas 3,9 <\/strong>de promedio consigui\u00f3 al menos quedar tercera en el podio interno del canal.<\/p>\n<\/div>\n<div id=\"element-body-9\">\n<p>Los podios de los otros canales quedaron as\u00ed: en Am\u00e9rica se dio un empate entre <strong>Secretos verdaderos y Pasi\u00f3n de s\u00e1bado, con 1,2<\/strong>. En Elnueve gan\u00f3 <strong>Laura <\/strong>con 1 punto.<\/p>\n<\/div>\n<div id=\"element-body-10\">\n<p>En la Televisi\u00f3n P\u00fablica lider\u00f3<strong> Se siente Argentina<\/strong>, con 0,4, en Net gan\u00f3<strong> <\/strong><em>Cine Club<\/em> con 0,3 (se emiti\u00f3 la pel\u00edcula<strong> Hombre  del oeste<\/strong>) y, en Bravo<strong> encabez\u00f3 QR, con 0,2<\/strong>.<\/p>\n<\/div>\n<div id=\"element-body-12\">\n<p>La lucha general entre los canales qued\u00f3 de esta manera: <strong>Telefe arriba con 5,1<\/strong> seguido por <strong>El Trece con 4<\/strong>, cifras que, de todos modos, <strong>los aleja mucho del pelot\u00f3n que los persigue<\/strong>.<\/p>\n<\/div>\n<div id=\"element-body-14\">\n<p><strong>Am\u00e9rica qued\u00f3 tercero con 1,1 punto, cuatro d\u00e9cimas m\u00e1s que Elnueve.<\/strong> La TV P\u00fablica qued\u00f3 quinta con 0,2, seguida por Net y Bravo con un empate en 0,1.<\/p>\n<\/div>\n<div id=\"element-body-15\">\n<p><strong>Este domingo 23 de marzo no habr\u00e1 gala de eliminaci\u00f3n de Gran hermano, ya que la definici\u00f3n de la placa negativa se pas\u00f3 para el lunes 24<\/strong>. Esta noche se emitir\u00e1 la fiesta semanal que hacen los viernes dentro de la casa, en el contexto de <strong>La noche de los ex<\/strong>.<\/p>\n<\/div>\n<div id=\"element-body-16\">\n<p><strong>Y este lunes s\u00ed habr\u00e1 noche de eliminaci\u00f3n entre los ocho nominados de la casa<\/strong>, en una placa caliente, porque hay varios personajes fuertes luchando por seguir en el juego:<strong> Chiara, Luciana, Luz, Tato, Eugenia, Claudio, Selva y Gabriella<\/strong>. Si bien se arm\u00f3 con el voto de los participantes,<strong> la pulida final la logr\u00f3 Furia, l\u00edder de la semana, moviendo algunos nombres<\/strong>.<\/p>\n<\/div>\n<p><br \/>\n<br \/><a href=\"https:\/\/www.clarin.com\/espectaculos\/rating-telefe-trece-rindieron-homenaje-gasalla-semana-muerte-tributo-visto-sabado_0_lDsQKgjrvZ.html\">Fuente Clarin.com <\/a><\/p>\n","protected":false},"excerpt":{"rendered":"<p>A cuatro d\u00edas de su muerte, a los 84 a\u00f1os, Antonio Gasalla fue una de las figuras de la TV de este s\u00e1bado 22 de marzo, en el contexto de los homenajes a su trayectoria. Pero ni el tributo que le rindi\u00f3 Mirtha Legrand en su programa ni la en\u00e9sima repetici\u00f3n de Esperando la carroza [&hellip;]<\/p>\n","protected":false},"author":1,"featured_media":14389,"comment_status":"open","ping_status":"open","sticky":false,"template":"","format":"standard","meta":{"footnotes":""},"categories":[2],"tags":[100,105,12404,1712,155,1506,265,13263,2156,982,2337,3169,13264,6958],"class_list":["post-14388","post","type-post","status-publish","format-standard","has-post-thumbnail","hentry","category-ultimas-noticias","tag-del","tag-fue","tag-gasalla","tag-homenaje","tag-mas","tag-muerte","tag-pero","tag-rindieron","tag-sabado","tag-semana","tag-telefe","tag-trece","tag-tributo","tag-visto"],"_links":{"self":[{"href":"https:\/\/13.com.ar\/index.php\/wp-json\/wp\/v2\/posts\/14388","targetHints":{"allow":["GET"]}}],"collection":[{"href":"https:\/\/13.com.ar\/index.php\/wp-json\/wp\/v2\/posts"}],"about":[{"href":"https:\/\/13.com.ar\/index.php\/wp-json\/wp\/v2\/types\/post"}],"author":[{"embeddable":true,"href":"https:\/\/13.com.ar\/index.php\/wp-json\/wp\/v2\/users\/1"}],"replies":[{"embeddable":true,"href":"https:\/\/13.com.ar\/index.php\/wp-json\/wp\/v2\/comments?post=14388"}],"version-history":[{"count":0,"href":"https:\/\/13.com.ar\/index.php\/wp-json\/wp\/v2\/posts\/14388\/revisions"}],"wp:featuredmedia":[{"embeddable":true,"href":"https:\/\/13.com.ar\/index.php\/wp-json\/wp\/v2\/media\/14389"}],"wp:attachment":[{"href":"https:\/\/13.com.ar\/index.php\/wp-json\/wp\/v2\/media?parent=14388"}],"wp:term":[{"taxonomy":"category","embeddable":true,"href":"https:\/\/13.com.ar\/index.php\/wp-json\/wp\/v2\/categories?post=14388"},{"taxonomy":"post_tag","embeddable":true,"href":"https:\/\/13.com.ar\/index.php\/wp-json\/wp\/v2\/tags?post=14388"}],"curies":[{"name":"wp","href":"https:\/\/api.w.org\/{rel}","templated":true}]}}