{"id":14380,"date":"2025-03-23T12:48:28","date_gmt":"2025-03-23T15:48:28","guid":{"rendered":"https:\/\/13.com.ar\/index.php\/detuvieron-a-un-sospechoso-de-decapitar-a-un-hombre-en-ciudadela-y-tirar-la-cabeza-en-un-contenedor-de-basura\/"},"modified":"2025-03-23T12:48:28","modified_gmt":"2025-03-23T15:48:28","slug":"detuvieron-a-un-sospechoso-de-decapitar-a-un-hombre-en-ciudadela-y-tirar-la-cabeza-en-un-contenedor-de-basura","status":"publish","type":"post","link":"https:\/\/13.com.ar\/index.php\/detuvieron-a-un-sospechoso-de-decapitar-a-un-hombre-en-ciudadela-y-tirar-la-cabeza-en-un-contenedor-de-basura\/","title":{"rendered":"Detuvieron a un sospechoso de decapitar a un hombre en Ciudadela y tirar la cabeza en un contenedor de basura"},"content":{"rendered":"<p> <br \/>\n<br \/><img decoding=\"async\" src=\"https:\/\/13.com.ar\/wp-content\/uploads\/2025\/03\/Detuvieron-a-un-sospechoso-de-decapitar-a-un-hombre-en.jpg\" \/><\/p>\n<div id=\"element-body-0\">\n<p>Un hombre que era buscado desde hace d\u00edas, por ser sospechoso de decapitar a un ciudadano dominicano y tirar su cabeza a un contenedor de basura dentro de una bolsa en la localidad bonaerense de Ciudadela, fue<strong> detenido en Liniers <\/strong>cuando intentaba escapar tras haber <strong>robado cientos de pares de medias<\/strong> en un local de la zona.<\/p>\n<\/div>\n<div id=\"element-body-1\">\n<p>La detenci\u00f3n del hombre -del que solo se inform\u00f3 que tiene 45 a\u00f1os- ocurri\u00f3 alrededor de las 3 de la ma\u00f1ana del s\u00e1bado, despu\u00e9s de que junto a un adolescente de 16 a\u00f1os hab\u00edan robado en un local comercial de la calle Jos\u00e9 Le\u00f3n Su\u00e1rez 90 violentando el frente del comercio.<\/p>\n<\/div>\n<div id=\"element-body-2\">\n<p>Agentes de la Comisar\u00eda Vecinal 9B que hab\u00edan llegado al lugar por la denuncia de un vecino armaron un operativo cerrojo para detener a los ladrones, lo que finalmente ocurri\u00f3 cuando atraparon a uno en la intersecci\u00f3n de la calle Cuzco y las v\u00edas del ferrocarril Sarmiento (a metros de la estaci\u00f3n Liniers) y al restante en el cruce de la calle Ram\u00f3n Falc\u00f3n y avenida General Paz.<\/p>\n<\/div>\n<div id=\"element-body-3\">\n<p>Uno de ellos ten\u00eda en su poder una caja de cart\u00f3n con 27 paquetes que a su vez conten\u00edan 324 pares de medias, que hab\u00edan sido robados del local comercial minutos antes.<\/p>\n<\/div>\n<div id=\"element-body-4\">\n<p>Al identificar a ambos, la Polic\u00eda de la Ciudad pudo corroborar que uno de los detenidos, de 45 a\u00f1os, ten\u00eda un pedido de captura vigente por parte del Juzgado de Garant\u00edas de San Mart\u00edn por una causa de \u201chomicidio agravado por ensa\u00f1amiento en curso real, con privaci\u00f3n ilegal de la libertad agravada por su comisi\u00f3n con violencia, amenaza y tortura\u201d.<\/p>\n<\/div>\n<div id=\"element-body-6\">\n<p>Se trata del hecho descubierto el lunes ultimo, cuando una pareja encontr\u00f3 una cabeza dentro de un contenedor de basura en Boquer\u00f3n y Buenos Aires, en Ciudadela. Un d\u00eda despu\u00e9s, el resto del cuerpo apareci\u00f3 en una casa en San Mart\u00edn al 200, a siete cuadras del hallazgo anterior. El mi\u00e9rcoles, lograron identificar a la v\u00edctima: se llamaba Brunildo S\u00e1nchez Concepci\u00f3n, ten\u00eda 43 a\u00f1os y era de Republica Dominicana.<\/p>\n<\/div>\n<p><br \/>\n<br \/><a href=\"https:\/\/www.clarin.com\/policiales\/detuvieron-sospechoso-decapitar-hombre-ciudadela-tirar-cabeza-contenedor-basura_0_XxUhV4rTYl.html\">Fuente Clarin.com <\/a><\/p>\n","protected":false},"excerpt":{"rendered":"<p>Un hombre que era buscado desde hace d\u00edas, por ser sospechoso de decapitar a un ciudadano dominicano y tirar su cabeza a un contenedor de basura dentro de una bolsa en la localidad bonaerense de Ciudadela, fue detenido en Liniers cuando intentaba escapar tras haber robado cientos de pares de medias en un local de [&hellip;]<\/p>\n","protected":false},"author":1,"featured_media":14381,"comment_status":"open","ping_status":"open","sticky":false,"template":"","format":"standard","meta":{"footnotes":""},"categories":[2],"tags":[4912,5433,13258,12394,13257,1148,532,6832,1796],"class_list":["post-14380","post","type-post","status-publish","format-standard","has-post-thumbnail","hentry","category-ultimas-noticias","tag-basura","tag-cabeza","tag-ciudadela","tag-contenedor","tag-decapitar","tag-detuvieron","tag-hombre","tag-sospechoso","tag-tirar"],"_links":{"self":[{"href":"https:\/\/13.com.ar\/index.php\/wp-json\/wp\/v2\/posts\/14380","targetHints":{"allow":["GET"]}}],"collection":[{"href":"https:\/\/13.com.ar\/index.php\/wp-json\/wp\/v2\/posts"}],"about":[{"href":"https:\/\/13.com.ar\/index.php\/wp-json\/wp\/v2\/types\/post"}],"author":[{"embeddable":true,"href":"https:\/\/13.com.ar\/index.php\/wp-json\/wp\/v2\/users\/1"}],"replies":[{"embeddable":true,"href":"https:\/\/13.com.ar\/index.php\/wp-json\/wp\/v2\/comments?post=14380"}],"version-history":[{"count":0,"href":"https:\/\/13.com.ar\/index.php\/wp-json\/wp\/v2\/posts\/14380\/revisions"}],"wp:featuredmedia":[{"embeddable":true,"href":"https:\/\/13.com.ar\/index.php\/wp-json\/wp\/v2\/media\/14381"}],"wp:attachment":[{"href":"https:\/\/13.com.ar\/index.php\/wp-json\/wp\/v2\/media?parent=14380"}],"wp:term":[{"taxonomy":"category","embeddable":true,"href":"https:\/\/13.com.ar\/index.php\/wp-json\/wp\/v2\/categories?post=14380"},{"taxonomy":"post_tag","embeddable":true,"href":"https:\/\/13.com.ar\/index.php\/wp-json\/wp\/v2\/tags?post=14380"}],"curies":[{"name":"wp","href":"https:\/\/api.w.org\/{rel}","templated":true}]}}