{"id":14376,"date":"2025-03-23T12:39:30","date_gmt":"2025-03-23T15:39:30","guid":{"rendered":"https:\/\/13.com.ar\/index.php\/hay-un-detenido-y-14-motos-secuestradas\/"},"modified":"2025-03-23T12:39:30","modified_gmt":"2025-03-23T15:39:30","slug":"hay-un-detenido-y-14-motos-secuestradas","status":"publish","type":"post","link":"https:\/\/13.com.ar\/index.php\/hay-un-detenido-y-14-motos-secuestradas\/","title":{"rendered":"hay un detenido y 14 motos secuestradas"},"content":{"rendered":"<p> <br \/>\n<br \/><img decoding=\"async\" src=\"https:\/\/13.com.ar\/wp-content\/uploads\/2025\/03\/hay-un-detenido-y-14-motos-secuestradas.jpg\" \/><\/p>\n<div id=\"element-body-0\">\n<p>Dos inspectores de tr\u00e1nsito fueron v\u00edctimas de <strong>un ataque de un grupo de motociclistas<\/strong> cuando estaban desarrollando un operativo de control. Ocurri\u00f3 durante la madrugada de este s\u00e1bado, en <strong>Neuqu\u00e9n<\/strong>. Todo se desmadr\u00f3 cuando una moto fue retenida por los inspectores. <strong>Empujones, pi\u00f1as, patadas y dos de los inspectores que resultaron heridos<\/strong>. El operativo culmin\u00f3 con un menor detenido, y 14 motos secuestradas. Un esc\u00e1ndalo.<\/p>\n<\/div>\n<div id=\"element-body-1\">\n<p>Seg\u00fan publicaron medios locales, el conflicto entre los vecinos neuquinos y un grupo de motoqueros identificados como \u201cStunt Neuqu\u00e9n\u201d, viene de larga data. La agrupaci\u00f3n organiza &#8220;juntadas&#8221; en distintos puntos de la ciudad.  <\/p>\n<\/div>\n<div id=\"element-body-2\">\n<p>Los vienen denunciando por dichas &#8220;juntadas nocturnas&#8221; que incluyen <strong>&#8220;picadas clandestinas&#8221; y &#8220;ruidos molestos&#8221;<\/strong>. Pero lo ocurrido durante este fin de semana se viraliz\u00f3 las redes gracias a la filmaci\u00f3n de un testigo. <\/p>\n<\/div>\n<div id=\"element-body-3\">\n<p>Durante las \u00faltimas horas del viernes, el grupo de motociclistas estaba reunido en una zona denominada Isla 132. Pero un operativo de tr\u00e1nsito trastoc\u00f3 los planes de reuni\u00f3n. Hubo un contralor y tambi\u00e9n el secuestro de una de las motos. Luego de eso, todo se desmadr\u00f3.<\/p>\n<\/div>\n<div id=\"element-body-4\">\n<p>&#8220;El operativo comenz\u00f3 cerca de las 23 en el Parque Lineal del barrio Uni\u00f3n de Mayo. All\u00ed, los vecinos denunciaron maniobras peligrosas y ruidos molestos generados por varios motociclistas&#8221;, inform\u00f3 el comisario Carlos Rojo, en charla con Diario R\u00edo Negro.<\/p>\n<\/div>\n<div id=\"element-body-6\">\n<p>Pero,como el operativo se hizo p\u00fablico, el grupo motoquero decidi\u00f3 cambiar de lugar su juntada: lo hizo en Isla 132. En el sector denominado &#8220;de los carritos&#8221;, pasada la medianoche. Un sector muy popular en Neuqu\u00e9n, el &#8220;Paseo de la Costa&#8221;. <\/p>\n<\/div>\n<div id=\"element-body-7\">\n<p>Durante la madrugada, y en pleno control de tr\u00e1nsito, una moto fue secuestrada por &#8220;falta de documentaci\u00f3n&#8221;. La reacci\u00f3n del motociclista fue increpar a los trabajadores p\u00fablicos. Y lo que sigue es lo que se ve en el video que es por dem\u00e1s descriptivo. <\/p>\n<\/div>\n<div id=\"element-body-8\">\n<p>Varios motociclistas acuden al lugar donde se estaba desarrollando el control vehicular y atacan directamente a los inspectores de tr\u00e1nsito. <strong>Empujones, pi\u00f1as y patadas entre lo que se puede ver en medio de la noche<\/strong>.<\/p>\n<\/div>\n<div id=\"element-body-9\">\n<p>Es m\u00e1s, una de las inspectoras que se movilizaba en una moto oficial intent\u00f3 ayudar a su compa\u00f1ero, que estaba en el piso ca\u00eddo y fue interceptada: <strong>le dieron una patada a su moto y la agente termin\u00f3 en el piso<\/strong>.<\/p>\n<\/div>\n<div id=\"element-body-10\">\n<p> &#8220;Estos chicos permanentemente est\u00e1n convocando a realizar disturbios en la v\u00eda p\u00fablica y conducen violando las normas de tr\u00e1nsito&#8221;, explic\u00f3 el referente de Protecci\u00f3n Ciudadana de Neuqu\u00e9n, Francisco Baggio.<\/p>\n<\/div>\n<div id=\"element-body-11\">\n<p>En charla con La Ma\u00f1ana de Neuqu\u00e9n, el funcionario municipal confirm\u00f3 que &#8220;agredieron violentamente a dos inspectores&#8221; y que uno de ellos es &#8220;el director de control de Operativos Especiales&#8221;. <\/p>\n<\/div>\n<div id=\"element-body-12\">\n<p>&#8220;Est\u00e1n los videos donde se ve que primero lo golpean entre varios, lo empujan, le quitan el casco y le pegan en la nuca. Se puede ver con claridad. Tambi\u00e9n a la directora general de Tr\u00e1nsito, a quien le patean la moto, ella se cae de costado y tiene un fuerte golpe en el hombro y la cabeza&#8221;, detall\u00f3.<\/p>\n<\/div>\n<div id=\"element-body-13\">\n<p>Fuentes policiales confirmaron que un menor de edad result\u00f3 detenido, tras la agresi\u00f3n y que 14 motos fueron secuestradas. De hecho, se\u00f1alaron que la mayor\u00eda de los agresores, eran menores de edad. <\/p>\n<\/div>\n<div id=\"element-body-14\">\n<p>La inspectora que result\u00f3 herida, luego de caerse de su Tornado 250cc, denunci\u00f3 al menor de edad por la agresi\u00f3n y porque con la ca\u00edda se lesion\u00f3 una rodilla. Tambi\u00e9n por los da\u00f1os que sufri\u00f3 su moto.<\/p>\n<\/div>\n<p><br \/>\n<br \/><a href=\"https:\/\/www.clarin.com\/sociedad\/violento-ataque-motociclistas-inspectores-transito-neuquen-detenido-14-motos-secuestradas_0_OBWREM9sMd.html\">Fuente Clarin.com <\/a><\/p>\n","protected":false},"excerpt":{"rendered":"<p>Dos inspectores de tr\u00e1nsito fueron v\u00edctimas de un ataque de un grupo de motociclistas cuando estaban desarrollando un operativo de control. Ocurri\u00f3 durante la madrugada de este s\u00e1bado, en Neuqu\u00e9n. Todo se desmadr\u00f3 cuando una moto fue retenida por los inspectores. Empujones, pi\u00f1as, patadas y dos de los inspectores que resultaron heridos. El operativo culmin\u00f3 [&hellip;]<\/p>\n","protected":false},"author":1,"featured_media":14377,"comment_status":"open","ping_status":"open","sticky":false,"template":"","format":"standard","meta":{"footnotes":""},"categories":[2],"tags":[1360,942,10179,12191],"class_list":["post-14376","post","type-post","status-publish","format-standard","has-post-thumbnail","hentry","category-ultimas-noticias","tag-detenido","tag-hay","tag-motos","tag-secuestradas"],"_links":{"self":[{"href":"https:\/\/13.com.ar\/index.php\/wp-json\/wp\/v2\/posts\/14376","targetHints":{"allow":["GET"]}}],"collection":[{"href":"https:\/\/13.com.ar\/index.php\/wp-json\/wp\/v2\/posts"}],"about":[{"href":"https:\/\/13.com.ar\/index.php\/wp-json\/wp\/v2\/types\/post"}],"author":[{"embeddable":true,"href":"https:\/\/13.com.ar\/index.php\/wp-json\/wp\/v2\/users\/1"}],"replies":[{"embeddable":true,"href":"https:\/\/13.com.ar\/index.php\/wp-json\/wp\/v2\/comments?post=14376"}],"version-history":[{"count":0,"href":"https:\/\/13.com.ar\/index.php\/wp-json\/wp\/v2\/posts\/14376\/revisions"}],"wp:featuredmedia":[{"embeddable":true,"href":"https:\/\/13.com.ar\/index.php\/wp-json\/wp\/v2\/media\/14377"}],"wp:attachment":[{"href":"https:\/\/13.com.ar\/index.php\/wp-json\/wp\/v2\/media?parent=14376"}],"wp:term":[{"taxonomy":"category","embeddable":true,"href":"https:\/\/13.com.ar\/index.php\/wp-json\/wp\/v2\/categories?post=14376"},{"taxonomy":"post_tag","embeddable":true,"href":"https:\/\/13.com.ar\/index.php\/wp-json\/wp\/v2\/tags?post=14376"}],"curies":[{"name":"wp","href":"https:\/\/api.w.org\/{rel}","templated":true}]}}