{"id":1420,"date":"2025-02-02T18:37:31","date_gmt":"2025-02-02T21:37:31","guid":{"rendered":"https:\/\/13.com.ar\/index.php\/benjamin-netanyahu-llega-a-la-casa-blanca-para-analizar-con-donald-trump-la-segunda-fase-de-la-tregua-con-hamas-en-gaza\/"},"modified":"2025-02-02T18:37:31","modified_gmt":"2025-02-02T21:37:31","slug":"benjamin-netanyahu-llega-a-la-casa-blanca-para-analizar-con-donald-trump-la-segunda-fase-de-la-tregua-con-hamas-en-gaza","status":"publish","type":"post","link":"https:\/\/13.com.ar\/index.php\/benjamin-netanyahu-llega-a-la-casa-blanca-para-analizar-con-donald-trump-la-segunda-fase-de-la-tregua-con-hamas-en-gaza\/","title":{"rendered":"Benjam\u00edn Netanyahu llega a la Casa Blanca para analizar con Donald Trump la segunda fase de la tregua con Hamas en Gaza"},"content":{"rendered":"<p> <br \/>\n<\/p>\n<div id=\"cuerpo\">\n<div class=\"sc-80531b6b-0 chRIGJ container-text text-embed\">\n<p>El premier israel\u00ed Benjamin Netanyahu viaj\u00f3 este domingo a Washington para reunirse con el presidente Donald Trump y ser\u00e1 el primer l\u00edder extranjero en hacerlo desde la reciente toma de posesi\u00f3n del republicano. El jefe conservador busca consolidar el respaldo de Estados Unidos y discutir con la Casa Blanca<strong> la segunda etapa de la tregua con el grupo Hamas en Gaza.<\/strong><\/p>\n<\/div>\n<div class=\"sc-80531b6b-0 chRIGJ container-text text-embed\">\n<p>Antes de subir al avi\u00f3n en Tel Aviv, Netanyahu dijo que este martes abordar\u00e1 con Trump cuestiones como \u201cla victoria contra Hamas, el regreso de todos nuestros rehenes y la lucha contra el eje iran\u00ed en todas sus dimensiones\u201d, en un momento crucial de la tregua con el grupo fundamentalista.<\/p>\n<\/div>\n<div class=\"sc-198be8ec-0 cynXbu image-embed  image-embed \"><picture class=\"sc-198be8ec-1 kOjRiQ\"><source media=\"(min-width: 975px)\" width=\"720\" height=\"480\" \/><img alt=\"Imagen de archivo de una reuni\u00f3n de Netanyahu y Trump en la Casa Blanca en 2020 (Reuters) \" loading=\"lazy\" width=\"720\" height=\"480\" decoding=\"async\" data-nimg=\"1\" style=\"color:transparent\" src=\"https:\/\/13.com.ar\/wp-content\/uploads\/2025\/02\/Benjamin-Netanyahu-llega-a-la-Casa-Blanca-para-analizar-con.jpg\"\/><span class=\"epigraphe\">Imagen de archivo de una reuni\u00f3n de Netanyahu y Trump en la Casa Blanca en 2020 (Reuters) <\/span><span class=\"bkg\"\/><span class=\"picture-open\"><button class=\"open-image\" aria-label=\"Open Image\"\/><\/span><\/picture><\/div>\n<div class=\"sc-80531b6b-0 chRIGJ container-text text-embed\">\n<p>Mientras Netanyahu volaba a Estados Unidos, <strong>su gobierno anunci\u00f3 que Israel no enviar\u00eda este lunes una delegaci\u00f3n negociadora a Doha<\/strong> para iniciar las conversaciones indirectas con Hamas sobre la segunda fase del alto el fuego en Gaza, a pesar de que el acuerdo estipula que es el d\u00eda en que deben comenzar, seg\u00fan confirm\u00f3 a EFE un funcionario israel\u00ed.<\/p>\n<\/div>\n<div class=\"sc-80531b6b-0 chRIGJ container-text text-embed\">\n<p> \u201cEn estos momentos no se espera que una delegaci\u00f3n israel\u00ed viaje\u201d, asegur\u00f3 esta fuente, que sin embargo insisti\u00f3 en que las partes y los mediadores nunca han dejado de comunicarse y que \u201clas conversaciones sobre la segunda fase han comenzado en cierta medida\u201d.<\/p>\n<\/div>\n<div class=\"sc-80531b6b-0 chRIGJ container-text text-embed\">\n<p>El dirigente de Hamas Mahmud Mardawi dijo a EFE que el grupo palestino era consciente del retraso: \u201cSobre Netanyahu y su equipo negociador, <strong>est\u00e1 esperando a ver la posici\u00f3n de (Donald) Trump y entonces har\u00e1 un movimiento\u201d.<\/strong><\/p>\n<\/div>\n<div class=\"sc-80531b6b-0 chRIGJ container-text text-embed\">\n<p>\u201cEstamos afrontando una etapa importante que debe poner fin a la guerra, completar la retirada (israel\u00ed), establecer el camino de la reconstrucci\u00f3n\u201d en Gaza, a\u00f1adi\u00f3. Seg\u00fan el diario israel\u00ed <strong>Walla<\/strong>, Netanyahu cancel\u00f3 en el \u00faltimo minuto la reuni\u00f3n que ten\u00eda prevista para el s\u00e1bado con el jefe del Mosad, David Barnea, su hom\u00f3logo en el Shin Bet (la agencia interior), Ronen Bar, y otros negociadores que en los \u00faltimos meses se han encontrado con los mediadores en Doha. <\/p>\n<\/div>\n<div class=\"sc-80531b6b-0 chRIGJ container-text text-embed\">\n<p>Este diario asegur\u00f3 que<strong> el primer ministro no enviar\u00e1 una delegaci\u00f3n hasta haberse reunido con Trump el martes en Washington.<\/strong><\/p>\n<\/div>\n<div class=\"sc-80531b6b-0 chRIGJ container-text text-embed\">\n<p>Aunque Israel no enviar\u00e1 una delegaci\u00f3n, Netanyahu plantea abordar este lunes con el enviado de Trump para Oriente Medio, Steve Witkoff, \u201clos pasos para avanzar en las negociaciones, incluidas las fechas para que las delegaciones salgan a las conversaciones\u201d, seg\u00fan un comunicado de su Oficina. <\/p>\n<\/div>\n<div class=\"sc-198be8ec-0 cynXbu image-embed  image-embed \"><picture class=\"sc-198be8ec-1 kOjRiQ\"><source media=\"(min-width: 975px)\" width=\"720\" height=\"480\" \/><img alt=\"Familiares de rehenes israel\u00edes en una de las marchas en Jerusal+en (Reuters)\" loading=\"lazy\" width=\"720\" height=\"480\" decoding=\"async\" data-nimg=\"1\" style=\"color:transparent\" src=\"https:\/\/13.com.ar\/wp-content\/uploads\/2025\/02\/1738532251_386_Benjamin-Netanyahu-llega-a-la-Casa-Blanca-para-analizar-con.jpg\"\/><span class=\"epigraphe\">Familiares de rehenes israel\u00edes en una de las marchas en Jerusal+en (Reuters)<\/span><span class=\"bkg\"\/><span class=\"picture-open\"><button class=\"open-image\" aria-label=\"Open Image\"\/><\/span><\/picture><\/div>\n<div class=\"sc-80531b6b-0 chRIGJ container-text text-embed\">\n<p>Adem\u00e1s, esta previsto que Witkoff tambi\u00e9n debata con el primer ministro qatar\u00ed y con altos representantes de Egipto <strong>el avance del alto el fuego a finales de esta semana.<\/strong><\/p>\n<\/div>\n<div class=\"sc-80531b6b-0 chRIGJ container-text text-embed\">\n<p>El primer ministro de Qatar, Mohamed Bin Abdulrahman, pidi\u00f3 este domingo a las partes que se involucren de cara a las negociaciones de la segunda fase: \u201cHemos visto que este es el \u00fanico medio para conseguir una soluci\u00f3n a trav\u00e9s del intercambio de rehenes y prisioneros y poner fin a la guerra\u201d.<\/p>\n<\/div>\n<div class=\"sc-80531b6b-0 chRIGJ container-text text-embed\">\n<p>En una rueda de prensa conjunta con el ministro de Exteriores turco, Hakan Fidan, Abdulrahman insisti\u00f3 en que \u201cser\u00e1 muy triste\u201d que peligren las negociaciones y \u201cno se inicien las conversaciones para la segunda fase\u201d.<\/p>\n<\/div>\n<div class=\"sc-80531b6b-0 chRIGJ container-text text-embed\">\n<p>El acuerdo de alto el fuego en Gaza estipula que, a partir del d\u00eda 16 de tregua (lunes), las partes deber\u00e1n negociar los t\u00e9rminos de la segunda fase, por lo que cualquier retraso supondr\u00eda una violaci\u00f3n del acuerdo.<\/p>\n<\/div>\n<div class=\"sc-80531b6b-0 chRIGJ container-text text-embed\">\n<p>La primera fase del cese del fuego, en curso, ya ha permitido la liberaci\u00f3n de 13 israel\u00edes, adem\u00e1s de cinco tailandeses, a cambio de m\u00e1s de medio millar de presos palestinos en c\u00e1rceles de Israel. Se espera que Hamas libere a otros 20 rehenes, de los 79 que a\u00fan permanecen en el enclave, a lo largo del mes de febrero, a cambio de m\u00e1s de un millar de presos palestinos.<\/p>\n<\/div>\n<div class=\"sc-80531b6b-0 chRIGJ container-text text-embed\">\n<p>Durante su primer mandato, Trump repiti\u00f3 que Israel \u201cnunca hab\u00eda tenido un mejor amigo en la Casa Blanca\u201d. Tras el ataque del grupo terrorista del 7 de octubre de 2023, su predecesor, Joe Biden, ofreci\u00f3 pleno apoyo al aliado israel\u00ed aunque a veces mostr\u00f3 cierta distancia por el gran n\u00famero de v\u00edctimas civiles de la guerra en Gaza y la insuficiente entrada de ayuda humanitaria en el enclave.<\/p>\n<\/div>\n<div class=\"sc-80531b6b-0 chRIGJ container-text text-embed\">\n<p>En pocos d\u00edas Donald Trump ha establecido un nuevo marco y entre otras cosas propuso \u201climpiar\u201d Gaza y <strong>trasladar a los palestinos a lugares \u201cm\u00e1s seguros\u201d como Egipto o Jordania.<\/strong> Tambi\u00e9n desbloque\u00f3 la entrega a Israel de bombas de 900 kilos), que su predecesor hab\u00eda suspendido. Adem\u00e1s cancel\u00f3 las sanciones financieras contra los colonos israel\u00edes de Cisjordania, acusados de violencia antipalestina.<\/p>\n<\/div>\n<div class=\"sc-80531b6b-0 chRIGJ container-text text-embed\">\n<p><strong>Para Netanyahu, tener una relaci\u00f3n privilegiada con la Casa Blanca es un esencial.<\/strong> Es probable que Trump intente arrancar concesiones al premierpara que normalice las relaciones entre Israel y Arabia Saudita. Desde los ataques del 7 de octubre, los sauditas afirman que la normalizaci\u00f3n solo ser\u00e1 posible con una soluci\u00f3n duradera y viable para los palestinos.<\/p>\n<\/div>\n<\/div>\n<p><br \/>\n<br \/><a href=\"https:\/\/www.clarin.com\/mundo\/benjamin-netanyahu-llega-casa-blanca-analizar-donald-trump-segunda-fase-tregua-hamas-gaza_0_OGEPnuiOl9.html\">Fuente Clarin.com <\/a><\/p>\n","protected":false},"excerpt":{"rendered":"<p>El premier israel\u00ed Benjamin Netanyahu viaj\u00f3 este domingo a Washington para reunirse con el presidente Donald Trump y ser\u00e1 el primer l\u00edder extranjero en hacerlo desde la reciente toma de posesi\u00f3n del republicano. El jefe conservador busca consolidar el respaldo de Estados Unidos y discutir con la Casa Blanca la segunda etapa de la tregua [&hellip;]<\/p>\n","protected":false},"author":1,"featured_media":1421,"comment_status":"open","ping_status":"open","sticky":false,"template":"","format":"standard","meta":{"footnotes":""},"categories":[2],"tags":[2198,1694,3038,108,18,178,1301,1542,1461,2041,3037,16,110,3039,179],"class_list":["post-1420","post","type-post","status-publish","format-standard","has-post-thumbnail","hentry","category-ultimas-noticias","tag-analizar","tag-benjamin","tag-blanca","tag-casa","tag-con","tag-donald","tag-fase","tag-gaza","tag-hamas","tag-llega","tag-netanyahu","tag-para","tag-segunda","tag-tregua","tag-trump"],"_links":{"self":[{"href":"https:\/\/13.com.ar\/index.php\/wp-json\/wp\/v2\/posts\/1420","targetHints":{"allow":["GET"]}}],"collection":[{"href":"https:\/\/13.com.ar\/index.php\/wp-json\/wp\/v2\/posts"}],"about":[{"href":"https:\/\/13.com.ar\/index.php\/wp-json\/wp\/v2\/types\/post"}],"author":[{"embeddable":true,"href":"https:\/\/13.com.ar\/index.php\/wp-json\/wp\/v2\/users\/1"}],"replies":[{"embeddable":true,"href":"https:\/\/13.com.ar\/index.php\/wp-json\/wp\/v2\/comments?post=1420"}],"version-history":[{"count":0,"href":"https:\/\/13.com.ar\/index.php\/wp-json\/wp\/v2\/posts\/1420\/revisions"}],"wp:featuredmedia":[{"embeddable":true,"href":"https:\/\/13.com.ar\/index.php\/wp-json\/wp\/v2\/media\/1421"}],"wp:attachment":[{"href":"https:\/\/13.com.ar\/index.php\/wp-json\/wp\/v2\/media?parent=1420"}],"wp:term":[{"taxonomy":"category","embeddable":true,"href":"https:\/\/13.com.ar\/index.php\/wp-json\/wp\/v2\/categories?post=1420"},{"taxonomy":"post_tag","embeddable":true,"href":"https:\/\/13.com.ar\/index.php\/wp-json\/wp\/v2\/tags?post=1420"}],"curies":[{"name":"wp","href":"https:\/\/api.w.org\/{rel}","templated":true}]}}