{"id":14144,"date":"2025-03-22T05:20:40","date_gmt":"2025-03-22T08:20:40","guid":{"rendered":"https:\/\/13.com.ar\/index.php\/la-vio-pero-habia-que-tener-coraje\/"},"modified":"2025-03-22T05:20:40","modified_gmt":"2025-03-22T08:20:40","slug":"la-vio-pero-habia-que-tener-coraje","status":"publish","type":"post","link":"https:\/\/13.com.ar\/index.php\/la-vio-pero-habia-que-tener-coraje\/","title":{"rendered":"La vio, pero hab\u00eda que tener coraje&#8230;"},"content":{"rendered":"<p> <br \/>\n<br \/><img decoding=\"async\" src=\"https:\/\/13.com.ar\/wp-content\/uploads\/2025\/03\/La-vio-pero-habia-que-tener-coraje.jpg\" \/><\/p>\n<div id=\"element-body-0\">\n<p>En la saga de la <strong>\u201cagricultura liviana\u201d<\/strong>, que es la caracter\u00edstica distintiva de la Segunda Revoluci\u00f3n de la Pampas y la base de su extraordinaria <strong>eficiencia (econ\u00f3mica y ambiental)<\/strong>, es la <strong>hora de ajustar la punter\u00eda<\/strong>. La precisi\u00f3n, que estuvo omnipresente en <strong>Expoagro 2025<\/strong>.<\/p>\n<\/div>\n<div id=\"element-body-1\">\n<p>Y sin dar respiro, esta semana vivimos una vuelta de tuerca con el impactante rally de <strong>Don Mario<\/strong>, en Chacabuco, Jun\u00edn y Am\u00e9rica, donde se mostr\u00f3 que tambi\u00e9n lleg\u00f3 la <strong>gen\u00e9tica de precisi\u00f3n<\/strong> (p\u00e1g 4 y 5). Un salto tecnol\u00f3gico que subraya el<strong> liderazgo del pa\u00eds<\/strong> en el nuevo rumbo de la forma de <strong>producir alimentos, fibras y bioenerg\u00eda a nivel global<\/strong>.<\/p>\n<\/div>\n<div id=\"element-body-2\">\n<p>Don Mario es la <strong>n\u00famero uno del mundo en gen\u00e9tica de soja<\/strong>, el cultivo que proporcionalmente m\u00e1s ha crecido en superficie y producci\u00f3n en los \u00faltimos treinta a\u00f1os. <strong>La cosecha total pas\u00f3 de 100 a 400 millones de toneladas.<\/strong><\/p>\n<\/div>\n<div id=\"element-body-3\">\n<p>Y todo es vertiginoso. Tuvimos la oportunidad de asistir, acompa\u00f1ando a un peque\u00f1o grupo de productores, al <strong>inicio de la operaci\u00f3n en Brasil<\/strong>. Hoy, con 170 millones de toneladas, explica m\u00e1s de un tercio de la producci\u00f3n mundial. <strong>Cerca de la mitad es gen\u00e9tica Don Mario<\/strong>. Impresionante. Tambi\u00e9n <strong>est\u00e1n penetrando fuerte en Estados Unidos<\/strong>, segundo productor mundial, y hace a\u00f1os que son los n\u00famero en la Argentina, donde <strong>pagan el precio de una doble pinza: el estancamiento sojero y las fallas del sistema de propiedad intelectual<\/strong>. Que todos reconocen, pero el poncho no aparece.<\/p>\n<\/div>\n<div id=\"element-body-4\">\n<p>Un par de hechos no por todos conocidos. La empresa se inici\u00f3 <strong>hace 43 a\u00f1os<\/strong> en Chacabuco, cuando los hermanos <strong>Gerardo y Alejandro Bartolom\u00e9 se asociaron con un grupo de amigos para sembrar 50 hect\u00e1reas de soja en un campo alquilado a la madre de uno de ellos: C\u00e9sar Belloso<\/strong>. Nac\u00eda \u201cAsociados Don Mario\u201d. Con el tiempo, Gerardo fue adquiriendo las partes de sus socios, cada uno con su propio emprendimiento. Todos est\u00e1n dejando huellas\u2026<\/p>\n<\/div>\n<div id=\"element-body-5\">\n<p><strong>C\u00e9sar se convertir\u00eda en uno de los l\u00edderes de la siembra directa<\/strong>, alcanzando la presidencia de AAPRESID. Gran productor, excelente agr\u00f3nomo, <strong>emprendedor serial<\/strong>, hoy con sus hijos est\u00e1 involucrado en la producci\u00f3n de especialidades, apuntando al enorme negocio de los <strong>alimentos basados en prote\u00ednas vegetales (arvejas en particular).<\/strong><\/p>\n<\/div>\n<div id=\"element-body-6\">\n<p>Otro de los socios, <strong>Juan Pablo Jasminoy, sacerdote y educado<\/strong>r, fundador del Colegio Madre Teresa en Virreyes, una obra extraordinaria en lo pastoral y social.<\/p>\n<\/div>\n<div id=\"element-body-7\">\n<p>Cuando reci\u00e9n nac\u00eda Don Mario, <strong>Alejandro<\/strong> era el administrador de la estancia Runciman, cuando en 1984 se hizo la segunda Expodin\u00e1mica. All\u00ed lo conoc\u00ed, y segu\u00ed sus pasos hasta hoy. Arm\u00f3 una bodega en Mendoza y<strong> produce excelentes vinos<\/strong> (\u201cPielihueso\u201d).<\/p>\n<\/div>\n<div id=\"element-body-8\">\n<p>Desde hace un par de a\u00f1os, el CEO de Don Mario es <strong>Ignacio Bartolom\u00e9<\/strong>, hijo de Gerardo. Aguerrido como el padre, que llev\u00f3 el liderazgo en soja a una <strong>posici\u00f3n privilegiada en semillas de trigo y ma\u00edz h\u00edbrido<\/strong>.<\/p>\n<\/div>\n<div id=\"element-body-9\">\n<p>La gran pegada fue cuando a mediados de los &#8217;90 empujaron las <strong>variedades de grupo IV <\/strong>en soja. Cuando lleg\u00f3 el RR, la por entonces l\u00edder era Nidera, que hab\u00eda ganado espacio con cultivarles m\u00e1s largos (grupos V y VI). <strong>La combinaci\u00f3n grupo IV con RR gan\u00f3 mucho espacio<\/strong> y le dio gran prestigio a DM.<\/p>\n<\/div>\n<div id=\"element-body-10\">\n<p><strong>An\u00e9cdota que nunca cont\u00e9<\/strong>, y creo que pinta en blanco el esp\u00edritu que Gerardo imprimi\u00f3 a su empresa. Don Mario todav\u00eda no ten\u00eda un h\u00edbrido de ma\u00edz en el mercado. Hab\u00eda firmado un convenio con Golden Harvest, una de las compa\u00f1\u00edas m\u00e1s importantes en material gen\u00e9tico del corn belt de los EEUU, y proveedora de l\u00edneas a otros semilleros.<\/p>\n<\/div>\n<div id=\"element-body-11\">\n<p>Estando en el diario, a fines de los 90, recibo un cable de <strong>Reuters<\/strong> en el que informaban que Syngenta (la potente multinacional, por entonces suiza) hab\u00eda adquirido Golden Harvest. <strong>Lo llamo a Gerardo, para conocer su opini\u00f3n<\/strong>. Sorpresa total. \u201c\u00bfQu\u00e9 me est\u00e1s diciendo\u201d? <strong>Le le\u00ed el cable. No sab\u00eda nada<\/strong>.<\/p>\n<\/div>\n<div id=\"element-body-12\">\n<p>A la media hora me llama y me dice: \u201cH\u00e9ctor, acabo de cancelar el contrato con Golden Harvest\u201d. <strong>Quer\u00eda preservar su autonom\u00eda a toda costa<\/strong>. La vio, pero hab\u00eda que tener coraje. Como cuando, hace un par de a\u00f1os, adquiri\u00f3 (a t\u00edtulo personal) el paquete de LIAG, una gran empresa agropecuaria de una familia australiana con operaciones en el NOA y pampa h\u00fameda. Sin perder nunca la humildad, la vocaci\u00f3n por hacer las cosas bien, en una combinaci\u00f3n envidiable: <strong>alto impacto y bajo perfil.<\/strong> Chapeau.<\/p>\n<\/div>\n<div id=\"element-body-13\">\n<p>Y es como que <strong>la historia reci\u00e9n empieza&#8230;<\/strong><\/p>\n<\/div>\n<p><br \/>\n<br \/><a href=\"https:\/\/www.clarin.com\/rural\/vio-tener-coraje_0_gDm1u1lEV9.html\">Fuente Clarin.com <\/a><\/p>\n","protected":false},"excerpt":{"rendered":"<p>En la saga de la \u201cagricultura liviana\u201d, que es la caracter\u00edstica distintiva de la Segunda Revoluci\u00f3n de la Pampas y la base de su extraordinaria eficiencia (econ\u00f3mica y ambiental), es la hora de ajustar la punter\u00eda. La precisi\u00f3n, que estuvo omnipresente en Expoagro 2025. Y sin dar respiro, esta semana vivimos una vuelta de tuerca [&hellip;]<\/p>\n","protected":false},"author":1,"featured_media":14145,"comment_status":"open","ping_status":"open","sticky":false,"template":"","format":"standard","meta":{"footnotes":""},"categories":[2],"tags":[12261,822,265,301,222],"class_list":["post-14144","post","type-post","status-publish","format-standard","has-post-thumbnail","hentry","category-ultimas-noticias","tag-coraje","tag-habia","tag-pero","tag-tener","tag-vio"],"_links":{"self":[{"href":"https:\/\/13.com.ar\/index.php\/wp-json\/wp\/v2\/posts\/14144","targetHints":{"allow":["GET"]}}],"collection":[{"href":"https:\/\/13.com.ar\/index.php\/wp-json\/wp\/v2\/posts"}],"about":[{"href":"https:\/\/13.com.ar\/index.php\/wp-json\/wp\/v2\/types\/post"}],"author":[{"embeddable":true,"href":"https:\/\/13.com.ar\/index.php\/wp-json\/wp\/v2\/users\/1"}],"replies":[{"embeddable":true,"href":"https:\/\/13.com.ar\/index.php\/wp-json\/wp\/v2\/comments?post=14144"}],"version-history":[{"count":0,"href":"https:\/\/13.com.ar\/index.php\/wp-json\/wp\/v2\/posts\/14144\/revisions"}],"wp:featuredmedia":[{"embeddable":true,"href":"https:\/\/13.com.ar\/index.php\/wp-json\/wp\/v2\/media\/14145"}],"wp:attachment":[{"href":"https:\/\/13.com.ar\/index.php\/wp-json\/wp\/v2\/media?parent=14144"}],"wp:term":[{"taxonomy":"category","embeddable":true,"href":"https:\/\/13.com.ar\/index.php\/wp-json\/wp\/v2\/categories?post=14144"},{"taxonomy":"post_tag","embeddable":true,"href":"https:\/\/13.com.ar\/index.php\/wp-json\/wp\/v2\/tags?post=14144"}],"curies":[{"name":"wp","href":"https:\/\/api.w.org\/{rel}","templated":true}]}}