{"id":1414,"date":"2025-02-02T18:19:05","date_gmt":"2025-02-02T21:19:05","guid":{"rendered":"https:\/\/13.com.ar\/index.php\/la-justicia-lo-indaga-por-violencia-de-genero-contra-su-ex-pareja\/"},"modified":"2025-02-02T18:19:05","modified_gmt":"2025-02-02T21:19:05","slug":"la-justicia-lo-indaga-por-violencia-de-genero-contra-su-ex-pareja","status":"publish","type":"post","link":"https:\/\/13.com.ar\/index.php\/la-justicia-lo-indaga-por-violencia-de-genero-contra-su-ex-pareja\/","title":{"rendered":"la Justicia lo indaga por violencia de g\u00e9nero contra su ex pareja"},"content":{"rendered":"<p> <br \/>\n<\/p>\n<div id=\"cuerpo\">\n<div class=\"sc-80531b6b-0 chRIGJ container-text text-embed\">\n<p>Finaliza la feria judicial y en Comodoro Py hay decisiones clave que involucran a <strong>Alberto Fern\u00e1ndez<\/strong>. La justicia federal debe tomar dos decisiones determinantes sobre \u00e9l. En primer lugar si ser\u00e1 procesado, o no, por <strong>presuntos hechos de corrupci\u00f3n <\/strong>en el marco de la causa que investig\u00f3 los 45 contratos con Naci\u00f3n Seguros SA, donde intermediaron 25 brokers del rubro. Por otro lado, debe declarar este martes como imputado en el expediente que inici\u00f3 traslado a denuncia penal de <strong>Fabiola Ya\u00f1ez<\/strong>, donde se lo acusa por hechos <strong>vinculados a la violencia de g\u00e9nero.<\/strong><\/p>\n<\/div>\n<div class=\"sc-80531b6b-0 chRIGJ container-text text-embed\">\n<p>Comodoro Py, el fuero donde se investigan los delitos de corrupci\u00f3n, lavado de activos y narcotr\u00e1fico, retoma la actividad judicial en medio de un a\u00f1o electoral y con causas de alto impacto pol\u00edtico. Las primeras decisiones, sin embargo, involucran directamente a Alberto Fern\u00e1ndez.<\/p>\n<\/div>\n<div class=\"sc-80531b6b-0 chRIGJ container-text text-embed\">\n<p>El ex presidente, acusado de lesiones graves agravadas por haberse cometido en un contexto de violencia de g\u00e9nero y contra su pareja, Fabiola Ya\u00f1ez, deb\u00eda declarar el 19 de diciembre, pero despu\u00e9s de recusar al juez<strong> Juli\u00e1n Ercolini<\/strong>i y de que \u00e9ste rechazara los argumentos planteados, el caso lleg\u00f3 a la C\u00e1mara Federal porte\u00f1a.<\/p>\n<\/div>\n<div class=\"sc-80531b6b-0 chRIGJ container-text text-embed\">\n<p>Ante esa primera circunstancia el magistrado resolvi\u00f3 postergar, durante una semana, la audiencia indagatoria. Pero como el expediente lleg\u00f3 ante la instancia superior, donde de manera unipersonal el camarista <strong>Eduardo Farah<\/strong>, resolvi\u00f3 confirmar al magistrado del caso.<\/p>\n<\/div>\n<div class=\"sc-80531b6b-0 chRIGJ container-text text-embed\">\n<p>Ante esa resoluci\u00f3n el ex presidente de la Naci\u00f3n deber\u00e1 presentarse este 4 de febrero a las 11 de la ma\u00f1ana en los Tribunales de Retiro. La imputaci\u00f3n formulada en su contra refiere a <strong>lesiones leves y graves,<\/strong> agravadas por el v\u00ednculo y por haberse cometido en un marco de violencia de g\u00e9nero contra la ex primera dama.<\/p>\n<\/div>\n<div class=\"sc-198be8ec-0 cynXbu image-embed  image-embed \"><picture class=\"sc-198be8ec-1 kOjRiQ\"><source media=\"(min-width: 975px)\" width=\"720\" height=\"480\" \/><img alt=\"Fabiola Ya\u00f1ez. Foto: Noel Smart.\" loading=\"lazy\" width=\"720\" height=\"480\" decoding=\"async\" data-nimg=\"1\" style=\"color:transparent\" src=\"https:\/\/13.com.ar\/wp-content\/uploads\/2025\/02\/la-Justicia-lo-indaga-por-violencia-de-genero-contra-su.jpg\"\/><span class=\"epigraphe\">Fabiola Ya\u00f1ez. Foto: Noel Smart.<\/span><span class=\"bkg\"\/><span class=\"picture-open\"><button class=\"open-image\" aria-label=\"Open Image\"\/><\/span><\/picture><\/div>\n<div class=\"sc-80531b6b-0 chRIGJ container-text text-embed\">\n<p>La investigaci\u00f3n inici\u00f3 en agosto del a\u00f1o pasado, cuando la ex primera dama lo denunci\u00f3 penalmente horas despu\u00e9s de la informaci\u00f3n exclusiva que public\u00f3<strong> Clar\u00edn<\/strong> sobre las pruebas que en sus manos ten\u00eda la justicia federal que expon\u00edan posibles hechos de violencia contra Ya\u00f1ez, por dos presentaciones formuladas por la abogada <strong>Silvina Carreira.<\/strong><\/p>\n<\/div>\n<div class=\"sc-80531b6b-0 chRIGJ container-text text-embed\">\n<p>En esta causa el \u00fanico acusado es Alberto Fern\u00e1ndez, con lo cual una vez que se escuche su descargo, el magistrado deber\u00e1 resolver si hay elementos suficientes para sostener la responsabilidad penal que la fiscal\u00eda a cargo de <strong>Ramiro Gonz\u00e1lez<\/strong> le atribuy\u00f3 al solicitar que sea indagado.<\/p>\n<\/div>\n<div class=\"sc-80531b6b-0 chRIGJ container-text text-embed\">\n<p>El an\u00e1lisis de todas las pruebas reunidas durante los meses de pesquisa permiti\u00f3 al fiscal Gonz\u00e1lez \u201cacreditar que el ex presidente Fern\u00e1ndez ejerci\u00f3 distintos tipos de violencia contra su pareja, pr\u00e1cticamente, desde el inicio de su relaci\u00f3n. De acuerdo a las definiciones de la ley 26.485 de Protecci\u00f3n Integral a la Mujer, se pudo detectar violencia psicol\u00f3gica, f\u00edsica y econ\u00f3mica\u201d.<\/p>\n<\/div>\n<div class=\"sc-80531b6b-0 chRIGJ container-text text-embed\">\n<p>Esos sucesivos actos de violencia, consider\u00f3 Ram\u00edrez, ocurrieron durante &#8220;la particular relaci\u00f3n asim\u00e9trica de poder con el agresor, por lo menos desde el a\u00f1o 2016 hasta que se formaliz\u00f3 la denuncia\u201d.<\/p>\n<\/div>\n<div class=\"sc-80531b6b-0 chRIGJ container-text text-embed\">\n<p>Lo que se\u00f1ala la acusaci\u00f3n es que Fern\u00e1ndez \u201cejerci\u00f3 de un modo sistem\u00e1tico violencia psicol\u00f3gica contra Fabiola Y\u00e1\u00f1ez bajo las formas de acosos, hostigamientos, controles, indiferencia, insultos, culpabilizaci\u00f3n, destrato, retiro de la palabra, ninguneos y hostilidad\u201d.<\/p>\n<\/div>\n<div class=\"sc-80531b6b-0 chRIGJ container-text text-embed\">\n<h2>La causa por corrupci\u00f3n en los seguros<\/h2>\n<\/div>\n<div class=\"sc-80531b6b-0 chRIGJ container-text text-embed\">\n<p>En la causa donde se imput\u00f3 a Fern\u00e1ndez por presuntos hechos de corrupci\u00f3n en relaci\u00f3n a los 45 contratos que el Estado firm\u00f3 con Naci\u00f3n Seguros, donde intermediaron 25 brokers, la <strong>situaci\u00f3n es distinta<\/strong> que en el caso por los delitos vinculados a la violencia de g\u00e9nero.<\/p>\n<\/div>\n<div class=\"sc-80531b6b-0 chRIGJ container-text text-embed\">\n<p>El 26 de noviembre el ex mandatario fue indagado por Ercolini y el fiscal <strong>Carlos R\u00edvolo<\/strong>. En total son 39 personas las que fueron citadas para brindar explicaciones ante la justicia federal.<\/p>\n<\/div>\n<div class=\"sc-80531b6b-0 chRIGJ container-text text-embed\">\n<p>En su paso por Comodoro Py, el ex presidente present\u00f3 escrito de descargo, hizo una declaraci\u00f3n vinculada con su controvertido decreto que oblig\u00f3 a los organismos p\u00fablicos a contratar p\u00f3lizas con Naci\u00f3n Seguros y la participaci\u00f3n de intermediarios, neg\u00f3 vinculaci\u00f3n con la maniobra y no respondi\u00f3 preguntas del instructor del caso.<\/p>\n<\/div>\n<div class=\"sc-80531b6b-0 chRIGJ container-text text-embed\">\n<p>El ex jefe de Estado est\u00e1 imputado por los delitos de administraci\u00f3n fraudulenta en perjuicio del Estado y negociaciones incompatibles. Adem\u00e1s, ya fueron indagados H\u00e9ctor Mart\u00ednez Sosa, quien se qued\u00f3 con el 42% de los contratos, y su esposa, la exsecretaria presidencial Mar\u00eda Cantero.<\/p>\n<\/div>\n<div class=\"sc-80531b6b-0 chRIGJ container-text text-embed\">\n<p>Uno de los puntos bajo estudio es el decreto 823\/2021 firmado por el entonces presidente Fern\u00e1ndez que habilit\u00f3 la intermediaci\u00f3n de los brokers de seguros, a quienes se les pagaron m\u00e1s de 3.300 millones de pesos en comisiones desde 2019 a 2024. Todo fue negado por el ex jefe de Estado.<\/p>\n<\/div>\n<div class=\"sc-80531b6b-0 chRIGJ container-text text-embed\">\n<p>Con la ronda de indagatorias concluida, el juez Ercolini est\u00e1 en condiciones de resolver si procesa a todos los imputados, listado encabezado por Fern\u00e1ndez, o si por el contrario entiende que no hay elementos para sustentar las acusaciones. Esa resoluci\u00f3n tambi\u00e9n pas\u00f3 para despu\u00e9s de la feria judicial de verano.<\/p>\n<\/div>\n<\/div>\n<p><br \/>\n<br \/><a href=\"https:\/\/www.clarin.com\/politica\/alberto-fernandez-vuelve-comodoro-py-justicia-indaga-violencia-genero-ex-pareja_0_mC9C5yDe17.html\">Fuente Clarin.com <\/a><\/p>\n","protected":false},"excerpt":{"rendered":"<p>Finaliza la feria judicial y en Comodoro Py hay decisiones clave que involucran a Alberto Fern\u00e1ndez. La justicia federal debe tomar dos decisiones determinantes sobre \u00e9l. En primer lugar si ser\u00e1 procesado, o no, por presuntos hechos de corrupci\u00f3n en el marco de la causa que investig\u00f3 los 45 contratos con Naci\u00f3n Seguros SA, donde [&hellip;]<\/p>\n","protected":false},"author":1,"featured_media":1415,"comment_status":"open","ping_status":"open","sticky":false,"template":"","format":"standard","meta":{"footnotes":""},"categories":[2],"tags":[835,630,3027,964,1667,142,3028],"class_list":["post-1414","post","type-post","status-publish","format-standard","has-post-thumbnail","hentry","category-ultimas-noticias","tag-contra","tag-genero","tag-indaga","tag-justicia","tag-pareja","tag-por","tag-violencia"],"_links":{"self":[{"href":"https:\/\/13.com.ar\/index.php\/wp-json\/wp\/v2\/posts\/1414","targetHints":{"allow":["GET"]}}],"collection":[{"href":"https:\/\/13.com.ar\/index.php\/wp-json\/wp\/v2\/posts"}],"about":[{"href":"https:\/\/13.com.ar\/index.php\/wp-json\/wp\/v2\/types\/post"}],"author":[{"embeddable":true,"href":"https:\/\/13.com.ar\/index.php\/wp-json\/wp\/v2\/users\/1"}],"replies":[{"embeddable":true,"href":"https:\/\/13.com.ar\/index.php\/wp-json\/wp\/v2\/comments?post=1414"}],"version-history":[{"count":0,"href":"https:\/\/13.com.ar\/index.php\/wp-json\/wp\/v2\/posts\/1414\/revisions"}],"wp:featuredmedia":[{"embeddable":true,"href":"https:\/\/13.com.ar\/index.php\/wp-json\/wp\/v2\/media\/1415"}],"wp:attachment":[{"href":"https:\/\/13.com.ar\/index.php\/wp-json\/wp\/v2\/media?parent=1414"}],"wp:term":[{"taxonomy":"category","embeddable":true,"href":"https:\/\/13.com.ar\/index.php\/wp-json\/wp\/v2\/categories?post=1414"},{"taxonomy":"post_tag","embeddable":true,"href":"https:\/\/13.com.ar\/index.php\/wp-json\/wp\/v2\/tags?post=1414"}],"curies":[{"name":"wp","href":"https:\/\/api.w.org\/{rel}","templated":true}]}}