{"id":14131,"date":"2025-03-22T00:56:40","date_gmt":"2025-03-22T03:56:40","guid":{"rendered":"https:\/\/13.com.ar\/index.php\/leandro-paredes-confirmo-que-existe-una-clausula-exclusiva-para-boca-en-su-contrato-con-la-roma\/"},"modified":"2025-03-22T00:56:40","modified_gmt":"2025-03-22T03:56:40","slug":"leandro-paredes-confirmo-que-existe-una-clausula-exclusiva-para-boca-en-su-contrato-con-la-roma","status":"publish","type":"post","link":"https:\/\/13.com.ar\/index.php\/leandro-paredes-confirmo-que-existe-una-clausula-exclusiva-para-boca-en-su-contrato-con-la-roma\/","title":{"rendered":"Leandro Paredes confirm\u00f3 que existe &#8220;una cl\u00e1usula exclusiva para Boca&#8221; en su contrato con la Roma"},"content":{"rendered":"<p> <br \/>\n<br \/><img decoding=\"async\" src=\"https:\/\/13.com.ar\/wp-content\/uploads\/2025\/03\/Leandro-Paredes-confirmo-que-existe-una-clausula-exclusiva-para-Boca.jpg\" \/><\/p>\n<div id=\"element-body-0\">\n<p>Para <strong>Boca <\/strong>fue la carta fuerte del \u00faltimo mercado de pases, pero nunca la puso sobre la mesa. <strong>Leandro Paredes <\/strong>no regres\u00f3 al <strong>Xeneize <\/strong>en enero y algunas semanas m\u00e1s tarde renov\u00f3 su v\u00ednculo con Roma hasta 2026. Sin embargo despu\u00e9s del partido ante <strong>Uruguay <\/strong>el mediocampista confirm\u00f3 que el nuevo contrato tiene una cl\u00e1sula de salida <strong><em>&#8220;exclusivamente para Boca&#8221;<\/em><\/strong> para los pr\u00f3ximos mercados de pases.<\/p>\n<\/div>\n<div id=\"element-body-1\">\n<p><strong>&#8220;S\u00ed, es cierto. Hay una cl\u00e1usula que es exclusivamente para Boca&#8221;, <\/strong>reconoci\u00f3 Paredes en rueda de prensa. Si bien el jugador ofreci\u00f3 lo que para el hincha a priori puede ser una buena noticia, en su desarrollo fue algo ambiguo respecto a que esas chances finalmente se concreten.<\/p>\n<\/div>\n<div id=\"element-body-2\">\n<p>&#8220;No habl\u00e9 con los dirigentes de Boca, solamente con los del club (italiano). Tengo que estar totalmente agradecido a Roma porque, si bien era una renovaci\u00f3n que se iba a hacer, por los partidos jugados los objetivos estaban casi cumplidos, el club opt\u00f3 por adelantarlo poniendo esta <strong>cl\u00e1usula <\/strong>en el medio&#8221;, indic\u00f3 Paredes.<\/p>\n<\/div>\n<div id=\"element-body-3\">\n<blockquote class=\"twitter-tweet\">\n<p lang=\"es\" dir=\"ltr\">Paredes, sobre la cl\u00e1usula sobre Boca en su actual contrato con Roma:<br \/>&#8220;ES CIERTO, ES EXCLUSIVAMENTE PARA BOCA. No habl\u00e9 con los dirigentes de Boca. Tengo que estar totalmente agradecido a Roma porque, si bien era una renovaci\u00f3n que se iba a hacer, el club opt\u00f3 por adelantarlo\u2026 <a rel=\"nofollow\" target=\"_blank\" href=\"https:\/\/t.co\/1uBsF6HW3t\">pic.twitter.com\/1uBsF6HW3t<\/a><\/p>\n<p>\u2014 TyC Sports (@TyCSports) <a rel=\"nofollow\" target=\"_blank\" href=\"https:\/\/twitter.com\/TyCSports\/status\/1903274157221040371?ref_src=twsrc%5Etfw\">March 22, 2025<\/a><\/p><\/blockquote>\n<\/div>\n<div id=\"element-body-4\">\n<p>El contrato con la Roma estar\u00e1 vigente hasta junio de 2026 pero la cl\u00e1usula dedicada a Boca le permitir\u00e1 su salida en caso de que el club presidido por <strong>Juan Rom\u00e1n Riquelme<\/strong> y el futbolista lleguen a un acuerdo en los pr\u00f3ximos dos mercados de pases: el de mitad de a\u00f1o y el del comienzo del pr\u00f3ximo.<\/p>\n<\/div>\n<div id=\"element-body-5\">\n<p>Para concretar el pase, <strong>el club argentino deber\u00e1 pagar 3,5 millones de euros<\/strong> a su par italiano y la cl\u00e1usula se activar\u00e1 sin mayores inconvenientes, siempre y cuando el jugador acuerde su nuevo contrato.<\/p>\n<\/div>\n<div id=\"element-body-6\">\n<p>&#8220;Soy conciente que va a ser dif\u00edcil. <strong>Va a ser muy dif\u00edcil<\/strong>: la ventana de enero era m\u00e1s f\u00e1cil. Hice todo lo posible por volver a estar. No se dio por diferentes cosas. Ojal\u00e1 siga viviendo mi carrera d\u00eda a d\u00eda para un d\u00eda volver al club&#8221;, complet\u00f3.<\/p>\n<\/div>\n<div id=\"element-body-7\">\n<p>Paredes lleg\u00f3 a la capital italiana en 2014 procedente justamente de Boca, aunque form\u00f3 parte del club en periodos diferentes: estuvo en la temporada 2014-15, en la 2016-17 y regres\u00f3 en el verano de 2023. <\/p>\n<\/div>\n<p><script async src=\"\/\/platform.twitter.com\/widgets.js\" charset=\"utf-8\"><\/script><br \/>\n<br \/><br \/>\n<br \/><a href=\"https:\/\/www.clarin.com\/deportes\/leandro-paredes-confirmo-existe-clausula-exclusiva-boca-contrato-roma_0_wEXlA8mPVm.html\">Fuente Clarin.com <\/a><\/p>\n","protected":false},"excerpt":{"rendered":"<p>Para Boca fue la carta fuerte del \u00faltimo mercado de pases, pero nunca la puso sobre la mesa. Leandro Paredes no regres\u00f3 al Xeneize en enero y algunas semanas m\u00e1s tarde renov\u00f3 su v\u00ednculo con Roma hasta 2026. Sin embargo despu\u00e9s del partido ante Uruguay el mediocampista confirm\u00f3 que el nuevo contrato tiene una cl\u00e1sula [&hellip;]<\/p>\n","protected":false},"author":1,"featured_media":14132,"comment_status":"open","ping_status":"open","sticky":false,"template":"","format":"standard","meta":{"footnotes":""},"categories":[2],"tags":[707,13108,18,218,2336,13109,6099,858,16,859,750,73],"class_list":["post-14131","post","type-post","status-publish","format-standard","has-post-thumbnail","hentry","category-ultimas-noticias","tag-boca","tag-clausula","tag-con","tag-confirmo","tag-contrato","tag-exclusiva","tag-existe","tag-leandro","tag-para","tag-paredes","tag-roma","tag-una"],"_links":{"self":[{"href":"https:\/\/13.com.ar\/index.php\/wp-json\/wp\/v2\/posts\/14131","targetHints":{"allow":["GET"]}}],"collection":[{"href":"https:\/\/13.com.ar\/index.php\/wp-json\/wp\/v2\/posts"}],"about":[{"href":"https:\/\/13.com.ar\/index.php\/wp-json\/wp\/v2\/types\/post"}],"author":[{"embeddable":true,"href":"https:\/\/13.com.ar\/index.php\/wp-json\/wp\/v2\/users\/1"}],"replies":[{"embeddable":true,"href":"https:\/\/13.com.ar\/index.php\/wp-json\/wp\/v2\/comments?post=14131"}],"version-history":[{"count":0,"href":"https:\/\/13.com.ar\/index.php\/wp-json\/wp\/v2\/posts\/14131\/revisions"}],"wp:featuredmedia":[{"embeddable":true,"href":"https:\/\/13.com.ar\/index.php\/wp-json\/wp\/v2\/media\/14132"}],"wp:attachment":[{"href":"https:\/\/13.com.ar\/index.php\/wp-json\/wp\/v2\/media?parent=14131"}],"wp:term":[{"taxonomy":"category","embeddable":true,"href":"https:\/\/13.com.ar\/index.php\/wp-json\/wp\/v2\/categories?post=14131"},{"taxonomy":"post_tag","embeddable":true,"href":"https:\/\/13.com.ar\/index.php\/wp-json\/wp\/v2\/tags?post=14131"}],"curies":[{"name":"wp","href":"https:\/\/api.w.org\/{rel}","templated":true}]}}