{"id":1412,"date":"2025-02-02T18:16:22","date_gmt":"2025-02-02T21:16:22","guid":{"rendered":"https:\/\/13.com.ar\/index.php\/la-hipotesis-de-lo-que-paso-con-federico-bruni-el-argentino-que-murio-en-una-selva-de-brasil-considerable-peligro-natural\/"},"modified":"2025-02-02T18:16:22","modified_gmt":"2025-02-02T21:16:22","slug":"la-hipotesis-de-lo-que-paso-con-federico-bruni-el-argentino-que-murio-en-una-selva-de-brasil-considerable-peligro-natural","status":"publish","type":"post","link":"https:\/\/13.com.ar\/index.php\/la-hipotesis-de-lo-que-paso-con-federico-bruni-el-argentino-que-murio-en-una-selva-de-brasil-considerable-peligro-natural\/","title":{"rendered":"La hip\u00f3tesis de lo que pas\u00f3 con Federico Bruni, el argentino que muri\u00f3 en una selva de Brasil: &#8220;Considerable peligro natural&#8221;"},"content":{"rendered":"<p> <br \/>\n<\/p>\n<div id=\"cuerpo\">\n<div class=\"sc-80531b6b-0 chRIGJ container-text text-embed\">\n<p>Tras su localizaci\u00f3n, despu\u00e9s de 5 d\u00edas de intensa b\u00fasqueda, el cuerpo de Federico Bruni (32), el <strong>argentino que apareci\u00f3 muerto en una selva <\/strong>en Brasil, fue remitido al Instituto M\u00e9dico Legal para que se le pueda practicar la autopsia. Hasta el momento, la principal hip\u00f3tesis apunta a que el joven se habr\u00eda ca\u00eddo al r\u00edo y, posteriormente, ahogado tras haber sido <strong>arrastrado por la corriente<\/strong>. Sin embargo, no se descartan otras l\u00edneas de investigaci\u00f3n.<\/p>\n<\/div>\n<div class=\"sc-80531b6b-0 chRIGJ container-text text-embed\">\n<p>Es que el turista argentino hab\u00eda sido encontrado el s\u00e1bado en la orilla del r\u00edo Do Ponche en el estado brasile\u00f1o de Santa Catarina, ubicado al sur del pa\u00eds y a tan solo 42 kil\u00f3metros de Florian\u00f3polis. Se trata de una zona con densa vegetaci\u00f3n de la selva del Municipio de S\u00e3o Bonif\u00e1cio.<\/p>\n<\/div>\n<div class=\"sc-80531b6b-0 chRIGJ container-text text-embed\">\n<p>Si bien Federico se encontraba hospedado en el camping Pandang, hab\u00eda ido a acampar en soledad el martes pasado cerca del r\u00edo Do Ponche. De acuerdo al medio local <em>ND+<\/em>, un testigo les dijo a los militares que lo hab\u00eda visto por \u00faltima vez el mi\u00e9rcoles (29) y que el jueves, cuando <strong>vio que el coche y la tienda segu\u00edan all\u00ed<\/strong> sin el turista presente, llam\u00f3 a la polic\u00eda.<\/p>\n<\/div>\n<div class=\"sc-80531b6b-0 chRIGJ container-text text-embed\">\n<p>La Polic\u00eda Civil inform\u00f3 que el lugar donde hab\u00eda acampado el turista estaba desierto y que es de dif\u00edcil acceso y de <strong>&#8220;considerable peligro natural&#8221;<\/strong>. Asimismo, los bomberos advirtieron que aunque el r\u00edo es un popular destino tur\u00edstico, tiene una \u201cfuerte corriente\u201d y que se caracteriza por sus r\u00edos caudalosos y senderos de trekking.<\/p>\n<\/div>\n<div class=\"sc-80531b6b-0 chRIGJ container-text text-embed\">\n<p>En efecto, esta parte de la regi\u00f3n, cercana al parque nacional Serra Do Tabuleiro, es conocida por sus \u00e1reas naturales y su selva tropical donde las <strong>lluvias frecuentes pueden dificultar la visibilidad.<\/strong><\/p>\n<\/div>\n<div class=\"sc-80531b6b-0 chRIGJ container-text text-embed\">\n<p>El mi\u00e9rcoles pasado la polic\u00eda local hab\u00eda encontrado la camioneta de Federico a orillas del r\u00edo Do Ponche, en las cercan\u00edas de donde hab\u00eda montado el acampe. Dentro del veh\u00edculo estaban sus <strong>documentos y su celular<\/strong> y, al lado del veh\u00edculo, hab\u00eda una <strong>carpa armada, una reposera y su perro, Buj\u00eda.<\/strong><\/p>\n<\/div>\n<div class=\"sc-198be8ec-0 cynXbu image-embed  image-embed \"><picture class=\"sc-198be8ec-1 kOjRiQ\"><source media=\"(min-width: 975px)\" width=\"720\" height=\"480\" \/><img alt=\"La camioneta de Federico, que apareci\u00f3 cerca del r\u00edo donde lo encontraron sin vida.\" loading=\"lazy\" width=\"720\" height=\"480\" decoding=\"async\" data-nimg=\"1\" style=\"color:transparent\" src=\"https:\/\/13.com.ar\/wp-content\/uploads\/2025\/02\/La-hipotesis-de-lo-que-paso-con-Federico-Bruni-el.jpg\"\/><span class=\"epigraphe\">La camioneta de Federico, que apareci\u00f3 cerca del r\u00edo donde lo encontraron sin vida.<\/span><span class=\"bkg\"\/><span class=\"picture-open\"><button class=\"open-image\" aria-label=\"Open Image\"\/><\/span><\/picture><\/div>\n<div class=\"sc-80531b6b-0 chRIGJ container-text text-embed\">\n<p>Entre estos hallazgos, uno capt\u00f3 la atenci\u00f3n de los familiares. La perra era muy cercana a \u00e9l y nunca se separaba de su lado. Ese motivo es el que alimenta la principal hip\u00f3tesis: que Federico <strong>se habr\u00eda metido a ba\u00f1arse al r\u00edo o se habr\u00eda ca\u00eddo en el agua<\/strong>, y luego lo habr\u00eda arrastrado la corriente.<\/p>\n<\/div>\n<p><h2>Una b\u00fasqueda intensa<\/h2>\n<\/p>\n<div class=\"sc-80531b6b-0 chRIGJ container-text text-embed\">\n<p>El argentino se encontraba desaparecido desde el lunes 27 de enero. Aqu\u00e9l d\u00eda, se hab\u00eda contactado por \u00faltima vez con su familia. En esa charla les cont\u00f3 que ir\u00eda a pasar unos d\u00edas a un camping en el que no habr\u00eda buena se\u00f1al. Por eso no les sorprendi\u00f3 la ausencia de noticias del joven durante algunos d\u00edas.<\/p>\n<\/div>\n<div class=\"sc-80531b6b-0 chRIGJ container-text text-embed\">\n<p>Estaba en Florian\u00f3polis desde fines de diciembre. Ya hab\u00eda ido varias veces a Brasil y<strong> sol\u00eda internarse en zonas selv\u00e1ticas y pueblos aislados<\/strong>, pero nunca hab\u00eda visitado el lugar en el que finalmente fue encontrado su cuerpo.<\/p>\n<\/div>\n<div class=\"sc-198be8ec-0 cynXbu image-embed  image-embed \"><picture class=\"sc-198be8ec-1 kOjRiQ\"><source media=\"(min-width: 975px)\" width=\"720\" height=\"480\" \/><img alt=\"Aunque el r\u00edo es un popular destino tur\u00edstico, tiene una \u201cfuerte corriente\u201d y se caracteriza por sus r\u00edos caudalosos y senderos de trekking.\" loading=\"lazy\" width=\"720\" height=\"480\" decoding=\"async\" data-nimg=\"1\" style=\"color:transparent\" src=\"https:\/\/13.com.ar\/wp-content\/uploads\/2025\/02\/1738530982_169_La-hipotesis-de-lo-que-paso-con-Federico-Bruni-el.jpg\"\/><span class=\"epigraphe\">Aunque el r\u00edo es un popular destino tur\u00edstico, tiene una \u201cfuerte corriente\u201d y se caracteriza por sus r\u00edos caudalosos y senderos de trekking.<\/span><span class=\"bkg\"\/><span class=\"picture-open\"><button class=\"open-image\" aria-label=\"Open Image\"\/><\/span><\/picture><\/div>\n<div class=\"sc-80531b6b-0 chRIGJ container-text text-embed\">\n<p>Su b\u00fasqueda comenz\u00f3 el 30 de enero. Los militares del Grupo de B\u00fasqueda y Rescate (GBS) se unieron a la misi\u00f3n junto a los bomberos de Santo Amaro, con el apoyo de un binomio \u2013 d\u00fao formado por un bombero militar y un perro de b\u00fasqueda.<\/p>\n<\/div>\n<div class=\"sc-80531b6b-0 chRIGJ container-text text-embed\">\n<p>La familia de Federico hab\u00eda viajado este viernes a Brasil, despu\u00e9s de que el jueves la contactaran desde la Polic\u00eda brasile\u00f1a para informarles del hallazgo de la camioneta, sus pertenencias y su perra, junto a un r\u00edo.<\/p>\n<\/div>\n<div class=\"sc-198be8ec-0 cynXbu image-embed  image-embed \"><picture class=\"sc-198be8ec-1 kOjRiQ\"><source media=\"(min-width: 975px)\" width=\"720\" height=\"480\" \/><img alt=\"La zona es muy dif\u00edcil de acceder.\" loading=\"lazy\" width=\"720\" height=\"480\" decoding=\"async\" data-nimg=\"1\" style=\"color:transparent\" src=\"https:\/\/13.com.ar\/wp-content\/uploads\/2025\/02\/1738530982_189_La-hipotesis-de-lo-que-paso-con-Federico-Bruni-el.jpg\"\/><span class=\"epigraphe\">La zona es muy dif\u00edcil de acceder.<\/span><span class=\"bkg\"\/><span class=\"picture-open\"><button class=\"open-image\" aria-label=\"Open Image\"\/><\/span><\/picture><\/div>\n<div class=\"sc-80531b6b-0 chRIGJ container-text text-embed\">\n<p>&#8220;<em>Perd\u00f3n por no llegar a tiempo<\/em>&#8220;, lament\u00f3 Daniela, su hermana, en redes sociales. Y luego replic\u00f3: &#8220;No es el desenlace que esper\u00e1bamos. Frenen la viralizaci\u00f3n y por favor dejen de contactar a Dani. Muchas gracias a todos por su ayuda&#8221;.<\/p>\n<\/div>\n<p><h2>Qui\u00e9n es el turista argentino<\/h2>\n<\/p>\n<div class=\"sc-80531b6b-0 chRIGJ container-text text-embed\">\n<p>El esp\u00edritu aventurero de Federico lo llev\u00f3 a tener distintos encuentros con la naturaleza a lo largo y ancho del pa\u00eds, adem\u00e1s de en Brasil y otras latitudes. En las diversas postales que comparti\u00f3 en sus redes sociales, puede verse que dej\u00f3 su huella en r\u00edos, mares, sierras y playas, entre otros lugares, donde se mostraba acompa\u00f1ado de amigos y familiares. Junto a \u00e9l tambi\u00e9n estaba Buj\u00eda, su mascota, que se convirti\u00f3 en su gran compa\u00f1era de traves\u00edas en los \u00faltimos tiempos. Nunca se separaba de \u00e9l.<\/p>\n<\/div>\n<div class=\"sc-80531b6b-0 chRIGJ container-text text-embed\">\n<p>Federico, quien resid\u00eda en la localidad bonaerense de Munro, en el partido de Vicente L\u00f3pez, adem\u00e1s era hincha de Boca y le gustaba jugar al f\u00fatbol. Estudi\u00f3 periodismo deportivo en Deportea.<\/p>\n<\/div>\n<div class=\"sc-198be8ec-0 cynXbu image-embed  image-embed \"><picture class=\"sc-198be8ec-1 kOjRiQ\"><source media=\"(min-width: 975px)\" width=\"720\" height=\"480\" \/><img alt=\"Federico Bruni, el turista argentino que fue encontrado muerto en Brasil.\" loading=\"lazy\" width=\"720\" height=\"480\" decoding=\"async\" data-nimg=\"1\" style=\"color:transparent\" src=\"https:\/\/13.com.ar\/wp-content\/uploads\/2025\/02\/1738530982_640_La-hipotesis-de-lo-que-paso-con-Federico-Bruni-el.jpg\"\/><span class=\"epigraphe\">Federico Bruni, el turista argentino que fue encontrado muerto en Brasil.<\/span><span class=\"bkg\"\/><span class=\"picture-open\"><button class=\"open-image\" aria-label=\"Open Image\"\/><\/span><\/picture><\/div>\n<div class=\"sc-80531b6b-0 chRIGJ container-text text-embed\">\n<p>Otro de sus hobbies era tocar la guitarra. Le gustaban bandas como Las Pastillas del Abuelo, El Plan de la Mariposa y Los Tabaleros, entre otras. Tambi\u00e9n compart\u00eda escritos en su cuenta de Facebook e Instagram. &#8220;Hay ritmos, voces y canciones que me tiran los p\u00e1rpados para arriba, como cuando est\u00e1s arriba m\u00edo&#8221;, public\u00f3 en septiembre de 2024.<\/p>\n<\/div>\n<\/div>\n<p><br \/>\n<br \/><a href=\"https:\/\/www.clarin.com\/sociedad\/hipotesis-paso-federico-bruni-argentino-murio-selva-brasil-considerable-peligro-natural_0_qpoW75Cfg2.html\">Fuente Clarin.com <\/a><\/p>\n","protected":false},"excerpt":{"rendered":"<p>Tras su localizaci\u00f3n, despu\u00e9s de 5 d\u00edas de intensa b\u00fasqueda, el cuerpo de Federico Bruni (32), el argentino que apareci\u00f3 muerto en una selva en Brasil, fue remitido al Instituto M\u00e9dico Legal para que se le pueda practicar la autopsia. Hasta el momento, la principal hip\u00f3tesis apunta a que el joven se habr\u00eda ca\u00eddo al [&hellip;]<\/p>\n","protected":false},"author":1,"featured_media":1413,"comment_status":"open","ping_status":"open","sticky":false,"template":"","format":"standard","meta":{"footnotes":""},"categories":[2],"tags":[508,85,2841,18,3024,2840,2194,611,3026,158,3025,2708,73],"class_list":["post-1412","post","type-post","status-publish","format-standard","has-post-thumbnail","hentry","category-ultimas-noticias","tag-argentino","tag-brasil","tag-bruni","tag-con","tag-considerable","tag-federico","tag-hipotesis","tag-murio","tag-natural","tag-paso","tag-peligro","tag-selva","tag-una"],"_links":{"self":[{"href":"https:\/\/13.com.ar\/index.php\/wp-json\/wp\/v2\/posts\/1412","targetHints":{"allow":["GET"]}}],"collection":[{"href":"https:\/\/13.com.ar\/index.php\/wp-json\/wp\/v2\/posts"}],"about":[{"href":"https:\/\/13.com.ar\/index.php\/wp-json\/wp\/v2\/types\/post"}],"author":[{"embeddable":true,"href":"https:\/\/13.com.ar\/index.php\/wp-json\/wp\/v2\/users\/1"}],"replies":[{"embeddable":true,"href":"https:\/\/13.com.ar\/index.php\/wp-json\/wp\/v2\/comments?post=1412"}],"version-history":[{"count":0,"href":"https:\/\/13.com.ar\/index.php\/wp-json\/wp\/v2\/posts\/1412\/revisions"}],"wp:featuredmedia":[{"embeddable":true,"href":"https:\/\/13.com.ar\/index.php\/wp-json\/wp\/v2\/media\/1413"}],"wp:attachment":[{"href":"https:\/\/13.com.ar\/index.php\/wp-json\/wp\/v2\/media?parent=1412"}],"wp:term":[{"taxonomy":"category","embeddable":true,"href":"https:\/\/13.com.ar\/index.php\/wp-json\/wp\/v2\/categories?post=1412"},{"taxonomy":"post_tag","embeddable":true,"href":"https:\/\/13.com.ar\/index.php\/wp-json\/wp\/v2\/tags?post=1412"}],"curies":[{"name":"wp","href":"https:\/\/api.w.org\/{rel}","templated":true}]}}