{"id":14026,"date":"2025-03-21T17:20:29","date_gmt":"2025-03-21T20:20:29","guid":{"rendered":"https:\/\/13.com.ar\/index.php\/cuando-llegaran-las-lluvias-mas-fuertes\/"},"modified":"2025-03-21T17:20:29","modified_gmt":"2025-03-21T20:20:29","slug":"cuando-llegaran-las-lluvias-mas-fuertes","status":"publish","type":"post","link":"https:\/\/13.com.ar\/index.php\/cuando-llegaran-las-lluvias-mas-fuertes\/","title":{"rendered":"cu\u00e1ndo llegar\u00e1n las lluvias m\u00e1s fuertes"},"content":{"rendered":"<p> <br \/>\n<br \/><img decoding=\"async\" src=\"https:\/\/13.com.ar\/wp-content\/uploads\/2025\/03\/cuando-llegaran-las-lluvias-mas-fuertes.jpg\" \/><\/p>\n<div id=\"element-body-0\">\n<p>Dos semanas despu\u00e9s del temporal que dej\u00f3 a la ciudad bajo el agua, <strong>Bah\u00eda Blanca<\/strong> vuelve a quedar <strong>en alerta por fuertes tormentas<\/strong>. Las lluvias se extender\u00edan desde este viernes hasta el domingo a la noche, con pasajes de intensidad elevada. El Municipio suspendi\u00f3 actividades al aire libre, entre otras medidas preventivas.<\/p>\n<\/div>\n<div id=\"element-body-1\">\n<p>La ciudad, as\u00ed como otras localidades del sur de la provincia de Buenos Aires, se encuentran bajo alerta amarilla por tormentas para este viernes y para el s\u00e1bado.<\/p>\n<\/div>\n<div id=\"element-body-2\">\n<p>&#8220;Estimamos de 15 a 25 mm. y r\u00e1fagas de viento que pueden alcanzar hasta los 60 km\/h. Hemos estado trabajando toda la semana en el despeje de la ciudad, seguimos reparando sumideros y desag\u00fces y hemos puesto en acci\u00f3n todo el equipamiento de respuesta de Defensa Civil&#8221;, explic\u00f3 Federico Susbielles, intendentes de Bah\u00eda Blanca. <\/p>\n<\/div>\n<div id=\"element-body-3\">\n<p>Las tormentas fuertes llegar\u00edan a la ciudad en la noche de este viernes y la intensidad comenzar\u00eda a ceder el s\u00e1bado a la ma\u00f1ana.<\/p>\n<\/div>\n<div id=\"element-body-4\">\n<p>Si bien el intendente decidi\u00f3 que la actividad sea &#8220;normal como un d\u00eda cualquiera&#8221;, tom\u00f3 <strong>medidas preventivas<\/strong>. Entre ellas, la suspensi\u00f3n de las actividades al aire libre este viernes desde las 18 y el s\u00e1bado a partir de las 14.<\/p>\n<\/div>\n<div id=\"element-body-5\">\n<blockquote class=\"twitter-tweet\">\n<p lang=\"es\" dir=\"ltr\">Frente al alerta amarillo emitido por el SMN para nuestro distrito, para hoy entre las 18 y las 24 hs., recordamos que la actividad es normal, a excepci\u00f3n de eventos al aire libre. <a rel=\"nofollow\" target=\"_blank\" href=\"https:\/\/t.co\/516R6qF8Bc\">pic.twitter.com\/516R6qF8Bc<\/a><\/p>\n<p>\u2014 Municipio Bah\u00eda Blanca (@MunicipioBahia) <a rel=\"nofollow\" target=\"_blank\" href=\"https:\/\/twitter.com\/MunicipioBahia\/status\/1903172428034982146?ref_src=twsrc%5Etfw\">March 21, 2025<\/a><\/p><\/blockquote>\n<\/div>\n<div id=\"element-body-6\">\n<p>Susbielles asegur\u00f3 que va a haber un &#8220;comit\u00e9 de seguimiento y ante cualquier eventualidad lo vamos a comunicar&#8221;.<\/p>\n<\/div>\n<div id=\"element-body-7\">\n<p>El Municipio de Bah\u00eda Blanca viene realizando tareas preventivas de limpieza y desobstrucci\u00f3n de bocas de tormenta en distintos lugares de la ciudad para poner en \u00f3ptimas condiciones el sistema de drenaje pluvial y prevenir inundaciones.<\/p>\n<\/div>\n<p><script async src=\"\/\/platform.twitter.com\/widgets.js\" charset=\"utf-8\"><\/script><br \/>\n<br \/><br \/>\n<br \/><a href=\"https:\/\/www.clarin.com\/sociedad\/bahia-blanca-vez-alerta-tormentas-llegaran-lluvias-fuertes_0_bvIamc0F1s.html\">Fuente Clarin.com <\/a><\/p>\n","protected":false},"excerpt":{"rendered":"<p>Dos semanas despu\u00e9s del temporal que dej\u00f3 a la ciudad bajo el agua, Bah\u00eda Blanca vuelve a quedar en alerta por fuertes tormentas. Las lluvias se extender\u00edan desde este viernes hasta el domingo a la noche, con pasajes de intensidad elevada. El Municipio suspendi\u00f3 actividades al aire libre, entre otras medidas preventivas. La ciudad, as\u00ed [&hellip;]<\/p>\n","protected":false},"author":1,"featured_media":14027,"comment_status":"open","ping_status":"open","sticky":false,"template":"","format":"standard","meta":{"footnotes":""},"categories":[2],"tags":[677,3107,48,13066,1206,155],"class_list":["post-14026","post","type-post","status-publish","format-standard","has-post-thumbnail","hentry","category-ultimas-noticias","tag-cuando","tag-fuertes","tag-las","tag-llegaran","tag-lluvias","tag-mas"],"_links":{"self":[{"href":"https:\/\/13.com.ar\/index.php\/wp-json\/wp\/v2\/posts\/14026","targetHints":{"allow":["GET"]}}],"collection":[{"href":"https:\/\/13.com.ar\/index.php\/wp-json\/wp\/v2\/posts"}],"about":[{"href":"https:\/\/13.com.ar\/index.php\/wp-json\/wp\/v2\/types\/post"}],"author":[{"embeddable":true,"href":"https:\/\/13.com.ar\/index.php\/wp-json\/wp\/v2\/users\/1"}],"replies":[{"embeddable":true,"href":"https:\/\/13.com.ar\/index.php\/wp-json\/wp\/v2\/comments?post=14026"}],"version-history":[{"count":0,"href":"https:\/\/13.com.ar\/index.php\/wp-json\/wp\/v2\/posts\/14026\/revisions"}],"wp:featuredmedia":[{"embeddable":true,"href":"https:\/\/13.com.ar\/index.php\/wp-json\/wp\/v2\/media\/14027"}],"wp:attachment":[{"href":"https:\/\/13.com.ar\/index.php\/wp-json\/wp\/v2\/media?parent=14026"}],"wp:term":[{"taxonomy":"category","embeddable":true,"href":"https:\/\/13.com.ar\/index.php\/wp-json\/wp\/v2\/categories?post=14026"},{"taxonomy":"post_tag","embeddable":true,"href":"https:\/\/13.com.ar\/index.php\/wp-json\/wp\/v2\/tags?post=14026"}],"curies":[{"name":"wp","href":"https:\/\/api.w.org\/{rel}","templated":true}]}}