{"id":14019,"date":"2025-03-21T16:47:29","date_gmt":"2025-03-21T19:47:29","guid":{"rendered":"https:\/\/13.com.ar\/index.php\/no-podran-entrar-a-estados-unidos\/"},"modified":"2025-03-21T16:47:29","modified_gmt":"2025-03-21T19:47:29","slug":"no-podran-entrar-a-estados-unidos","status":"publish","type":"post","link":"https:\/\/13.com.ar\/index.php\/no-podran-entrar-a-estados-unidos\/","title":{"rendered":"no podr\u00e1n entrar a Estados Unidos"},"content":{"rendered":"<p> <br \/>\n<br \/><img decoding=\"async\" src=\"https:\/\/www.clarin.com\/img\/2025\/03\/21\/oEtwtJu3e_1200x630__1.jpg\" \/><\/p>\n<div id=\"element-body-0\">\n<p>El Gobierno de Estados Unidos anunci\u00f3 este viernes <strong>sanciones contra Cristina Kirchner<\/strong> y contra el exministro de Planificaci\u00f3n Federal <strong>Julio de Vido<\/strong> por su &#8220;participaci\u00f3n en importantes actos de corrupci\u00f3n durante su mandato p\u00fablico&#8221;. La medida afecta <strong>tambi\u00e9n a sus familiares m\u00e1s directos, por lo que M\u00e1ximo y Florencia Kirchner tambi\u00e9n resultan afectados.<\/strong><\/p>\n<\/div>\n<div id=\"element-body-1\">\n<p>El secretario de Estado estadounidense, Marco Rubio, indic\u00f3 en un comunicado que la medida emprendida por la Administraci\u00f3n de Donald Trump hace que tanto ellos dos como sus familiares inmediatos sean <strong>inelegibles para entrar en Estados Unidos.<\/strong><\/p>\n<\/div>\n<div id=\"element-body-2\">\n<p>&#8220;Cristina Kirchner y De Vido abusaron de sus cargos al orquestar y beneficiarse financieramente de <strong>m\u00faltiples esquemas de soborno<\/strong> relacionados con contratos de obras p\u00fablicas, lo que result\u00f3 en millones de d\u00f3lares robados al gobierno argentino. M\u00faltiples tribunales han condenado a CFK y De Vido por corrupci\u00f3n, lo que ha socavado la confianza del pueblo argentino y de los inversores en el futuro de Argentina&#8221;, indica el comunicado.<\/p>\n<\/div>\n<div id=\"element-body-3\">\n<p>Y a\u00f1ade: &#8220;Estados Unidos continuar\u00e1 promoviendo la rendici\u00f3n de cuentas de quienes abusan del poder p\u00fablico en beneficio propio. Estas designaciones reafirman nuestro compromiso de luchar contra la corrupci\u00f3n mundial, incluso en los m\u00e1s altos niveles de gobierno&#8221;.<\/p>\n<\/div>\n<div id=\"element-body-5\">\n<p>Seg\u00fan el anuncio, el Departamento de Estado se gui\u00f3 por leyes que le exigen al Secretario de Estado &#8220;que designe de manera p\u00fablica o privada a los funcionarios extranjeros y a sus familiares directos sobre los que el Secretario tenga informaci\u00f3n fidedigna de que est\u00e9n implicados en corrupci\u00f3n significativa o en grave violaci\u00f3n de derechos humanos&#8221;.<\/p>\n<\/div>\n<div id=\"element-body-7\">\n<p>El secretario Rubio ya hab\u00eda apuntado varias veces a Cristina Kirchner desde su puesto del Senado, junto con otros congresistas republicanos, entre ellos el senador Ted Cruz y la representante Mar\u00eda Elvira Salazar, que hab\u00edan pedido varias veces sanciones contra la ex presidenta.<\/p>\n<\/div>\n<div id=\"element-body-8\">\n<p>Hace dos a\u00f1os, Rubio y otros congresistas hab\u00edan enviado una carta al presidente Joe Biden en el que ped\u00edan formalmente \u201cque tome medidas inmediatas para responsabilizar a Cristina Elizabeth Fern\u00e1ndez de Kirchner, ex vicepresidenta de la Argentina, y a sus familiares por actos de corrupci\u00f3n significativa\u201d.<\/p>\n<\/div>\n<div id=\"element-body-9\">\n<p>Desde su cargo en el Comit\u00e9 de Relaciones Exteriores del Senado, Rubio siempre promovi\u00f3 sanciones a distintos lideres de Am\u00e9rica latina.  En los \u00faltimos a\u00f1os, los expresidentes de Paraguay Horacio Cartes y de Panama Ricardo Mantinelly y de Ecuador Rafael Correa junto con su vicepresidente, Jorge Glas, por iniciativa del gobierno de Biden.<\/p>\n<\/div>\n<div id=\"element-body-10\">\n<p>Pese a las presiones de los senadores republicanos, el gobierno de Biden nunca sancion\u00f3 a Cristina Kirchner, quien por entonces era vicepresidenta de Alberto Fern\u00e1ndez. <\/p>\n<\/div>\n<p><br \/>\n<br \/><a href=\"https:\/\/www.clarin.com\/politica\/estados-unidos-sanciono-cristina-fernandez-hijos-corrupcion-podran-entrar-pais_0_ohMsKEqNdq.html\">Fuente Clarin.com <\/a><\/p>\n","protected":false},"excerpt":{"rendered":"<p>El Gobierno de Estados Unidos anunci\u00f3 este viernes sanciones contra Cristina Kirchner y contra el exministro de Planificaci\u00f3n Federal Julio de Vido por su &#8220;participaci\u00f3n en importantes actos de corrupci\u00f3n durante su mandato p\u00fablico&#8221;. La medida afecta tambi\u00e9n a sus familiares m\u00e1s directos, por lo que M\u00e1ximo y Florencia Kirchner tambi\u00e9n resultan afectados. El secretario [&hellip;]<\/p>\n","protected":false},"author":1,"featured_media":0,"comment_status":"open","ping_status":"open","sticky":false,"template":"","format":"standard","meta":{"footnotes":""},"categories":[2],"tags":[4170,1737,4966,1738],"class_list":["post-14019","post","type-post","status-publish","format-standard","hentry","category-ultimas-noticias","tag-entrar","tag-estados","tag-podran","tag-unidos"],"_links":{"self":[{"href":"https:\/\/13.com.ar\/index.php\/wp-json\/wp\/v2\/posts\/14019","targetHints":{"allow":["GET"]}}],"collection":[{"href":"https:\/\/13.com.ar\/index.php\/wp-json\/wp\/v2\/posts"}],"about":[{"href":"https:\/\/13.com.ar\/index.php\/wp-json\/wp\/v2\/types\/post"}],"author":[{"embeddable":true,"href":"https:\/\/13.com.ar\/index.php\/wp-json\/wp\/v2\/users\/1"}],"replies":[{"embeddable":true,"href":"https:\/\/13.com.ar\/index.php\/wp-json\/wp\/v2\/comments?post=14019"}],"version-history":[{"count":0,"href":"https:\/\/13.com.ar\/index.php\/wp-json\/wp\/v2\/posts\/14019\/revisions"}],"wp:attachment":[{"href":"https:\/\/13.com.ar\/index.php\/wp-json\/wp\/v2\/media?parent=14019"}],"wp:term":[{"taxonomy":"category","embeddable":true,"href":"https:\/\/13.com.ar\/index.php\/wp-json\/wp\/v2\/categories?post=14019"},{"taxonomy":"post_tag","embeddable":true,"href":"https:\/\/13.com.ar\/index.php\/wp-json\/wp\/v2\/tags?post=14019"}],"curies":[{"name":"wp","href":"https:\/\/api.w.org\/{rel}","templated":true}]}}