{"id":14,"date":"2025-01-28T13:55:56","date_gmt":"2025-01-28T16:55:56","guid":{"rendered":"https:\/\/13.com.ar\/index.php\/2025\/01\/28\/macron-anuncia-un-nuevo-renacimiento-para-el-museo-con-nueva-sala-para-la-gioconda\/"},"modified":"2025-01-28T13:55:56","modified_gmt":"2025-01-28T16:55:56","slug":"macron-anuncia-un-nuevo-renacimiento-para-el-museo-con-nueva-sala-para-la-gioconda","status":"publish","type":"post","link":"https:\/\/13.com.ar\/index.php\/macron-anuncia-un-nuevo-renacimiento-para-el-museo-con-nueva-sala-para-la-gioconda\/","title":{"rendered":"Macron anuncia un &#8220;nuevo renacimiento&#8221; para el museo con nueva sala para La Gioconda"},"content":{"rendered":"<p> <br \/>\n<\/p>\n<div id=\"cuerpo\">\n<div class=\"sc-80531b6b-0 chRIGJ container-text text-embed\">\n<p>El presidente franc\u00e9s, Emmanuel Macron, anunci\u00f3 este martes que el famoso cuadro de La Gioconda contar\u00e1 con una nueva sala en el Louvre, en el marco de <strong>una serie de anuncios <\/strong>para <strong>un &#8220;nuevo renacimiento&#8221; para el museo<\/strong> m\u00e1s visitado del mundo.<\/p>\n<\/div>\n<div class=\"sc-80531b6b-0 chRIGJ container-text text-embed\">\n<p>&#8220;El museo m\u00e1s grande del mundo <strong>vive un final de ciclo<\/strong> (&#8230;) Se necesitan <strong>cambios fundamentales e inversiones a largo plazo<\/strong> para un nuevo renacimiento del Louvre&#8221;, asegur\u00f3 Macron, con la obra maestra de Leonardo da Vinci de fondo.<\/p>\n<\/div>\n<div class=\"sc-198be8ec-0 cynXbu image-embed  image-embed \"><picture class=\"sc-198be8ec-1 kOjRiQ\"><source media=\"(min-width: 975px)\" width=\"720\" height=\"480\" \/><img alt=\"Emmanuel Macron anuncia las nuevas medidas frente a La Gioconda. Foto: \" loading=\"lazy\" width=\"720\" height=\"480\" decoding=\"async\" data-nimg=\"1\" style=\"color:transparent\" src=\"https:\/\/13.com.ar\/wp-content\/uploads\/2025\/01\/Macron-anuncia-un-nuevo-renacimiento-para-el-museo-con-nueva.jpg\"\/><span class=\"epigraphe\">Emmanuel Macron anuncia las nuevas medidas frente a La Gioconda. Foto: <\/span><span class=\"bkg\"\/><span class=\"picture-open\"><button class=\"open-image\" aria-label=\"Open Image\"\/><\/span><\/picture><\/div>\n<div class=\"sc-80531b6b-0 chRIGJ container-text text-embed\">\n<p>La preocupaci\u00f3n sobre el museo situado a orillas del Sena en Par\u00eds aument\u00f3 desde el 13 de enero, cuando su presidenta-directora Laurence des Cars envi\u00f3 una nota a la ministra de Cultura, Rachida Dati, para alertar de su estado.<\/p>\n<\/div>\n<div class=\"sc-80531b6b-0 chRIGJ container-text text-embed\">\n<p>Entre los problemas que plantea figura la &#8220;<strong>multiplicaci\u00f3n de desperfectos <\/strong>en espacios a veces muy <strong>degradados<\/strong>&#8220;, &#8220;<strong>equipamientos t\u00e9cnicos obsoletos<\/strong>&#8220;, &#8220;inquietantes <strong>oscilaciones de temperatura<\/strong>&#8221; que afectan a la conservaci\u00f3n, etc.<\/p>\n<\/div>\n<div class=\"sc-80531b6b-0 chRIGJ container-text text-embed\">\n<p>Macron anunci\u00f3 as\u00ed &#8220;la creaci\u00f3n de una nueva entrada&#8221;<strong> para 2031<\/strong> &#8220;a m\u00e1s tardar&#8221;, m\u00e1xime cuando la pir\u00e1mide inaugurada en 1988, que sirve de majestuosa entrada al museo, est\u00e1 considerada en la nota como<strong> &#8220;estructuralmente obsoleta&#8221;.<\/strong><\/p>\n<\/div>\n<div class=\"sc-198be8ec-0 cynXbu image-embed  image-embed \"><picture class=\"sc-198be8ec-1 kOjRiQ\"><source media=\"(min-width: 975px)\" width=\"720\" height=\"480\" \/><img alt=\"Macron speaks y la directora del Museo Laurence des Cars. Foto: AP\" loading=\"lazy\" width=\"720\" height=\"480\" decoding=\"async\" data-nimg=\"1\" style=\"color:transparent\" src=\"https:\/\/13.com.ar\/wp-content\/uploads\/2025\/01\/1738083356_304_Macron-anuncia-un-nuevo-renacimiento-para-el-museo-con-nueva.jpg\"\/><span class=\"epigraphe\">Macron speaks y la directora del Museo Laurence des Cars. Foto: AP<\/span><span class=\"bkg\"\/><span class=\"picture-open\"><button class=\"open-image\" aria-label=\"Open Image\"\/><\/span><\/picture><\/div>\n<div class=\"sc-80531b6b-0 chRIGJ container-text text-embed\">\n<p>El arquitecto Ieoh Ming Pei la concibi\u00f3 para acoger cuatro millones de visitantes anuales, pero, en 2024, estos fueron <strong>nueve millones<\/strong> (80% extranjeros) e incluso llegaron a ser 10 millones antes del covid.<\/p>\n<\/div>\n<p><h2>Mudan a La Gioconda<\/h2>\n<\/p>\n<div class=\"sc-80531b6b-0 chRIGJ container-text text-embed\">\n<p>Adem\u00e1s, La Gioconda, que m\u00e1s de 20.000 personas visitan cada d\u00eda, <strong>se desplazar\u00e1 a un nuevo espacio<\/strong> para que sea &#8220;accesible de manera aut\u00f3noma&#8221;,<strong> independiente del resto del museo<\/strong>, &#8220;con<strong> su propio boleto de acceso&#8221;<\/strong>.<\/p>\n<\/div>\n<div class=\"sc-80531b6b-0 chRIGJ container-text text-embed\">\n<p>Sin embargo, la principal incertidumbre es <strong>c\u00f3mo financiar estos anuncios<\/strong>, cuando el gobierno franc\u00e9s busca reducir los<strong> elevados niveles de deuda y d\u00e9ficit p\u00fablicos<\/strong>, sin contar con mayor\u00eda en el Parlamento.<\/p>\n<\/div>\n<div class=\"sc-80531b6b-0 chRIGJ container-text text-embed\">\n<p>Seg\u00fan la direcci\u00f3n del museo,<strong> las obras costar\u00edan &#8220;cientos de millones de euros&#8221;<\/strong>. La cifra de 500 millones de euros (521 millones de d\u00f3lares) tambi\u00e9n circul\u00f3, pero sin llegar a ser confirmada.<\/p>\n<\/div>\n<div class=\"sc-80531b6b-0 chRIGJ container-text text-embed\">\n<p>&#8220;Evidentemente est\u00e1 fuera de lugar a\u00f1adir una l\u00ednea de 500 millones como \u00e9sa, cuando estamos elaborando un presupuesto (&#8230;) para controlar el gasto p\u00fablico&#8221;, advirti\u00f3 el lunes la vocera del gobierno Sophie Primas.<\/p>\n<\/div>\n<div class=\"sc-198be8ec-0 cynXbu image-embed  image-embed \"><picture class=\"sc-198be8ec-1 kOjRiQ\"><source media=\"(min-width: 975px)\" width=\"720\" height=\"480\" \/><img alt=\"Macron en el Louvre. Foto: EFE\" loading=\"lazy\" width=\"720\" height=\"480\" decoding=\"async\" data-nimg=\"1\" style=\"color:transparent\" src=\"https:\/\/13.com.ar\/wp-content\/uploads\/2025\/01\/1738083356_386_Macron-anuncia-un-nuevo-renacimiento-para-el-museo-con-nueva.jpg\"\/><span class=\"epigraphe\">Macron en el Louvre. Foto: EFE<\/span><span class=\"bkg\"\/><span class=\"picture-open\"><button class=\"open-image\" aria-label=\"Open Image\"\/><\/span><\/picture><\/div>\n<div class=\"sc-80531b6b-0 chRIGJ container-text text-embed\">\n<p>&#8220;Todas las obras de la nueva entrada se financiar\u00e1n con <strong>los recursos propios del museo<\/strong>, la venta de entradas, el mecenazgo y la licencia del Louvre Abu Dhabi, <strong>sin gravar al contribuyente<\/strong>&#8220;, asegur\u00f3 Macron.<\/p>\n<\/div>\n<div class=\"sc-80531b6b-0 chRIGJ container-text text-embed\">\n<p>Respecto a las entradas, el mandatario abog\u00f3 por que los turistas de fuera de la UE<strong> paguen m\u00e1s<\/strong> por acceder al museo a partir de 2026. Actualmente, la entrada<strong> es de 22 euros<\/strong> (unos 23 d\u00f3lares), pero gratis para todos los menores de 18 a\u00f1os y para los menores de 26 residentes en el Espacio Econ\u00f3mico Europeo.<\/p>\n<\/div>\n<p><h2>La carta sobre el estado del Louvre que prendi\u00f3 las alarmas<\/h2>\n<\/p>\n<div class=\"sc-80531b6b-0 chRIGJ container-text text-embed\">\n<p>&#8220;Es mi deber alertar en tanto que presidenta sobre estas cuestiones, y ya lo he hecho en varias ocasiones&#8221;, hab\u00eda dicho a principio de enero la directora del museo, tras hacerse p\u00fablica su carta.<\/p>\n<\/div>\n<div class=\"sc-80531b6b-0 chRIGJ container-text text-embed\">\n<p>Uno de los sectores del museo afectado por la degradaci\u00f3n es<strong> el ala Sully.<\/strong><\/p>\n<\/div>\n<div class=\"sc-80531b6b-0 chRIGJ container-text text-embed\">\n<p>Este gran espacio, que se articula en cuatro niveles<strong>, alberga obras maestras <\/strong>de los pintores franceses Jean Sim\u00e9on Chardin y Antoine Watteau.<\/p>\n<\/div>\n<div class=\"sc-80531b6b-0 chRIGJ container-text text-embed\">\n<p>En noviembre de 2023, una exposici\u00f3n dedicada a los dibujos de Claude Gillot tuvo que ser cerrada y desplazada al cabo de varios d\u00edas <strong>debido a una inundaci\u00f3n.<\/strong><\/p>\n<\/div>\n<div class=\"sc-198be8ec-0 cynXbu image-embed  image-embed \"><picture class=\"sc-198be8ec-1 kOjRiQ\"><source media=\"(min-width: 975px)\" width=\"720\" height=\"480\" \/><img alt=\"Las pir\u00e1mides del Louvre de Par\u00eds. Foto: EFE\" loading=\"lazy\" width=\"720\" height=\"480\" decoding=\"async\" data-nimg=\"1\" style=\"color:transparent\" src=\"https:\/\/13.com.ar\/wp-content\/uploads\/2025\/01\/1738083356_320_Macron-anuncia-un-nuevo-renacimiento-para-el-museo-con-nueva.jpg\"\/><span class=\"epigraphe\">Las pir\u00e1mides del Louvre de Par\u00eds. Foto: EFE<\/span><span class=\"bkg\"\/><span class=\"picture-open\"><button class=\"open-image\" aria-label=\"Open Image\"\/><\/span><\/picture><\/div>\n<div class=\"sc-80531b6b-0 chRIGJ container-text text-embed\">\n<p>En su nota, Laurence des Cars habla tambi\u00e9n de la pir\u00e1mide de vidrio, inaugurada en 1988 y &#8220;estructuralmente superada.<\/p>\n<\/div>\n<div class=\"sc-80531b6b-0 chRIGJ container-text text-embed\">\n<p>Otro problema es<strong> la falta de espacios para descansar y comer<\/strong>, as\u00ed como los aseos, por debajo de los est\u00e1ndares internacionales.<\/p>\n<\/div>\n<div class=\"sc-80531b6b-0 chRIGJ container-text text-embed\">\n<p>Seg\u00fan coment\u00f3 Christian Galani, de la rama Cultura del sindicato CGT,<strong> &#8220;no pasa un d\u00eda sin que se constate la degradaci\u00f3n del edificio&#8221;.<\/strong><\/p>\n<\/div>\n<div class=\"sc-80531b6b-0 chRIGJ container-text text-embed\">\n<p>&#8220;La pintura que se va, salas, reservas y espacios de trabajo en ocasiones inundados,<strong> aver\u00edas de electricidad, <\/strong>retrasos de pagos a prestatarios por falta de presupuesto&#8221;&#8230;<strong> la lista es larga<\/strong>, seg\u00fan este sindicalista.<\/p>\n<\/div>\n<div class=\"sc-198be8ec-0 cynXbu image-embed  image-embed \"><picture class=\"sc-198be8ec-1 kOjRiQ\"><source media=\"(min-width: 975px)\" width=\"720\" height=\"480\" \/><img alt=\"Una imagen de 1988 muestra la construcci\u00f3n de la Pir\u00e1mide de acceso al Louvre. Foto: AFP\" loading=\"lazy\" width=\"720\" height=\"480\" decoding=\"async\" data-nimg=\"1\" style=\"color:transparent\" src=\"https:\/\/13.com.ar\/wp-content\/uploads\/2025\/01\/1738083356_897_Macron-anuncia-un-nuevo-renacimiento-para-el-museo-con-nueva.jpg\"\/><span class=\"epigraphe\">Una imagen de 1988 muestra la construcci\u00f3n de la Pir\u00e1mide de acceso al Louvre. Foto: AFP<\/span><span class=\"bkg\"\/><span class=\"picture-open\"><button class=\"open-image\" aria-label=\"Open Image\"\/><\/span><\/picture><\/div>\n<div class=\"sc-80531b6b-0 chRIGJ container-text text-embed\">\n<p>&#8220;Hay salas que est\u00e1n <strong>regularmente cerradas por falta de personal,<\/strong> y las condiciones de trabajo de los agentes se han degradado, con temperaturas que en ocasiones rondan los 10-12 grados en invierno, y superan los 30 grados en verano&#8221;, a\u00f1adi\u00f3 Galani, quien sostiene que en diez a\u00f1os<strong> se suprimieron m\u00e1s de 200 empleos.<\/strong><\/p>\n<\/div>\n<div class=\"sc-80531b6b-0 chRIGJ container-text text-embed\">\n<p>En 2024, el Louvre recibi\u00f3 96 millones de euros (unos 100 millones de d\u00f3lares) en subvenciones del Estado, indic\u00f3 el Ministerio de Cultura, menos que en 2023 (103 millones de euros) y que en 2022 (111 millones de euros), seg\u00fan cifras del propio museo.<\/p>\n<\/div>\n<div class=\"sc-80531b6b-0 chRIGJ container-text text-embed\">\n<p>Al igual que muchas instituciones p\u00fablicas, el Louvre apuesta cada vez m\u00e1s por potenciar sus recursos propios, recurriendo a una privatizaci\u00f3n creciente de sus espacios, y al mecenazgo.<\/p>\n<\/div>\n<div class=\"sc-80531b6b-0 chRIGJ container-text text-embed\">\n<p>El 4 de marzo, <strong>el museo parisino celebrar\u00e1 la cena anual con sus mecenas<\/strong>, para recaudar fondos, y con la esperanza de que acudan celebridades internacionales y estrellas de las grandes casas de alta costura.<\/p>\n<\/div>\n<\/div>\n<p><br \/>\n<br \/><a href=\"https:\/\/www.clarin.com\/mundo\/louvre-degradado-obsoleto-macron-anuncia-nuevo-renacimiento-museo-nueva-sala-gioconda_0_2BT3BMqUhe.html\">Fuente Clarin.com <\/a><\/p>\n","protected":false},"excerpt":{"rendered":"<p>El presidente franc\u00e9s, Emmanuel Macron, anunci\u00f3 este martes que el famoso cuadro de La Gioconda contar\u00e1 con una nueva sala en el Louvre, en el marco de una serie de anuncios para un &#8220;nuevo renacimiento&#8221; para el museo m\u00e1s visitado del mundo. &#8220;El museo m\u00e1s grande del mundo vive un final de ciclo (&#8230;) Se [&hellip;]<\/p>\n","protected":false},"author":1,"featured_media":15,"comment_status":"open","ping_status":"open","sticky":false,"template":"","format":"standard","meta":{"footnotes":""},"categories":[2],"tags":[13,18,21,12,17,19,14,16,15,20],"class_list":["post-14","post","type-post","status-publish","format-standard","has-post-thumbnail","hentry","category-ultimas-noticias","tag-anuncia","tag-con","tag-gioconda","tag-macron","tag-museo","tag-nueva","tag-nuevo","tag-para","tag-renacimiento","tag-sala"],"_links":{"self":[{"href":"https:\/\/13.com.ar\/index.php\/wp-json\/wp\/v2\/posts\/14","targetHints":{"allow":["GET"]}}],"collection":[{"href":"https:\/\/13.com.ar\/index.php\/wp-json\/wp\/v2\/posts"}],"about":[{"href":"https:\/\/13.com.ar\/index.php\/wp-json\/wp\/v2\/types\/post"}],"author":[{"embeddable":true,"href":"https:\/\/13.com.ar\/index.php\/wp-json\/wp\/v2\/users\/1"}],"replies":[{"embeddable":true,"href":"https:\/\/13.com.ar\/index.php\/wp-json\/wp\/v2\/comments?post=14"}],"version-history":[{"count":0,"href":"https:\/\/13.com.ar\/index.php\/wp-json\/wp\/v2\/posts\/14\/revisions"}],"wp:featuredmedia":[{"embeddable":true,"href":"https:\/\/13.com.ar\/index.php\/wp-json\/wp\/v2\/media\/15"}],"wp:attachment":[{"href":"https:\/\/13.com.ar\/index.php\/wp-json\/wp\/v2\/media?parent=14"}],"wp:term":[{"taxonomy":"category","embeddable":true,"href":"https:\/\/13.com.ar\/index.php\/wp-json\/wp\/v2\/categories?post=14"},{"taxonomy":"post_tag","embeddable":true,"href":"https:\/\/13.com.ar\/index.php\/wp-json\/wp\/v2\/tags?post=14"}],"curies":[{"name":"wp","href":"https:\/\/api.w.org\/{rel}","templated":true}]}}